{"id":18921,"date":"2021-05-20T13:32:07","date_gmt":"2021-05-20T16:32:07","guid":{"rendered":"https:\/\/blogs.correiobraziliense.com.br\/vicente\/?p=18921"},"modified":"2021-05-20T18:25:27","modified_gmt":"2021-05-20T21:25:27","slug":"paulo-guedes-comemora-arrecadacao-recorde-e-parabeniza-fiscais-da-receita","status":"publish","type":"post","link":"https:\/\/blogs.correiobraziliense.com.br\/vicente\/paulo-guedes-comemora-arrecadacao-recorde-e-parabeniza-fiscais-da-receita\/","title":{"rendered":"Paulo Guedes comemora arrecada\u00e7\u00e3o recorde e parabeniza fiscais da Receita"},"content":{"rendered":"<h2><span style=\"font-weight: 400\">ROSANA HESSEL<\/span><\/h2>\n<h2><\/h2>\n<h2><span style=\"font-weight: 400\">Depois da pol\u00eamica em torno da publica\u00e7\u00e3o da portaria que criou o <a href=\"https:\/\/blogs.correiobraziliense.com.br\/vicente\/para-analistas-teto-duplex-mostra-falta-de-coerencia-no-discurso-do-governo\/\">teto duplex que concedeu reajustes de at\u00e9 69% para ministro do governo que s\u00e3o militares da reserva, na contram\u00e3o do discurso de ajuste fiscal<\/a>, o ministro da Economia, Paulo Guedes, reapareceu para comemorar a arrecada\u00e7\u00e3o de impostos, parabenizando os t\u00e9cnicos da Receita Federal, respons\u00e1veis pelo recolhimento dos tributos.<\/span><\/h2>\n<p>&nbsp;<\/p>\n<p><span style=\"font-weight: 400\">\u201cA arrecada\u00e7\u00e3o foi uma surpresa extraordinariamente favor\u00e1vel. Ela \u00e9 uma proxy da atividade econ\u00f4mica da atividade e da recupera\u00e7\u00e3o das empresas\u201d, afirmou Guedes, nesta quinta-feira (20\/05), <a href=\"https:\/\/blogs.correiobraziliense.com.br\/vicente\/arrecadacao-cresce-452-em-abril-e-fisco-tem-melhor-resultado-para-o-mes-desde-1995\/\">ao comentar o crescimento real (descontada a infla\u00e7\u00e3o) de 45,2% na receita total de tributos federais em abril, somando R$ 156,8 bilh\u00f5es, o melhor resultado para o m\u00eas da s\u00e9rie hist\u00f3rica do Fisco, iniciada em 1995.\u00a0<\/a> \u201cIsso \u00e9 um recorde, reafirmando recordes de meses anteriores. O n\u00edvel de arrecada\u00e7\u00e3o no ano \u00e9 recorde e m\u00eas a m\u00eas estamos quebrando recorde atr\u00e1s de recordes\u201d, comemorou, sem comentar que o dado de abril de 2020 tinha um base muito baixa devido \u00e0 recess\u00e3o provocada pela pandemia da covid-19.<\/span><\/p>\n<p>&nbsp;<\/p>\n<p><span style=\"font-weight: 400\">O ministro fez um breve pronunciamento antes da apresenta\u00e7\u00e3o aos jornalistas da an\u00e1lise dos dados da Receita Federal, sem dar espa\u00e7o para perguntas. Ele citou os indicadores positivos do in\u00edcio do ano e aproveitou para elogiar os t\u00e9cnicos do Fisco pelo trabalho e deu parab\u00e9ns a eles. Guedes fez coment\u00e1rios sobre os aumentos expressivos na arrecada\u00e7\u00e3o de diversos tributos cobrados de empresas e dos contribuintes, apesar de o pa\u00eds enfrentar uma segunda onda da pandemia da covid-19, \u201cde enorme ferocidade\u201d.\u00a0\u00a0<\/span><\/p>\n<p>&nbsp;<\/p>\n<p><span style=\"font-weight: 400\">Ao citar, por exemplo, o crescimento, no acumulado do ano, de 20% na receita do Imposto de Renda Pessoa Jur\u00eddica e da Contribui\u00e7\u00e3o Social sobre o Lucro L\u00edquido (IRPJ-CSSL) sobre o volume pago de janeiro a abril de 2020, o ministro foi enf\u00e1tico: \u201cOs lucros das empresas cresceram.\u201d Ele minimizou a alta do d\u00f3lar, que impacta no valor das importa\u00e7\u00f5es, para destacar o salto no ano de 40,2% na receita no Imposto de Importa\u00e7\u00e3o (II) e de 23% no Imposto sobre Produto Industrializado (IPI).<\/span><\/p>\n<p>&nbsp;<\/p>\n<p><strong>&#8220;Sinais vitais&#8221;<\/strong><\/p>\n<p>&nbsp;<\/p>\n<p><span style=\"font-weight: 400\">\u201cEstamos tentando manter os sinais vitais. A economia est\u00e1 se reativando\u201d, disse Guedes, acrescentando que o pa\u00eds \u201cest\u00e1 acelerando as vacinas\u201d, desprezando que os institutos brasileiros Butantan e Fiocruz est\u00e3o, atualmente, com suas respectivas produ\u00e7\u00f5es paralisadas. \u201cO Brasil vai ampliar a produ\u00e7\u00e3o local de vacinas em poucos meses. E, ao mesmo tempo, estamos aumentando as importa\u00e7\u00f5es de todos os tipos de vacina\u201d, disse.<\/span><\/p>\n<p>&nbsp;<\/p>\n<p><span style=\"font-weight: 400\">De acordo com Guedes, o governo tem um &#8220;duplo compromisso\u201d: enfrentar a guerra da sa\u00fade e o esfor\u00e7o de recupera\u00e7\u00e3o da economia. \u201c\u00c9 um esfor\u00e7o de guerra e quero parabenizar os brasileiros pela resili\u00eancia. tem sido muito dif\u00edcil estarmos perdendo amigos e familiares (para a pandemia). Muitos amigos perderam renda e emprego. Mas h\u00e1 sinais de que estamos nos recuperando gradualmente\u201d, acrescentou.\u00a0<\/span><\/p>\n<p>&nbsp;<\/p>\n<p>&nbsp;<\/p>\n<p><span style=\"font-weight: 400\">O ministro reafirmou a necessidade da vacina\u00e7\u00e3o em massa e da continuidade da agenda de consolida\u00e7\u00e3o fiscal, que, segundo ele, est\u00e1 em curso.\u00a0 \u201cA vacina\u00e7\u00e3o, de um lado, \u00e9 importante para garantir o retorno seguro ao trabalho. Somos o \u00fanico pa\u00eds do mundo que segue com reformas estruturais e, ao mesmo tempo, vem combatendo a pandemia\u201d, disse. <\/span><\/p>\n<p>&nbsp;<\/p>\n<p><span style=\"font-weight: 400\">Guedes voltou a afirmar que o compromisso dos ajustes, mas n\u00e3o criticou a portaria de sua pasta que concedeu reajuste de 6% acima do teto do funcionalismo, de R$ 39,2 mil, para o presidente Jair Bolsonaro, e de mais de 60% para os ministros mais pr\u00f3ximos do chefe do Executivo. A medida permite um teto duplo para militares da reserva que tenham cargos no Executivo, ou seja, de at\u00e9 R$ 78,4 mil. Enquanto isso, existe um ex\u00e9rcito de mais de 14 milh\u00f5es de desempregados e muitos deles sequer recebem o novo aux\u00edlio emerg\u00eancia, de R$ 150, que vem sendo pago para a grande a maioria.<\/span><\/p>\n","protected":false},"excerpt":{"rendered":"<p>ROSANA HESSEL Depois da pol\u00eamica em torno da publica\u00e7\u00e3o da portaria que criou o teto duplex que concedeu reajustes de at\u00e9 69% para ministro do governo que s\u00e3o militares da reserva, na contram\u00e3o do discurso de ajuste fiscal, o ministro da Economia, Paulo Guedes, reapareceu para comemorar a arrecada\u00e7\u00e3o de impostos, parabenizando os t\u00e9cnicos da [&hellip;]<\/p>\n","protected":false},"author":22,"featured_media":10371,"comment_status":"open","ping_status":"closed","sticky":false,"template":"","format":"standard","meta":{"footnotes":""},"categories":[600],"tags":[297,3840,4624,4510,3613,8],"class_list":["post-18921","post","type-post","status-publish","format-standard","has-post-thumbnail","hentry","category-economia","tag-arrecadacao","tag-atividade","tag-ministro-da-economia","tag-pandemia","tag-paulo-guedes","tag-receita-federal"],"_links":{"self":[{"href":"https:\/\/blogs.correiobraziliense.com.br\/vicente\/wp-json\/wp\/v2\/posts\/18921","targetHints":{"allow":["GET"]}}],"collection":[{"href":"https:\/\/blogs.correiobraziliense.com.br\/vicente\/wp-json\/wp\/v2\/posts"}],"about":[{"href":"https:\/\/blogs.correiobraziliense.com.br\/vicente\/wp-json\/wp\/v2\/types\/post"}],"author":[{"embeddable":true,"href":"https:\/\/blogs.correiobraziliense.com.br\/vicente\/wp-json\/wp\/v2\/users\/22"}],"replies":[{"embeddable":true,"href":"https:\/\/blogs.correiobraziliense.com.br\/vicente\/wp-json\/wp\/v2\/comments?post=18921"}],"version-history":[{"count":5,"href":"https:\/\/blogs.correiobraziliense.com.br\/vicente\/wp-json\/wp\/v2\/posts\/18921\/revisions"}],"predecessor-version":[{"id":18926,"href":"https:\/\/blogs.correiobraziliense.com.br\/vicente\/wp-json\/wp\/v2\/posts\/18921\/revisions\/18926"}],"wp:featuredmedia":[{"embeddable":true,"href":"https:\/\/blogs.correiobraziliense.com.br\/vicente\/wp-json\/wp\/v2\/media\/10371"}],"wp:attachment":[{"href":"https:\/\/blogs.correiobraziliense.com.br\/vicente\/wp-json\/wp\/v2\/media?parent=18921"}],"wp:term":[{"taxonomy":"category","embeddable":true,"href":"https:\/\/blogs.correiobraziliense.com.br\/vicente\/wp-json\/wp\/v2\/categories?post=18921"},{"taxonomy":"post_tag","embeddable":true,"href":"https:\/\/blogs.correiobraziliense.com.br\/vicente\/wp-json\/wp\/v2\/tags?post=18921"}],"curies":[{"name":"wp","href":"https:\/\/api.w.org\/{rel}","templated":true}]}}