{"id":18889,"date":"2021-05-18T13:19:35","date_gmt":"2021-05-18T16:19:35","guid":{"rendered":"https:\/\/blogs.correiobraziliense.com.br\/vicente\/?p=18889"},"modified":"2021-05-18T14:21:49","modified_gmt":"2021-05-18T17:21:49","slug":"adolfo-sachsida-volta-a-defender-a-vacinacao-em-massa-e-faz-elogio-ao-governo","status":"publish","type":"post","link":"https:\/\/blogs.correiobraziliense.com.br\/vicente\/adolfo-sachsida-volta-a-defender-a-vacinacao-em-massa-e-faz-elogio-ao-governo\/","title":{"rendered":"Adolfo Sachsida volta a defender a vacina\u00e7\u00e3o em massa e faz elogio ao governo"},"content":{"rendered":"<h2>ROSANA HESSEL<\/h2>\n<h2><\/h2>\n<h2>O secret\u00e1rio de Pol\u00edtica Econ\u00f4mica do Minist\u00e9rio da Economia, Adolfo Sachsida, voltou a defender a vacina\u00e7\u00e3o em massa contra a covid-19 como melhor medida para que a economia volte a crescer de forma mais robusta. No entanto, evitou fazer cr\u00edticas ao atraso no programa de vacina\u00e7\u00e3o e\u00a0 <a href=\"https:\/\/www.correiobraziliense.com.br\/politica\/2021\/05\/4925014-bolsonaro-volta-a-criticar-quem-cumpre-isolamento-idiotas.html\">ao presidente Jair Bolsonaro, que chamou de &#8220;idiotas&#8221; os brasileiros que ficam em casa esperando o imunizante<\/a>.<\/h2>\n<p>&nbsp;<\/p>\n<p>&#8220;A melhor pol\u00edtica econ\u00f4mica \u00e9 a vacina\u00e7\u00e3o em massa&#8221;, reafirmou o titular da SPE, nesta ter\u00e7a-feira (18\/05), durante apresenta\u00e7\u00e3o virtual a jornalistas do<a href=\"https:\/\/blogs.correiobraziliense.com.br\/vicente\/economia-eleva-de-32-para-35-previsao-de-crescimento-do-pib\/\"> Boletim Macro fiscal, no qual elevou de 3,2% para 3,5% a previs\u00e3o de crescimento do Produto Interno Bruto (PIB) e piorou as proje\u00e7\u00f5es de infla\u00e7\u00e3o<\/a>. Em mar\u00e7o, quando apresentou o boletim anterior, o<a href=\"https:\/\/www.correiobraziliense.com.br\/economia\/2021\/03\/4912384--a-vacinacao-e-melhor-politica-economica-do-governo-diz-sachsida.html\"> secret\u00e1rio disse a mesma frase.\u00a0<\/a> Ele insistiu que a consolida\u00e7\u00e3o fiscal e o avan\u00e7o da agenda de reformas pr\u00f3-mercado ser\u00e3o importantes para garantir a continuidade do crescimento econ\u00f4mico a longo prazo.<\/p>\n<p>&nbsp;<\/p>\n<p>A produ\u00e7\u00e3o das vacinas no pa\u00eds foi interrompida nos institutos Butantan e Fiocruz pela falta de insumos, gerando riscos maiores para a popula\u00e7\u00e3o e, consequentemente, a retomada da economia, porque o ritmo de vacina\u00e7\u00e3o dever\u00e1 diminuir a partir de junho, segundo especialistas. E, de acordo com analistas, <a href=\"https:\/\/blogs.correiobraziliense.com.br\/vicente\/para-analistas-teto-duplex-mostra-falta-de-coerencia-no-discurso-do-governo\/\">medidas recentes do governo n\u00e3o s\u00e3o coerentes com o discurso do governo na consolida\u00e7\u00e3o fiscal, como \u00e9 o caso da portaria do teto duplex, do Minist\u00e9rio da Economia.<\/a><\/p>\n<p>&nbsp;<\/p>\n<p>Ao\u00a0ser questionado sobre a falta de coer\u00eancia no discurso do governo sobre a vacina\u00e7\u00e3o e a consolida\u00e7\u00e3o fiscal durante a apresenta\u00e7\u00e3o do Boletim, Sachsida evitou falar sobre o assunto e preferiu elogiar o governo e focar a fala na agenda de reformas.\u00a0\u00a0O chefe da SPE \u00e9 um dos maiores defensores dentro do governo do combate \u00e0 m\u00e1 aloca\u00e7\u00e3o dos recursos p\u00fablicos, sequer criticou a portaria do teto duplex, que concede reajustes a ministros de at\u00e9 69%, publicada no \u00faltimo dia 31 no <em>Di\u00e1rio Oficial da Uni\u00e3o<\/em>.<\/p>\n<p>&nbsp;<\/p>\n<p>&#8220;Eu quero destacar que o presidente Jair Bolsonaro foi eleito com uma pauta econ\u00f4mica pr\u00f3-mercado e o presidente apoia essa pauta. Basta ver que temos o ministro da Economia (Paulo Guedes) mais identificado com a ideia do liberalismo econ\u00f4mico&#8221;, disse Sachsida. &#8220;Ent\u00e3o, temos um presidente que foi eleito com uma pauta econ\u00f4mica de reforma e um ministro conhecido. E os nossos atos mostram que temos avan\u00e7ado na pauta de reforma e de consolida\u00e7\u00e3o fiscal desde 2019&#8221;, acrescentou o titular da SPE, citando a reforma da Previd\u00eancia e o leil\u00e3o da cess\u00e3o onerosa, ocorridos em 2019, como medidas nesse sentido e destacou que, em breve ser\u00e3o aprovados a nova lei cambial e a nova lei de cabotagem, que est\u00e1 em tramita\u00e7\u00e3o no Congresso.<\/p>\n<p>&nbsp;<\/p>\n<p>Na avalia\u00e7\u00e3o do secret\u00e1rio, as pautas de reformas econ\u00f4micas e de consolida\u00e7\u00e3o fiscal est\u00e3o avan\u00e7ando. &#8220;H\u00e1 v\u00e1rias medidas demonstrando o compromisso do governo, n\u00e3o apenas com a pauta de reformas.\u00a0 Conseguimos avan\u00e7ar na pauta de consolida\u00e7\u00e3o fiscal durante a pandemia e vamos continuar avan\u00e7ando&#8221;, garantiu. Ele mencionou a aprova\u00e7\u00e3o da Proposta de Emenda Constitucional (PEC) Emergencial, que \u00e9 criticada por especialistas por ter sido muito desidratada, como &#8220;um novo arcabou\u00e7o fiscal&#8221; que mostra o compromisso do governo com essa agenda.<\/p>\n<p>&nbsp;<\/p>\n<p>Vale lembrar que entre as promessas n\u00e3o cumpridas do ministro da Economia, Paulo Guedes, destacam-se: zerar o deficit prim\u00e1rio no primeiro ano de governo,\u00a0 arrecadar R$ 1 trilh\u00e3o com as privatiza\u00e7\u00f5es e andar rapidamente com as reformas tribut\u00e1ria e administrativa, assim que a reforma da Previd\u00eancia fosse aprovada.<\/p>\n<p>&nbsp;<\/p>\n<p>Ao comentar sobre o Boletim e as novas revis\u00f5es, consideradas por ele conservadoras, o chefe da SPE elencou como riscos de curto prazo a pandemia, o fiscal e o hidrol\u00f3gico. &#8220;Tem implica\u00e7\u00f5es sobre o crescimento econ\u00f4mico o risco hidrol\u00f3gico. Estamos com na bandeira vermelha 1 e, se (esse risco) persistir, podemos ir para a 2. E tem sim um risco na infla\u00e7\u00e3o decorrente disso&#8221;, admitiu Sachsida.\u00a0 Segundo ele, os riscos do capital humano, devido ao impacto negativo para jovens e crian\u00e7as de um ano sem aulas presenciais, e o\u00a0do endividamento das fam\u00edlias e do governo, s\u00e3o outros desafios de longo prazo que precisam ser enfrentados.<\/p>\n<p>&nbsp;<\/p>\n","protected":false},"excerpt":{"rendered":"<p>ROSANA HESSEL O secret\u00e1rio de Pol\u00edtica Econ\u00f4mica do Minist\u00e9rio da Economia, Adolfo Sachsida, voltou a defender a vacina\u00e7\u00e3o em massa contra a covid-19 como melhor medida para que a economia volte a crescer de forma mais robusta. No entanto, evitou fazer cr\u00edticas ao atraso no programa de vacina\u00e7\u00e3o e\u00a0 ao presidente Jair Bolsonaro, que chamou [&hellip;]<\/p>\n","protected":false},"author":22,"featured_media":11679,"comment_status":"open","ping_status":"closed","sticky":false,"template":"","format":"standard","meta":{"footnotes":""},"categories":[600],"tags":[2858,5470,3666,58,2853,3894,3718],"class_list":["post-18889","post","type-post","status-publish","format-standard","has-post-thumbnail","hentry","category-economia","tag-adolfo-sachsida","tag-consolidacao-fiscal","tag-ministerio-da-economia","tag-pib","tag-riscos","tag-spe","tag-vacinacao"],"_links":{"self":[{"href":"https:\/\/blogs.correiobraziliense.com.br\/vicente\/wp-json\/wp\/v2\/posts\/18889","targetHints":{"allow":["GET"]}}],"collection":[{"href":"https:\/\/blogs.correiobraziliense.com.br\/vicente\/wp-json\/wp\/v2\/posts"}],"about":[{"href":"https:\/\/blogs.correiobraziliense.com.br\/vicente\/wp-json\/wp\/v2\/types\/post"}],"author":[{"embeddable":true,"href":"https:\/\/blogs.correiobraziliense.com.br\/vicente\/wp-json\/wp\/v2\/users\/22"}],"replies":[{"embeddable":true,"href":"https:\/\/blogs.correiobraziliense.com.br\/vicente\/wp-json\/wp\/v2\/comments?post=18889"}],"version-history":[{"count":6,"href":"https:\/\/blogs.correiobraziliense.com.br\/vicente\/wp-json\/wp\/v2\/posts\/18889\/revisions"}],"predecessor-version":[{"id":18895,"href":"https:\/\/blogs.correiobraziliense.com.br\/vicente\/wp-json\/wp\/v2\/posts\/18889\/revisions\/18895"}],"wp:featuredmedia":[{"embeddable":true,"href":"https:\/\/blogs.correiobraziliense.com.br\/vicente\/wp-json\/wp\/v2\/media\/11679"}],"wp:attachment":[{"href":"https:\/\/blogs.correiobraziliense.com.br\/vicente\/wp-json\/wp\/v2\/media?parent=18889"}],"wp:term":[{"taxonomy":"category","embeddable":true,"href":"https:\/\/blogs.correiobraziliense.com.br\/vicente\/wp-json\/wp\/v2\/categories?post=18889"},{"taxonomy":"post_tag","embeddable":true,"href":"https:\/\/blogs.correiobraziliense.com.br\/vicente\/wp-json\/wp\/v2\/tags?post=18889"}],"curies":[{"name":"wp","href":"https:\/\/api.w.org\/{rel}","templated":true}]}}