{"id":18874,"date":"2021-05-18T09:56:38","date_gmt":"2021-05-18T12:56:38","guid":{"rendered":"https:\/\/blogs.correiobraziliense.com.br\/vicente\/?p=18874"},"modified":"2021-05-18T11:36:04","modified_gmt":"2021-05-18T14:36:04","slug":"economia-eleva-de-32-para-35-previsao-de-crescimento-do-pib","status":"publish","type":"post","link":"https:\/\/blogs.correiobraziliense.com.br\/vicente\/economia-eleva-de-32-para-35-previsao-de-crescimento-do-pib\/","title":{"rendered":"Economia eleva de 3,2% para 3,5% previs\u00e3o de crescimento do PIB"},"content":{"rendered":"<h2>ROSANA HESSEL<\/h2>\n<h2><\/h2>\n<h2>O Minist\u00e9rio da Economia elevou de 3,2% para 3,5% a previs\u00e3o de crescimento do Produto Interno Bruto (PIB) de 2021, devido ao &#8220;bom resultado da atividade econ\u00f4mica no primeiro trimestre do ano, mesmo\u00a0diante do aumento das regras legais de distanciamento\u00a0e a despeito do fim do aux\u00edlio emergencial&#8221;. O \u00f3rg\u00e3o, por sua vez, piorou as previs\u00f5es de infla\u00e7\u00e3o.<\/h2>\n<p>&nbsp;<\/p>\n<p>A nova estimativa consta do Boletim Macro Fiscal da Secretaria de Pol\u00edtica Econ\u00f4mica (SPE) do Minist\u00e9rio da Economia, divulgado nesta ter\u00e7a-feira (18\/05).\u00a0 &#8220;As novas proje\u00e7\u00f5es para o PIB acaba sendo reflexo desses novos dados da nossa atividade&#8221;, afirmou o novo secret\u00e1rio especial da Fazenda, Bruno Funchal, na abertura da apresenta\u00e7\u00e3o dos dados do relat\u00f3rio.<\/p>\n<p>&nbsp;<\/p>\n<p>&#8221;\u00a0As medidas tomadas pelo governo federal em conjunto com o Congresso Nacional\u00a0continuam relevantes para mitigar os fortes<br \/>\nefeitos negativos da pandemia na economia\u00a0brasileira&#8221;, destacou o documento que refor\u00e7ou a import\u00e2ncia do processo de imuniza\u00e7\u00e3o da popula\u00e7\u00e3o contra a covid-19 e do controle das contas p\u00fablicas.\u00a0\u00a0 &#8220;A vacina\u00e7\u00e3o em massa, a consolida\u00e7\u00e3o fiscal e as reformas pr\u00f3-mercado, todas em curso, pavimentar\u00e3o o caminho para\u00a0um crescimento sustent\u00e1vel que d\u00ea suporte\u00a0a emprego, renda e maior n\u00edvel de bem-estar\u00a0da popula\u00e7\u00e3o brasileira&#8221;, adicionou.<\/p>\n<p>&nbsp;<\/p>\n<p>O secret\u00e1rio Aldolfo Sachsida, titular da SPE, considerou a nova previs\u00e3o do governo mais conservadora e descartou cen\u00e1rio de estagfla\u00e7\u00e3o. &#8220;No momento atual da economia brasileira, n\u00e3o faz sentido&#8221;, disse. Para ele, o momento de revis\u00f5es para cima que est\u00e1 atravessando o mercado reflete o &#8220;bom momento econ\u00f4mico&#8221;.\u00a0 &#8220;A nossa proje\u00e7\u00e3o \u00e9 conservadora. Temos v\u00e1rios analistas de mercado prevendo crescimento acima de 4%&#8221;, disse.<\/p>\n<p>&nbsp;<\/p>\n<p>Sachsida ainda fez quest\u00e3o de criticar analistas que veem estagna\u00e7\u00e3o econ\u00f4mica em um cen\u00e1rio com mais infla\u00e7\u00e3o como o atual, j\u00e1 que o carregamento estat\u00edstico do PIB de 2020 para o de 2021 \u00e9 elevado. Para ele, \u00e9 um erro esse tipo de compara\u00e7\u00e3o. &#8220;N\u00e3o \u00e9 poss\u00edvel falar em estagna\u00e7\u00e3o econ\u00f4mica em um pa\u00eds com taxa de crescimento anual de 3%&#8221;, frisou. Ao ser questionado sobre o assunto, o secret\u00e1rio chegou a afirmar que, quando h\u00e1 estagna\u00e7\u00e3o da economia, o PIB cai.<\/p>\n<p>&nbsp;<\/p>\n<p>Pelas proje\u00e7\u00f5es do mercado, a heran\u00e7a do carregamento estat\u00edstico do PIB do ano passado para o deste ano gira em torno de 3,6%. E, de acordo com o subsecret\u00e1rio Erik Figueiredo, esse indicador \u00e9 de 3,26%, pelos c\u00e1lculos da SPE.<\/p>\n<p>&nbsp;<\/p>\n<p>&nbsp;<\/p>\n<p><strong>Infla\u00e7\u00e3o mais salgada<\/strong><\/p>\n<p>&nbsp;<\/p>\n<p>Os t\u00e9cnicos da pasta mantiveram a previs\u00e3o para de alta de 2,5% para o PIB durante o per\u00edodo de 2022 a 2025. J\u00e1 a previs\u00e3o de infla\u00e7\u00e3o oficial, medida pelo \u00cdndice de Pre\u00e7os ao Consumidor Amplo (IPCA), passou de 4,42%, no relat\u00f3rio de mar\u00e7o, para 5,05%, mesma taxa para o \u00cdndice de Pre\u00e7os Nacional Ao Consumidor (INPC), utilizado para a corre\u00e7\u00e3o do sal\u00e1rio m\u00ednimo.<\/p>\n<p>&nbsp;<\/p>\n<p>No acumulado em 12 meses at\u00e9 abril, o IPCA registrou alta de 6,76%. Enquanto isso, <a href=\"https:\/\/blogs.correiobraziliense.com.br\/vicente\/inflacao-dos-mais-pobres-acumula-alta-de-759-em-12-meses-ate-abril\/\">o INPC, que mede a infla\u00e7\u00e3o dos mais pobres, saltou 7,59%.\u00a0<\/a> Para 2022, a SPE prev\u00ea alta de 3,5% tanto para o IPCA quanto para o INPC.<\/p>\n<p>&nbsp;<\/p>\n<p>A SPE finalmente admitiu a infla\u00e7\u00e3o de dois d\u00edgitos para o \u00cdndice Geral de Pre\u00e7os Disponibilidade Interna (IGP-DI), indicador que capta melhor os pre\u00e7os no atacado e a varia\u00e7\u00e3o cambial. A previs\u00e3o passou de 5,06%, no relat\u00f3rio de mar\u00e7o, para 15,21%, neste m\u00eas.<\/p>\n<p>&nbsp;<\/p>\n<p>&nbsp;<\/p>\n<p>&nbsp;<\/p>\n","protected":false},"excerpt":{"rendered":"<p>ROSANA HESSEL O Minist\u00e9rio da Economia elevou de 3,2% para 3,5% a previs\u00e3o de crescimento do Produto Interno Bruto (PIB) de 2021, devido ao &#8220;bom resultado da atividade econ\u00f4mica no primeiro trimestre do ano, mesmo\u00a0diante do aumento das regras legais de distanciamento\u00a0e a despeito do fim do aux\u00edlio emergencial&#8221;. O \u00f3rg\u00e3o, por sua vez, piorou [&hellip;]<\/p>\n","protected":false},"author":22,"featured_media":17184,"comment_status":"open","ping_status":"closed","sticky":false,"template":"","format":"standard","meta":{"footnotes":""},"categories":[600],"tags":[14,3666,58,3894],"class_list":["post-18874","post","type-post","status-publish","format-standard","has-post-thumbnail","hentry","category-economia","tag-inflacao","tag-ministerio-da-economia","tag-pib","tag-spe"],"_links":{"self":[{"href":"https:\/\/blogs.correiobraziliense.com.br\/vicente\/wp-json\/wp\/v2\/posts\/18874","targetHints":{"allow":["GET"]}}],"collection":[{"href":"https:\/\/blogs.correiobraziliense.com.br\/vicente\/wp-json\/wp\/v2\/posts"}],"about":[{"href":"https:\/\/blogs.correiobraziliense.com.br\/vicente\/wp-json\/wp\/v2\/types\/post"}],"author":[{"embeddable":true,"href":"https:\/\/blogs.correiobraziliense.com.br\/vicente\/wp-json\/wp\/v2\/users\/22"}],"replies":[{"embeddable":true,"href":"https:\/\/blogs.correiobraziliense.com.br\/vicente\/wp-json\/wp\/v2\/comments?post=18874"}],"version-history":[{"count":11,"href":"https:\/\/blogs.correiobraziliense.com.br\/vicente\/wp-json\/wp\/v2\/posts\/18874\/revisions"}],"predecessor-version":[{"id":18885,"href":"https:\/\/blogs.correiobraziliense.com.br\/vicente\/wp-json\/wp\/v2\/posts\/18874\/revisions\/18885"}],"wp:featuredmedia":[{"embeddable":true,"href":"https:\/\/blogs.correiobraziliense.com.br\/vicente\/wp-json\/wp\/v2\/media\/17184"}],"wp:attachment":[{"href":"https:\/\/blogs.correiobraziliense.com.br\/vicente\/wp-json\/wp\/v2\/media?parent=18874"}],"wp:term":[{"taxonomy":"category","embeddable":true,"href":"https:\/\/blogs.correiobraziliense.com.br\/vicente\/wp-json\/wp\/v2\/categories?post=18874"},{"taxonomy":"post_tag","embeddable":true,"href":"https:\/\/blogs.correiobraziliense.com.br\/vicente\/wp-json\/wp\/v2\/tags?post=18874"}],"curies":[{"name":"wp","href":"https:\/\/api.w.org\/{rel}","templated":true}]}}