{"id":18859,"date":"2021-05-17T15:15:43","date_gmt":"2021-05-17T18:15:43","guid":{"rendered":"https:\/\/blogs.correiobraziliense.com.br\/vicente\/?p=18859"},"modified":"2021-05-17T16:12:08","modified_gmt":"2021-05-17T19:12:08","slug":"gasolina-comeca-a-semana-com-o-litro-a-r-6099-etanol-passa-de-r-470","status":"publish","type":"post","link":"https:\/\/blogs.correiobraziliense.com.br\/vicente\/gasolina-comeca-a-semana-com-o-litro-a-r-6099-etanol-passa-de-r-470\/","title":{"rendered":"Gasolina come\u00e7a a semana com o litro a R$ 6,099. Etanol passa de R$ 4,70"},"content":{"rendered":"<h2>A semana come\u00e7ou com um soco no bolso dos consumidores. V\u00e1rios postos elevaram os pre\u00e7os da gasolina para R$ 6,099 o litro, deixando muitos motoristas at\u00f4nitos. Duas s\u00e3o as justificativas: a disparada dos pre\u00e7os do etanol e a suspens\u00e3o dos descontos dados pelas distribuidoras.<\/h2>\n<p>&nbsp;<\/p>\n<p>Segundo Paulo Tavares , presidente do\u00a0Sindicato do Com\u00e9rcio Varejista de Combust\u00edveis e de Lubrificantes do Distrito Federal (Sindicombust\u00edveis-DF), somente neste \u00faltimo fim de semana, o litro do etanol ficou R$ 0,30 mais caro. O impacto nas bombas foi de R$ 0,20.<\/p>\n<p>&nbsp;<\/p>\n<p>&#8220;Foi o segundo fim de semana de aumento do etanol. Como o \u00e1lcool representa 27% da mistura da gasolina, n\u00e3o h\u00e1 como n\u00e3o repassar (para os motoristas)&#8221;, diz Tavares. Ele ressalta que a forte alta do pre\u00e7o do etanol decorre da quebra da safra da cana-de a\u00e7\u00facar por causa da estiagem.<\/p>\n<p>&nbsp;<\/p>\n<p>A situa\u00e7\u00e3o est\u00e1 t\u00e3o complicada, afirma Tavares, que h\u00e1 postos em v\u00e1rias cidades do interior do pa\u00eds sem gasolina e sem etanol. E n\u00e3o h\u00e1 perspectiva de regulariza\u00e7\u00e3o t\u00e3o cedo. A nova safra de cana-de-a\u00e7\u00facar, que deveria estar sendo colhida em maio, s\u00f3 dever\u00e1 chegar \u00e0s usinas em julho.<\/p>\n<p>&nbsp;<\/p>\n<p>Portanto, os consumidores devem se preparar para mais aumentos dos pre\u00e7os do \u00e1lcool e da gasolina. &#8220;Desta vez, a culpa n\u00e3o \u00e9 da Petrobras. Os problemas est\u00e3o no mercado de \u00e1lcool&#8221;, frisa o presidente do Sindicombust\u00edveis-DF. H\u00e1 postos em Bras\u00edlia em que o litro do etanol passa de R$ 4,70.<\/p>\n<p>&nbsp;<\/p>\n<p><em>Bras\u00edlia, 15h15min<\/em><\/p>\n","protected":false},"excerpt":{"rendered":"<p>A semana come\u00e7ou com um soco no bolso dos consumidores. V\u00e1rios postos elevaram os pre\u00e7os da gasolina para R$ 6,099 o litro, deixando muitos motoristas at\u00f4nitos. Duas s\u00e3o as justificativas: a disparada dos pre\u00e7os do etanol e a suspens\u00e3o dos descontos dados pelas distribuidoras. &nbsp; Segundo Paulo Tavares , presidente do\u00a0Sindicato do Com\u00e9rcio Varejista de [&hellip;]<\/p>\n","protected":false},"author":22,"featured_media":12590,"comment_status":"open","ping_status":"closed","sticky":false,"template":"","format":"standard","meta":{"footnotes":""},"categories":[600],"tags":[5466,5467,589,4943,5465,4547],"class_list":["post-18859","post","type-post","status-publish","format-standard","has-post-thumbnail","hentry","category-economia","tag-099-etanol-passa-de-r-4","tag-5467","tag-economia","tag-financas","tag-gasolina-comeca-a-semana-com-o-litro-a-r-6","tag-negocios"],"_links":{"self":[{"href":"https:\/\/blogs.correiobraziliense.com.br\/vicente\/wp-json\/wp\/v2\/posts\/18859","targetHints":{"allow":["GET"]}}],"collection":[{"href":"https:\/\/blogs.correiobraziliense.com.br\/vicente\/wp-json\/wp\/v2\/posts"}],"about":[{"href":"https:\/\/blogs.correiobraziliense.com.br\/vicente\/wp-json\/wp\/v2\/types\/post"}],"author":[{"embeddable":true,"href":"https:\/\/blogs.correiobraziliense.com.br\/vicente\/wp-json\/wp\/v2\/users\/22"}],"replies":[{"embeddable":true,"href":"https:\/\/blogs.correiobraziliense.com.br\/vicente\/wp-json\/wp\/v2\/comments?post=18859"}],"version-history":[{"count":1,"href":"https:\/\/blogs.correiobraziliense.com.br\/vicente\/wp-json\/wp\/v2\/posts\/18859\/revisions"}],"predecessor-version":[{"id":18860,"href":"https:\/\/blogs.correiobraziliense.com.br\/vicente\/wp-json\/wp\/v2\/posts\/18859\/revisions\/18860"}],"wp:featuredmedia":[{"embeddable":true,"href":"https:\/\/blogs.correiobraziliense.com.br\/vicente\/wp-json\/wp\/v2\/media\/12590"}],"wp:attachment":[{"href":"https:\/\/blogs.correiobraziliense.com.br\/vicente\/wp-json\/wp\/v2\/media?parent=18859"}],"wp:term":[{"taxonomy":"category","embeddable":true,"href":"https:\/\/blogs.correiobraziliense.com.br\/vicente\/wp-json\/wp\/v2\/categories?post=18859"},{"taxonomy":"post_tag","embeddable":true,"href":"https:\/\/blogs.correiobraziliense.com.br\/vicente\/wp-json\/wp\/v2\/tags?post=18859"}],"curies":[{"name":"wp","href":"https:\/\/api.w.org\/{rel}","templated":true}]}}