{"id":18856,"date":"2021-05-17T09:31:36","date_gmt":"2021-05-17T12:31:36","guid":{"rendered":"https:\/\/blogs.correiobraziliense.com.br\/vicente\/?p=18856"},"modified":"2021-05-17T15:42:35","modified_gmt":"2021-05-17T18:42:35","slug":"bolsonaro-governa-por-procuracao-e-centrao-faz-a-festa","status":"publish","type":"post","link":"https:\/\/blogs.correiobraziliense.com.br\/vicente\/bolsonaro-governa-por-procuracao-e-centrao-faz-a-festa\/","title":{"rendered":"Bolsonaro governa por procura\u00e7\u00e3o e Centr\u00e3o faz a festa"},"content":{"rendered":"<h2>ANTONIO MACHADO<\/h2>\n<h2><\/h2>\n<h2>N\u00e3o h\u00e1 um \u00fanico evento ou respons\u00e1vel solit\u00e1rio pelo atoleiro em que se enfiou o Brasil. Do desgoverno da pandemia \u00e0 economia empacada sem criar empregos nem gerar renda alinhada ao ritmo demogr\u00e1fico, sem acompanhar as transforma\u00e7\u00f5es tecnol\u00f3gicas e modelos de gest\u00e3o e de neg\u00f3cios que lhe s\u00e3o inerentes \u2014 tudo isso vem de longe.<\/h2>\n<p>&nbsp;<\/p>\n<p>O presidente Jair Bolsonaro \u00e9 a consequ\u00eancia da estagna\u00e7\u00e3o que j\u00e1 dura 40 anos, com tend\u00eancia de regress\u00e3o desde a grande crise global de 2008, assim como Lula fora em 2002, e poder\u00e1 voltar a s\u00ea-lo em 2022, devido \u00e0 incapacidade da coaliz\u00e3o reducionista que nos governa de reformar a governan\u00e7a do Estado e de p\u00f4r pilha no dinamismo empresarial.<\/p>\n<p>&nbsp;<\/p>\n<p>Dois equ\u00edvocos est\u00e3o claros, embora pouco compreendidos. Primeiro \u00e9 o desconforto do governante com a faina administrativa, raz\u00e3o de estar sempre desviando a aten\u00e7\u00e3o sobre suas responsabilidades e apontando o dedo para inimigos. Tal estilo foi transformado pelas lideran\u00e7as experientes dos partidos que vivem de favores e de nacos de fundos p\u00fablicos na rara oportunidade de governar por procura\u00e7\u00e3o, dirigindo o que \u00e9 mais caro ao governo: a execu\u00e7\u00e3o or\u00e7ament\u00e1ria.<\/p>\n<p>&nbsp;<\/p>\n<p>Como partidos despreocupados com a imagem que lhe tem o eleitor e as sequelas de suas a\u00e7\u00f5es, o \u00f4nus dessa parceria soa leve: deixar aprovar a pauta revisionista do bolsonarismo, como compensa\u00e7\u00e3o aos projetos dos setores mais atrasados da economia, tipo o desmonte da legisla\u00e7\u00e3o ambiental, a permiss\u00e3o para a criminosa titulariza\u00e7\u00e3o de terras p\u00fablicas invadidas na Amaz\u00f4nia, a vandaliza\u00e7\u00e3o de reservas ind\u00edgenas pelo garimpo, refazer sem discuss\u00e3o a revis\u00e3o tribut\u00e1ria.<\/p>\n<p>&nbsp;<\/p>\n<p><strong>Reformas para retroceder<\/strong><\/p>\n<p>&nbsp;<\/p>\n<p>Bolsonaro pode ter d\u00favidas sobre onde quer chegar, mas o Centr\u00e3o que lhe deu sobreviva sabe bem. J\u00e1 esvaziou o direito de express\u00e3o da minoria na C\u00e2mara, ao dificultar a pr\u00e1tica da obstru\u00e7\u00e3o e do tempo de fala. E investe, agora, para mudar a legisla\u00e7\u00e3o eleitoral a fim de facilitar a reelei\u00e7\u00e3o dos \u201cpar\u00e7as\u201d e a oligarquia pol\u00edtica.<\/p>\n<p>&nbsp;<\/p>\n<p>O presidente da C\u00e2mara, Arthur Lira, abra\u00e7ou tamb\u00e9m a \u201ccausa\u201d do voto impresso, como quer Bolsonaro para, diz ele, impedir \u201cfraude com as urnas eletr\u00f4nicas\u201d, que n\u00e3o seriam audit\u00e1veis. Isso \u00e9 falso. O processo tem 25 anos e nunca se comprovou nada que o desabone. Se aprovado, implicar\u00e1 a volta do voto de cabresto e outros ardis.<\/p>\n<p>&nbsp;<\/p>\n<p>N\u00e3o s\u00e3o reformas, s\u00e3o retrocessos, sobretudo nas \u00e1reas ambiental e da governan\u00e7a p\u00fablica, em claro conflito com o previsto nos acordos do clima e pelo chamado ESG, acr\u00f4nimo em ingl\u00eas de Environmental, Social and Governance \u2014 regras de boas pr\u00e1ticas de gest\u00e3o privada e governamental. Elas recebem a ades\u00e3o crescente de grandes empresas e investidores internacionais.<\/p>\n<p>&nbsp;<\/p>\n<p>Se o revisionismo for endossado pelo Congresso, o custo a ser pago pelo pa\u00eds ser\u00e1 alto. A possibilidade que se apresenta \u00e9 de o Senado (menos exposto ao \u201cbolsol\u00e3o\u201d governista) conter os disparates.<\/p>\n<p>&nbsp;<\/p>\n<p><em>Bras\u00edlia, 09h31min<\/em><\/p>\n","protected":false},"excerpt":{"rendered":"<p>ANTONIO MACHADO N\u00e3o h\u00e1 um \u00fanico evento ou respons\u00e1vel solit\u00e1rio pelo atoleiro em que se enfiou o Brasil. Do desgoverno da pandemia \u00e0 economia empacada sem criar empregos nem gerar renda alinhada ao ritmo demogr\u00e1fico, sem acompanhar as transforma\u00e7\u00f5es tecnol\u00f3gicas e modelos de gest\u00e3o e de neg\u00f3cios que lhe s\u00e3o inerentes \u2014 tudo isso vem [&hellip;]<\/p>\n","protected":false},"author":22,"featured_media":13776,"comment_status":"open","ping_status":"closed","sticky":false,"template":"","format":"standard","meta":{"footnotes":""},"categories":[600],"tags":[5464,926,2526,2787],"class_list":["post-18856","post","type-post","status-publish","format-standard","has-post-thumbnail","hentry","category-economia","tag-bolsonaro-governa-por-procuracao-e-centrao-faz-a-festa","tag-brasilia","tag-poder","tag-politica"],"_links":{"self":[{"href":"https:\/\/blogs.correiobraziliense.com.br\/vicente\/wp-json\/wp\/v2\/posts\/18856","targetHints":{"allow":["GET"]}}],"collection":[{"href":"https:\/\/blogs.correiobraziliense.com.br\/vicente\/wp-json\/wp\/v2\/posts"}],"about":[{"href":"https:\/\/blogs.correiobraziliense.com.br\/vicente\/wp-json\/wp\/v2\/types\/post"}],"author":[{"embeddable":true,"href":"https:\/\/blogs.correiobraziliense.com.br\/vicente\/wp-json\/wp\/v2\/users\/22"}],"replies":[{"embeddable":true,"href":"https:\/\/blogs.correiobraziliense.com.br\/vicente\/wp-json\/wp\/v2\/comments?post=18856"}],"version-history":[{"count":2,"href":"https:\/\/blogs.correiobraziliense.com.br\/vicente\/wp-json\/wp\/v2\/posts\/18856\/revisions"}],"predecessor-version":[{"id":18858,"href":"https:\/\/blogs.correiobraziliense.com.br\/vicente\/wp-json\/wp\/v2\/posts\/18856\/revisions\/18858"}],"wp:featuredmedia":[{"embeddable":true,"href":"https:\/\/blogs.correiobraziliense.com.br\/vicente\/wp-json\/wp\/v2\/media\/13776"}],"wp:attachment":[{"href":"https:\/\/blogs.correiobraziliense.com.br\/vicente\/wp-json\/wp\/v2\/media?parent=18856"}],"wp:term":[{"taxonomy":"category","embeddable":true,"href":"https:\/\/blogs.correiobraziliense.com.br\/vicente\/wp-json\/wp\/v2\/categories?post=18856"},{"taxonomy":"post_tag","embeddable":true,"href":"https:\/\/blogs.correiobraziliense.com.br\/vicente\/wp-json\/wp\/v2\/tags?post=18856"}],"curies":[{"name":"wp","href":"https:\/\/api.w.org\/{rel}","templated":true}]}}