{"id":18852,"date":"2021-05-15T21:04:50","date_gmt":"2021-05-16T00:04:50","guid":{"rendered":"https:\/\/blogs.correiobraziliense.com.br\/vicente\/?p=18852"},"modified":"2021-05-15T21:57:08","modified_gmt":"2021-05-16T00:57:08","slug":"95-militares-da-reserva-que-estao-no-governo-receberao-supersalarios","status":"publish","type":"post","link":"https:\/\/blogs.correiobraziliense.com.br\/vicente\/95-militares-da-reserva-que-estao-no-governo-receberao-supersalarios\/","title":{"rendered":"95 militares da reserva que est\u00e3o no governo receber\u00e3o supersal\u00e1rios"},"content":{"rendered":"<h2>Dos cerca de 1 mil servidores que ser\u00e3o beneficiados pela Portaria n\u00ba 4.975, editada pelo Minist\u00e9rio da Economia em 29 de abril, 95 s\u00e3o militares da reserva que ocupam cargos comissionados. O restante \u00e9 de civis aposentados.<\/h2>\n<p>&nbsp;<\/p>\n<p>As cr\u00edticas contra a portaria s\u00f3 aumentam, com o Congresso podendo enterrar a proposta de reforma administrativa em repres\u00e1lia ao que chamam de privil\u00e9gio para poucos. O Minist\u00e9rio da Economia, que baixou a portaria por determina\u00e7\u00e3o do Pal\u00e1cio do Planalto, alega que h\u00e1 argumentos jur\u00eddicos para a ado\u00e7\u00e3o do teto duplex.<\/p>\n<p>&nbsp;<\/p>\n<p>At\u00e9 a edi\u00e7\u00e3o da portaria, prevalecia, no minist\u00e9rio comandado por Paulo Guedes, o que diz a Constitui\u00e7\u00e3o: nenhum servidor p\u00fablico pode ganhar mais do que os ministros do Supremo Tribunal Federal (STF), isto \u00e9, R$ 39.293,32. Isso significava dizer que aqueles que tinham mais de uma fonte de renda deveriam somar tudo e se submeterem ao abate teto.<\/p>\n<p>&nbsp;<\/p>\n<p>Agora, o abate teto vale para cada contracheque. Portanto, se o servidor tiver duas rendas de at\u00e9 R$ 39 mil cada pode som\u00e1-las e receb\u00ea-las integralmente. Apenas o que exceder a esse valor \u00e9 descontado.<\/p>\n<p>O Planalto e a Economia dizem que essa \u00e9\u00a0&#8220;uma quest\u00e3o amparada em decis\u00e3o pac\u00edfica e definitiva do STF, de 2017, e do TCU (Tribunal de Contas da Uni\u00e3o), de 2018&#8221;. Ressaltam ainda que o teto duplex j\u00e1 vale para os demais Poderes. Portanto, &#8220;trata-se de aplica\u00e7\u00e3o do princ\u00edpio da isonomia&#8221;.<\/p>\n<p>&nbsp;<\/p>\n<p>Ou seja, segundo o governo, &#8220;a medida foi estendida ao Poder Executivo ap\u00f3s despacho do advogado-Geral da Uni\u00e3o. &#8220;A\u00a0Portaria n\u00ba 4.975, de abril de 2021, do Minist\u00e9rio da Economia, se aplica indistintamente a militares inativos e a servidores civis aposentados que ocupam ou venham a ocupar cargos comissionados&#8221;.<\/p>\n<p>&nbsp;<\/p>\n<p><em>Bras\u00edlia, 21h04min<\/em><\/p>\n","protected":false},"excerpt":{"rendered":"<p>Dos cerca de 1 mil servidores que ser\u00e3o beneficiados pela Portaria n\u00ba 4.975, editada pelo Minist\u00e9rio da Economia em 29 de abril, 95 s\u00e3o militares da reserva que ocupam cargos comissionados. O restante \u00e9 de civis aposentados. &nbsp; As cr\u00edticas contra a portaria s\u00f3 aumentam, com o Congresso podendo enterrar a proposta de reforma administrativa [&hellip;]<\/p>\n","protected":false},"author":22,"featured_media":10448,"comment_status":"open","ping_status":"closed","sticky":false,"template":"","format":"standard","meta":{"footnotes":""},"categories":[600],"tags":[5461,926,2526,2787],"class_list":["post-18852","post","type-post","status-publish","format-standard","has-post-thumbnail","hentry","category-economia","tag-95-militares-da-reserva-que-estao-no-governo-receberao-supersalarios","tag-brasilia","tag-poder","tag-politica"],"_links":{"self":[{"href":"https:\/\/blogs.correiobraziliense.com.br\/vicente\/wp-json\/wp\/v2\/posts\/18852","targetHints":{"allow":["GET"]}}],"collection":[{"href":"https:\/\/blogs.correiobraziliense.com.br\/vicente\/wp-json\/wp\/v2\/posts"}],"about":[{"href":"https:\/\/blogs.correiobraziliense.com.br\/vicente\/wp-json\/wp\/v2\/types\/post"}],"author":[{"embeddable":true,"href":"https:\/\/blogs.correiobraziliense.com.br\/vicente\/wp-json\/wp\/v2\/users\/22"}],"replies":[{"embeddable":true,"href":"https:\/\/blogs.correiobraziliense.com.br\/vicente\/wp-json\/wp\/v2\/comments?post=18852"}],"version-history":[{"count":1,"href":"https:\/\/blogs.correiobraziliense.com.br\/vicente\/wp-json\/wp\/v2\/posts\/18852\/revisions"}],"predecessor-version":[{"id":18853,"href":"https:\/\/blogs.correiobraziliense.com.br\/vicente\/wp-json\/wp\/v2\/posts\/18852\/revisions\/18853"}],"wp:featuredmedia":[{"embeddable":true,"href":"https:\/\/blogs.correiobraziliense.com.br\/vicente\/wp-json\/wp\/v2\/media\/10448"}],"wp:attachment":[{"href":"https:\/\/blogs.correiobraziliense.com.br\/vicente\/wp-json\/wp\/v2\/media?parent=18852"}],"wp:term":[{"taxonomy":"category","embeddable":true,"href":"https:\/\/blogs.correiobraziliense.com.br\/vicente\/wp-json\/wp\/v2\/categories?post=18852"},{"taxonomy":"post_tag","embeddable":true,"href":"https:\/\/blogs.correiobraziliense.com.br\/vicente\/wp-json\/wp\/v2\/tags?post=18852"}],"curies":[{"name":"wp","href":"https:\/\/api.w.org\/{rel}","templated":true}]}}