{"id":1885,"date":"2016-07-08T22:05:18","date_gmt":"2016-07-09T01:05:18","guid":{"rendered":"https:\/\/blogs.correiobraziliense.com.br\/vicente\/?p=1885"},"modified":"2016-07-09T00:06:02","modified_gmt":"2016-07-09T03:06:02","slug":"quando-lava-jato-chegara-ao-judiciario","status":"publish","type":"post","link":"https:\/\/blogs.correiobraziliense.com.br\/vicente\/quando-lava-jato-chegara-ao-judiciario\/","title":{"rendered":"Quando a Lava-Jato chegar\u00e1 ao Judici\u00e1rio?"},"content":{"rendered":"<p>\u00c9 inacredit\u00e1vel que o poder mais corrupto do pa\u00eds, o Judici\u00e1rio, ainda n\u00e3o tenha sido alvo da Opera\u00e7\u00e3o Laval-Jato, que desvendou o esquema de corrup\u00e7\u00e3o na Petrobras. As investiga\u00e7\u00f5es atingiram em cheio o Executivo e o Legislativo, levando dezenas de pessoas para a pris\u00e3o. Mas, at\u00e9 agora, n\u00e3o vimos nenhum integrante da Justi\u00e7a ir para atr\u00e1s das grades.<\/p>\n<p>&nbsp;<\/p>\n<p>A incredulidade cresce diante da decis\u00e3o do ministro Nefi Cordeiro, do Superior Tribunal de Justi\u00e7a (STJ), de determinar a soltura do bicheiro Carlinhos Cachoeira e de Fernando Cavendish, ex-dono da construtora Delta, presos na Opera\u00e7\u00e3o Saqueador. A medida se estende aos demais acusados, o ex-diretor da Delta Cl\u00e1udio Abreu e os empres\u00e1rios Adir Assad e Marcelo Abreu.<\/p>\n<p>&nbsp;<\/p>\n<p>No in\u00edcio da semana, a defesa de Cachoeira j\u00e1 havia conseguido revogar a pris\u00e3o no Tribunal Regional Federal da 2\u00aa Regi\u00e3o (TRF-2). O desembargador Ivan Athi\u00e9 converteu a pris\u00e3o preventiva dos acusados em pris\u00e3o domiciliar. Mas a decis\u00e3o foi revogada pelo desembargador Paulo Esp\u00edrito Santo depois que Athi\u00e9 se declarou suspeito para atuar no caso.<\/p>\n<p>&nbsp;<\/p>\n<p>Como a Justi\u00e7a pode dar o exemplo agindo dessa forma? As provas sobre os crimes cometidos pela quadrilha comandada por Cachoeira e Cavendish s\u00e3o contundentes. Liberar esses bandidos, acusados de surrupiarem os cofres p\u00fablicos, \u00e9 um esc\u00e1rnio \u00e0s pessoas de bem.<\/p>\n<p>&nbsp;<\/p>\n<p>N\u00e3o \u00e9 poss\u00edvel que, diante de tudo o que vimos nos \u00faltimos dois anos, desde que a Opera\u00e7\u00e3o Lava-Jato saiu \u00e0s ruas, um poder que deveria dar exemplo acabe estimulando os crimes contra o patrim\u00f4nio p\u00fablico.<\/p>\n<p>&nbsp;<\/p>\n<p><em>Bras\u00edlia, 22h05min<\/em><\/p>\n","protected":false},"excerpt":{"rendered":"<p>\u00c9 inacredit\u00e1vel que o poder mais corrupto do pa\u00eds, o Judici\u00e1rio, ainda n\u00e3o tenha sido alvo da Opera\u00e7\u00e3o Laval-Jato, que desvendou o esquema de corrup\u00e7\u00e3o na Petrobras. As investiga\u00e7\u00f5es atingiram em cheio o Executivo e o Legislativo, levando dezenas de pessoas para a pris\u00e3o. Mas, at\u00e9 agora, n\u00e3o vimos nenhum integrante da Justi\u00e7a ir para [&hellip;]<\/p>\n","protected":false},"author":22,"featured_media":0,"comment_status":"open","ping_status":"closed","sticky":false,"template":"","format":"standard","meta":{"footnotes":""},"categories":[600],"tags":[603,605,604,606,602],"class_list":["post-1885","post","type-post","status-publish","format-standard","hentry","category-economia","tag-carlinhos-cachoeira","tag-delta","tag-fernando-cavendish","tag-operacao-saqueador","tag-stj"],"_links":{"self":[{"href":"https:\/\/blogs.correiobraziliense.com.br\/vicente\/wp-json\/wp\/v2\/posts\/1885","targetHints":{"allow":["GET"]}}],"collection":[{"href":"https:\/\/blogs.correiobraziliense.com.br\/vicente\/wp-json\/wp\/v2\/posts"}],"about":[{"href":"https:\/\/blogs.correiobraziliense.com.br\/vicente\/wp-json\/wp\/v2\/types\/post"}],"author":[{"embeddable":true,"href":"https:\/\/blogs.correiobraziliense.com.br\/vicente\/wp-json\/wp\/v2\/users\/22"}],"replies":[{"embeddable":true,"href":"https:\/\/blogs.correiobraziliense.com.br\/vicente\/wp-json\/wp\/v2\/comments?post=1885"}],"version-history":[{"count":4,"href":"https:\/\/blogs.correiobraziliense.com.br\/vicente\/wp-json\/wp\/v2\/posts\/1885\/revisions"}],"predecessor-version":[{"id":1889,"href":"https:\/\/blogs.correiobraziliense.com.br\/vicente\/wp-json\/wp\/v2\/posts\/1885\/revisions\/1889"}],"wp:attachment":[{"href":"https:\/\/blogs.correiobraziliense.com.br\/vicente\/wp-json\/wp\/v2\/media?parent=1885"}],"wp:term":[{"taxonomy":"category","embeddable":true,"href":"https:\/\/blogs.correiobraziliense.com.br\/vicente\/wp-json\/wp\/v2\/categories?post=1885"},{"taxonomy":"post_tag","embeddable":true,"href":"https:\/\/blogs.correiobraziliense.com.br\/vicente\/wp-json\/wp\/v2\/tags?post=1885"}],"curies":[{"name":"wp","href":"https:\/\/api.w.org\/{rel}","templated":true}]}}