{"id":18841,"date":"2021-05-14T11:31:04","date_gmt":"2021-05-14T14:31:04","guid":{"rendered":"https:\/\/blogs.correiobraziliense.com.br\/vicente\/?p=18841"},"modified":"2021-05-14T22:34:25","modified_gmt":"2021-05-15T01:34:25","slug":"fartura-de-credito","status":"publish","type":"post","link":"https:\/\/blogs.correiobraziliense.com.br\/vicente\/fartura-de-credito\/","title":{"rendered":"Fartura de cr\u00e9dito"},"content":{"rendered":"<p>As cooperativas de cr\u00e9dito t\u00eam sido fundamentais para n\u00e3o deixar faltar recursos aos produtores agr\u00edcolas. Somente o Sistema Sicredi destinou R$ 6,9 bilh\u00f5es para o pr\u00e9-custeio da Safra 2021\/22. Esse dinheiro est\u00e1 dispon\u00edvel para associados do campo que pretendem antecipar a compra de insumos para as lavouras, garantindo maior rentabilidade dos neg\u00f3cios.<\/p>\n<p>&nbsp;<\/p>\n<p>No Plano Safra 2020\/2021, foram liberados, no total, R$ 15,3 bilh\u00f5es, por meio de 136.488 opera\u00e7\u00f5es, valor 23% maior do que na safra anterior. Desse montante, R$ 9,9 bilh\u00f5es (65%) foram para custeio, R$ 4,6 bilh\u00f5es (30%) para investimentos e R$ 758,6,2 milh\u00f5es (5%) para comercializa\u00e7\u00e3o e industrializa\u00e7\u00e3o.<\/p>\n<p>&nbsp;<\/p>\n<p>\u201cAtendemos pequenos, m\u00e9dios e grandes produtores, especialmente aqueles ligados \u00e0 agricultura familiar. As a\u00e7\u00f5es e recursos oferecidos aos associados fazem do Sicredi uma das maiores institui\u00e7\u00f5es de cr\u00e9dito rural do Brasil, com a posi\u00e7\u00e3o de maior n\u00famero de contratos do agroneg\u00f3cio\u201d, diz Pedro Caldas, presidente da Sicredi Planalto Central.<\/p>\n<p>&nbsp;<\/p>\n<p><em>Bras\u00edlia, 11h31min<\/em><\/p>\n","protected":false},"excerpt":{"rendered":"<p>As cooperativas de cr\u00e9dito t\u00eam sido fundamentais para n\u00e3o deixar faltar recursos aos produtores agr\u00edcolas. Somente o Sistema Sicredi destinou R$ 6,9 bilh\u00f5es para o pr\u00e9-custeio da Safra 2021\/22. Esse dinheiro est\u00e1 dispon\u00edvel para associados do campo que pretendem antecipar a compra de insumos para as lavouras, garantindo maior rentabilidade dos neg\u00f3cios. &nbsp; No Plano [&hellip;]<\/p>\n","protected":false},"author":22,"featured_media":14173,"comment_status":"open","ping_status":"closed","sticky":false,"template":"","format":"standard","meta":{"footnotes":""},"categories":[600],"tags":[651,589,5458,4943],"class_list":["post-18841","post","type-post","status-publish","format-standard","has-post-thumbnail","hentry","category-economia","tag-agronegocios","tag-economia","tag-fartura-de-credito","tag-financas"],"_links":{"self":[{"href":"https:\/\/blogs.correiobraziliense.com.br\/vicente\/wp-json\/wp\/v2\/posts\/18841","targetHints":{"allow":["GET"]}}],"collection":[{"href":"https:\/\/blogs.correiobraziliense.com.br\/vicente\/wp-json\/wp\/v2\/posts"}],"about":[{"href":"https:\/\/blogs.correiobraziliense.com.br\/vicente\/wp-json\/wp\/v2\/types\/post"}],"author":[{"embeddable":true,"href":"https:\/\/blogs.correiobraziliense.com.br\/vicente\/wp-json\/wp\/v2\/users\/22"}],"replies":[{"embeddable":true,"href":"https:\/\/blogs.correiobraziliense.com.br\/vicente\/wp-json\/wp\/v2\/comments?post=18841"}],"version-history":[{"count":1,"href":"https:\/\/blogs.correiobraziliense.com.br\/vicente\/wp-json\/wp\/v2\/posts\/18841\/revisions"}],"predecessor-version":[{"id":18842,"href":"https:\/\/blogs.correiobraziliense.com.br\/vicente\/wp-json\/wp\/v2\/posts\/18841\/revisions\/18842"}],"wp:featuredmedia":[{"embeddable":true,"href":"https:\/\/blogs.correiobraziliense.com.br\/vicente\/wp-json\/wp\/v2\/media\/14173"}],"wp:attachment":[{"href":"https:\/\/blogs.correiobraziliense.com.br\/vicente\/wp-json\/wp\/v2\/media?parent=18841"}],"wp:term":[{"taxonomy":"category","embeddable":true,"href":"https:\/\/blogs.correiobraziliense.com.br\/vicente\/wp-json\/wp\/v2\/categories?post=18841"},{"taxonomy":"post_tag","embeddable":true,"href":"https:\/\/blogs.correiobraziliense.com.br\/vicente\/wp-json\/wp\/v2\/tags?post=18841"}],"curies":[{"name":"wp","href":"https:\/\/api.w.org\/{rel}","templated":true}]}}