{"id":18818,"date":"2021-05-13T20:23:54","date_gmt":"2021-05-13T23:23:54","guid":{"rendered":"https:\/\/blogs.correiobraziliense.com.br\/vicente\/?p=18818"},"modified":"2021-05-13T20:24:06","modified_gmt":"2021-05-13T23:24:06","slug":"grupo-de-notaveis-recorre-ao-stf-pedindo-interdicao-de-bolsonaro","status":"publish","type":"post","link":"https:\/\/blogs.correiobraziliense.com.br\/vicente\/grupo-de-notaveis-recorre-ao-stf-pedindo-interdicao-de-bolsonaro\/","title":{"rendered":"Grupo de not\u00e1veis recorre ao STF pedindo interdi\u00e7\u00e3o de Bolsonaro"},"content":{"rendered":"<p>Um grupo de not\u00e1veis recorreu ao Supremo Tribunal Federal (STF) pedindo a interdi\u00e7\u00e3o do presidente Jair Bolsonaro por incapacidade para o cargo. Eles protocolaram uma a\u00e7\u00e3o ordin\u00e1ria nesta quinta-feira (13\/05) cobrando o imediato afastamento do chefe do Executivo. Assinam a a\u00e7\u00e3o, o jurista Alfredo Atti\u00e9 Jr, o fil\u00f3sofo Renato Janine Ribeiro, o fil\u00f3sofo Roberto Romano, o jurista Jos\u00e9 Geraldo de Souza Jr, o jurista Pedro Dallari, o jurista Alberto Zacharias Toron e o jurista F\u00e1bio Roberto Gaspar.<\/p>\n<p>&nbsp;<\/p>\n<p>Diz um dos trechos da a\u00e7\u00e3o: &#8220;Propomos a presente demanda para solucionar uma quest\u00e3o grave, decorrente do fato da incapacidade do titular de um dos Poderes do Estado. Consternados e indignados, sobretudo, mas c\u00f4nscios de nosso dever cidad\u00e3o, propusemo-nos responder \u00e0 indaga\u00e7\u00e3o: o que pode e o que deve fazer a cidadania diante de situa\u00e7\u00f5es graves de despotismo ou incapacidade, especialmente, se h\u00e1 omiss\u00e3o dos poderes que deveriam controlar, contrabalan\u00e7ar, evitar e corrigir os males causados pelos maus governantes?&#8221;<\/p>\n<p>&nbsp;<\/p>\n<p>Mais: &#8220;Entendemos, assim, ser poss\u00edvel socorrer-se o povo brasileiro de um instituto que teve origem e desenvolvimento no chamado direito civil, mas cuja configura\u00e7\u00e3o diz respeito ao interesse p\u00fablico, por v\u00e1rias<br \/>\nraz\u00f5es, n\u00e3o apenas, portanto, por proteger a seguran\u00e7a e a certeza dos atos praticados perante a sociedade, salvaguardando as rela\u00e7\u00f5es que se realizam no espa\u00e7o p\u00fablico da constante tens\u00e3o decorrente das a\u00e7\u00f5es e omiss\u00f5es de algu\u00e9m que age sem responsabilidade, sem considera\u00e7\u00e3o por seus deveres e sem cogitar das consequ\u00eancias de seus atos l\u00edcitos e il\u00edcitos&#8221;.<\/p>\n<p>&nbsp;<\/p>\n<p>Para os autores da a\u00e7\u00e3o, a Justi\u00e7a deve determinar &#8220;a produ\u00e7\u00e3o de prova pericial para avalia\u00e7\u00e3o da capacidade do interditando para praticar atos relativos ao cargo e \u00e0 fun\u00e7\u00e3o de presidente da Rep\u00fablica, sendo a per\u00edcia realizada do modo mais exaustivo poss\u00edvel por equipe composta por especialistas com forma\u00e7\u00e3o multidisciplinar, que indicar\u00e3o, no laudo, especificadamente, se for o caso, os atos para os quais haver\u00e1 necessidade de afastamento do interditando&#8221;.<\/p>\n<p>&nbsp;<\/p>\n<p>Confirmada o afastamento de Bolsonaro, os not\u00e1veis sugerem que a C\u00e2mara dos Deputados abra processos de impeachmet contra Bolsonaro e, ao mesmo tempo, a Procuradoria-Geral da Rep\u00fablica abra processo criminal contra o presidente com base em tudo o que for levantado pela CPI da Covid.<\/p>\n<p>&nbsp;<\/p>\n<p><em>Bras\u00edlia, 20h01min<\/em><\/p>\n","protected":false},"excerpt":{"rendered":"<p>Um grupo de not\u00e1veis recorreu ao Supremo Tribunal Federal (STF) pedindo a interdi\u00e7\u00e3o do presidente Jair Bolsonaro por incapacidade para o cargo. Eles protocolaram uma a\u00e7\u00e3o ordin\u00e1ria nesta quinta-feira (13\/05) cobrando o imediato afastamento do chefe do Executivo. Assinam a a\u00e7\u00e3o, o jurista Alfredo Atti\u00e9 Jr, o fil\u00f3sofo Renato Janine Ribeiro, o fil\u00f3sofo Roberto Romano, [&hellip;]<\/p>\n","protected":false},"author":22,"featured_media":13776,"comment_status":"open","ping_status":"closed","sticky":false,"template":"","format":"standard","meta":{"footnotes":""},"categories":[600],"tags":[5453,282,2526,2787],"class_list":["post-18818","post","type-post","status-publish","format-standard","has-post-thumbnail","hentry","category-economia","tag-grupo-de-notaveis-recorre-ao-stf-pedindo-interdicao-de-bolsonaro","tag-justica","tag-poder","tag-politica"],"_links":{"self":[{"href":"https:\/\/blogs.correiobraziliense.com.br\/vicente\/wp-json\/wp\/v2\/posts\/18818","targetHints":{"allow":["GET"]}}],"collection":[{"href":"https:\/\/blogs.correiobraziliense.com.br\/vicente\/wp-json\/wp\/v2\/posts"}],"about":[{"href":"https:\/\/blogs.correiobraziliense.com.br\/vicente\/wp-json\/wp\/v2\/types\/post"}],"author":[{"embeddable":true,"href":"https:\/\/blogs.correiobraziliense.com.br\/vicente\/wp-json\/wp\/v2\/users\/22"}],"replies":[{"embeddable":true,"href":"https:\/\/blogs.correiobraziliense.com.br\/vicente\/wp-json\/wp\/v2\/comments?post=18818"}],"version-history":[{"count":1,"href":"https:\/\/blogs.correiobraziliense.com.br\/vicente\/wp-json\/wp\/v2\/posts\/18818\/revisions"}],"predecessor-version":[{"id":18819,"href":"https:\/\/blogs.correiobraziliense.com.br\/vicente\/wp-json\/wp\/v2\/posts\/18818\/revisions\/18819"}],"wp:featuredmedia":[{"embeddable":true,"href":"https:\/\/blogs.correiobraziliense.com.br\/vicente\/wp-json\/wp\/v2\/media\/13776"}],"wp:attachment":[{"href":"https:\/\/blogs.correiobraziliense.com.br\/vicente\/wp-json\/wp\/v2\/media?parent=18818"}],"wp:term":[{"taxonomy":"category","embeddable":true,"href":"https:\/\/blogs.correiobraziliense.com.br\/vicente\/wp-json\/wp\/v2\/categories?post=18818"},{"taxonomy":"post_tag","embeddable":true,"href":"https:\/\/blogs.correiobraziliense.com.br\/vicente\/wp-json\/wp\/v2\/tags?post=18818"}],"curies":[{"name":"wp","href":"https:\/\/api.w.org\/{rel}","templated":true}]}}