{"id":18817,"date":"2021-05-13T19:53:09","date_gmt":"2021-05-13T22:53:09","guid":{"rendered":"https:\/\/blogs.correiobraziliense.com.br\/vicente\/?p=18817"},"modified":"2021-05-13T23:03:01","modified_gmt":"2021-05-14T02:03:01","slug":"palacio-do-planalto-obrigou-paulo-guedes-a-liberar-a-farra-de-salarios","status":"publish","type":"post","link":"https:\/\/blogs.correiobraziliense.com.br\/vicente\/palacio-do-planalto-obrigou-paulo-guedes-a-liberar-a-farra-de-salarios\/","title":{"rendered":"Pal\u00e1cio do Planalto obrigou Paulo Guedes a liberar a farra de sal\u00e1rios"},"content":{"rendered":"<h2>Partiu do Pal\u00e1cio do Planalto a determina\u00e7\u00e3o para que o ministro da Economia, Paulo Guedes, editasse uma portaria liberando a farra de sal\u00e1rios dentro do governo. A press\u00e3o foi exercida, principalmente, pelos ministros militares, que s\u00e3o os maiores beneficiados pelo teto duplex.<\/h2>\n<p>&nbsp;<\/p>\n<p>No caso do ministro da Casa Civil, Luiz Eduardo Ramos, o contracheque ter\u00e1 aumento de 69% (R$ 27 mil), para R$ 66,4 mil. O\u00a0ministro da Defesa, Walter Braga Netto, por sua vez, embolsar\u00e1 R$ 62 mil, ou R$ 22,8 mil a mais (alta de 58%). Ministro-chefe do Gabinete de Seguran\u00e7a Institucional, Augusto Heleno, engordar\u00e1 a conta banc\u00e1ria em R$ 23,8 mil (mais 60%), com sal\u00e1rio de R$ 63 mil.<\/p>\n<p>&nbsp;<\/p>\n<p>Por meio da portaria 4.975, de 29 de abril, o Minist\u00e9rio da Economia passou por cima da Constitui\u00e7\u00e3o, que limita\u00a0a remunera\u00e7\u00e3o para cargos p\u00fablicos, pens\u00f5es e outras vantagens ao sal\u00e1rio dos ministros do Supremo Tribunal Federal (STF), atualmente\u00a0em R$ 39.293,32.<\/p>\n<p>&nbsp;<\/p>\n<p>A press\u00e3o por mudan\u00e7as nas regras do teto salarial vem desde junho de 2020, quando chegaram as primeiras recomenda\u00e7\u00f5es para que a Secretaria de Gest\u00e3o e Desempenho de Pessoas do Minist\u00e9rio da Economia enterrasse todo o entendimento sobre o teto salarial no servi\u00e7o p\u00fablico.<\/p>\n<p>&nbsp;<\/p>\n<p>Mesmo com a cobran\u00e7a do Planalto, os t\u00e9cnicos da Secretaria de Gest\u00e3o resistiram em burlar a lei. Em dezembro \u00faltimo, por\u00e9m, veio um ultimato, sob o argumento de que havia decis\u00f5es do STF que liberava o duplo teto, posi\u00e7\u00e3o que foi refor\u00e7ada por um parecer da Advocacia-Geral da Uni\u00e3o (AGU).<\/p>\n<p>&nbsp;<\/p>\n<p><strong>Porteiras abertas<\/strong><\/p>\n<p>&nbsp;<\/p>\n<p>Ainda assim, houve uma rea\u00e7\u00e3o dos t\u00e9cnicos, mas eles acabaram ficando de m\u00e3os atadas, pois o ministro Paulo Guedes ordenou que as porteiras fossem abertas. Alguns integrantes da Secretaria de Gest\u00e3o chegaram a cogitar a sair. O ent\u00e3o chefe \u00e1rea, Wagner Lenhart, deixou o cargo.<\/p>\n<p>&nbsp;<\/p>\n<p>A farra dos sal\u00e1rios beneficia, tamb\u00e9m, o presidente Jair Bolsonaro e o vice-presidente, Hamilton Mour\u00e3o. No caso de Bolsonaro, o aumento no contracheque ser\u00e1 de R$ 2.300, para R$ 41,6 mil. Mour\u00e3o passar\u00e1 a ganhar 62% mais, ou seja, R$ 63,5 mil.<\/p>\n<p>&nbsp;<\/p>\n<p>Pelas novas regras, o limite previsto na Constitui\u00e7\u00e3o passa a valer sobre cada remunera\u00e7\u00e3o e n\u00e3o mais sobre a soma de todos os rendimentos, sobre a qual incidia o abate teto. Agora, o que for inferior ao que recebem os ministros do Supremo pode ser somado, resultando em supersal\u00e1rios.<\/p>\n<p>&nbsp;<\/p>\n<p><em>Bras\u00edlia, 19h53min<\/em><\/p>\n<p>&nbsp;<\/p>\n","protected":false},"excerpt":{"rendered":"<p>Partiu do Pal\u00e1cio do Planalto a determina\u00e7\u00e3o para que o ministro da Economia, Paulo Guedes, editasse uma portaria liberando a farra de sal\u00e1rios dentro do governo. A press\u00e3o foi exercida, principalmente, pelos ministros militares, que s\u00e3o os maiores beneficiados pelo teto duplex. &nbsp; No caso do ministro da Casa Civil, Luiz Eduardo Ramos, o contracheque [&hellip;]<\/p>\n","protected":false},"author":22,"featured_media":14290,"comment_status":"open","ping_status":"closed","sticky":false,"template":"","format":"standard","meta":{"footnotes":""},"categories":[600],"tags":[926,589,5454,2526,2787],"class_list":["post-18817","post","type-post","status-publish","format-standard","has-post-thumbnail","hentry","category-economia","tag-brasilia","tag-economia","tag-palacio-do-planalto-obrigou-paulo-guedes-a-liberar-a-farra-de-salarios","tag-poder","tag-politica"],"_links":{"self":[{"href":"https:\/\/blogs.correiobraziliense.com.br\/vicente\/wp-json\/wp\/v2\/posts\/18817","targetHints":{"allow":["GET"]}}],"collection":[{"href":"https:\/\/blogs.correiobraziliense.com.br\/vicente\/wp-json\/wp\/v2\/posts"}],"about":[{"href":"https:\/\/blogs.correiobraziliense.com.br\/vicente\/wp-json\/wp\/v2\/types\/post"}],"author":[{"embeddable":true,"href":"https:\/\/blogs.correiobraziliense.com.br\/vicente\/wp-json\/wp\/v2\/users\/22"}],"replies":[{"embeddable":true,"href":"https:\/\/blogs.correiobraziliense.com.br\/vicente\/wp-json\/wp\/v2\/comments?post=18817"}],"version-history":[{"count":1,"href":"https:\/\/blogs.correiobraziliense.com.br\/vicente\/wp-json\/wp\/v2\/posts\/18817\/revisions"}],"predecessor-version":[{"id":18820,"href":"https:\/\/blogs.correiobraziliense.com.br\/vicente\/wp-json\/wp\/v2\/posts\/18817\/revisions\/18820"}],"wp:featuredmedia":[{"embeddable":true,"href":"https:\/\/blogs.correiobraziliense.com.br\/vicente\/wp-json\/wp\/v2\/media\/14290"}],"wp:attachment":[{"href":"https:\/\/blogs.correiobraziliense.com.br\/vicente\/wp-json\/wp\/v2\/media?parent=18817"}],"wp:term":[{"taxonomy":"category","embeddable":true,"href":"https:\/\/blogs.correiobraziliense.com.br\/vicente\/wp-json\/wp\/v2\/categories?post=18817"},{"taxonomy":"post_tag","embeddable":true,"href":"https:\/\/blogs.correiobraziliense.com.br\/vicente\/wp-json\/wp\/v2\/tags?post=18817"}],"curies":[{"name":"wp","href":"https:\/\/api.w.org\/{rel}","templated":true}]}}