{"id":18815,"date":"2021-05-13T15:53:20","date_gmt":"2021-05-13T18:53:20","guid":{"rendered":"https:\/\/blogs.correiobraziliense.com.br\/vicente\/?p=18815"},"modified":"2021-05-13T17:18:19","modified_gmt":"2021-05-13T20:18:19","slug":"carlos-bolsonaro-tem-ataque-de-furia-ao-ser-citado-em-depoimento-na-cpi","status":"publish","type":"post","link":"https:\/\/blogs.correiobraziliense.com.br\/vicente\/carlos-bolsonaro-tem-ataque-de-furia-ao-ser-citado-em-depoimento-na-cpi\/","title":{"rendered":"Carlos Bolsonaro tem ataque de f\u00faria ao ser citado em depoimento na CPI"},"content":{"rendered":"<h2>O filho 02 do presidente Jair Bolsonaro, vereador Carlos\u00a0 Bolsonaro, teve um ataque de f\u00faria depois de ser citado pelo chefe da Pfizer para a Am\u00e9rica Latina, Carlos Murillo, em depoimento \u00e0 CPI da Covid. Murillo disse que Carlos participou de uma reuni\u00e3o com representantes da empresa em 7 de dezembro de 2020 no Pal\u00e1cio do Planalto.<\/h2>\n<p>&nbsp;<\/p>\n<p>Pessoas pr\u00f3ximas a Carluxo dizem que ele soltou uma s\u00e9rie de palavr\u00f5es quando ouviu seu nome na CPI. O filho 02 do presidente j\u00e1 havia sido acusado pelo ex-ministro da Sa\u00fade Luiz Henrique Mandetta de participar de um gabinete paralelo no governo para tratar da covid-19, inclusive, vacinas.<\/p>\n<p>&nbsp;<\/p>\n<p>Carlos Bolsonaro entrou na reuni\u00e3o entre o ent\u00e3o secret\u00e1rio de Comunica\u00e7\u00e3o da Presid\u00eancia da Rep\u00fablica, Fabio Wajngarten, e representantes da Pfizer na companhia de Filipe Martins, assessor especial para assuntos internacionais do presidente. Carluxo ficou pouco tempo. Martins, que \u00e9 investigado por ter feito um gesto obsceno em sess\u00e3o do Senado, ficou at\u00e9 o final.<\/p>\n<p>&nbsp;<\/p>\n<p>Disse Murillo: &#8220;Ap\u00f3s, aproximadamente, uma hora de reuni\u00e3o, Fabio (Wajngarten) recebeu uma liga\u00e7\u00e3o, sai da sala e retorna para a reuni\u00e3o. Minutos depois, entram na sala de reuni\u00e3o Filipe Garcia Martins e Carlos Bolsonaro. Fabio explicou a Filipe Garcia Martins e a Carlos Bolsonaro os esclarecimentos prestados pela Pfizer at\u00e9 ent\u00e3o na reuni\u00e3o. Carlos ficou brevemente na reuni\u00e3o e saiu da sala. Filipe Garcia Martins ainda permaneceu na reuni\u00e3o\u201d.<\/p>\n<p>&nbsp;<\/p>\n<p>Todas as informa\u00e7\u00f5es sobre a\u00a0reuni\u00e3o da qual Carlos Bolsonaro participou foi repassada a Murillo por Shirley Meschke, diretora da Pfizer. A conversa foi para discutir a possibilidade de o governo brasileiro fechar a compra de vacinas do laborat\u00f3rio contra o novo coronav\u00edrus. O governo, por\u00e9m, n\u00e3o deu import\u00e2ncia ao assunto. A compra do imunizante s\u00f3 foi fechada neste ano.<\/p>\n<p>&nbsp;<\/p>\n<p><em>Bras\u00edlia, 15h53min<\/em><\/p>\n","protected":false},"excerpt":{"rendered":"<p>O filho 02 do presidente Jair Bolsonaro, vereador Carlos\u00a0 Bolsonaro, teve um ataque de f\u00faria depois de ser citado pelo chefe da Pfizer para a Am\u00e9rica Latina, Carlos Murillo, em depoimento \u00e0 CPI da Covid. Murillo disse que Carlos participou de uma reuni\u00e3o com representantes da empresa em 7 de dezembro de 2020 no Pal\u00e1cio [&hellip;]<\/p>\n","protected":false},"author":22,"featured_media":16490,"comment_status":"open","ping_status":"closed","sticky":false,"template":"","format":"standard","meta":{"footnotes":""},"categories":[600],"tags":[5452,2526,2787,579],"class_list":["post-18815","post","type-post","status-publish","format-standard","has-post-thumbnail","hentry","category-economia","tag-carlos-bolsonaro-tem-ataque-de-furia-ao-ser-citado-em-depoimento-na-cpi","tag-poder","tag-politica","tag-saude"],"_links":{"self":[{"href":"https:\/\/blogs.correiobraziliense.com.br\/vicente\/wp-json\/wp\/v2\/posts\/18815","targetHints":{"allow":["GET"]}}],"collection":[{"href":"https:\/\/blogs.correiobraziliense.com.br\/vicente\/wp-json\/wp\/v2\/posts"}],"about":[{"href":"https:\/\/blogs.correiobraziliense.com.br\/vicente\/wp-json\/wp\/v2\/types\/post"}],"author":[{"embeddable":true,"href":"https:\/\/blogs.correiobraziliense.com.br\/vicente\/wp-json\/wp\/v2\/users\/22"}],"replies":[{"embeddable":true,"href":"https:\/\/blogs.correiobraziliense.com.br\/vicente\/wp-json\/wp\/v2\/comments?post=18815"}],"version-history":[{"count":1,"href":"https:\/\/blogs.correiobraziliense.com.br\/vicente\/wp-json\/wp\/v2\/posts\/18815\/revisions"}],"predecessor-version":[{"id":18816,"href":"https:\/\/blogs.correiobraziliense.com.br\/vicente\/wp-json\/wp\/v2\/posts\/18815\/revisions\/18816"}],"wp:featuredmedia":[{"embeddable":true,"href":"https:\/\/blogs.correiobraziliense.com.br\/vicente\/wp-json\/wp\/v2\/media\/16490"}],"wp:attachment":[{"href":"https:\/\/blogs.correiobraziliense.com.br\/vicente\/wp-json\/wp\/v2\/media?parent=18815"}],"wp:term":[{"taxonomy":"category","embeddable":true,"href":"https:\/\/blogs.correiobraziliense.com.br\/vicente\/wp-json\/wp\/v2\/categories?post=18815"},{"taxonomy":"post_tag","embeddable":true,"href":"https:\/\/blogs.correiobraziliense.com.br\/vicente\/wp-json\/wp\/v2\/tags?post=18815"}],"curies":[{"name":"wp","href":"https:\/\/api.w.org\/{rel}","templated":true}]}}