{"id":18791,"date":"2021-05-12T15:13:31","date_gmt":"2021-05-12T18:13:31","guid":{"rendered":"https:\/\/blogs.correiobraziliense.com.br\/vicente\/?p=18791"},"modified":"2021-05-12T19:55:47","modified_gmt":"2021-05-12T22:55:47","slug":"setor-de-turismo-acumula-r-341-bilhoes-em-perdas-na-pandemia","status":"publish","type":"post","link":"https:\/\/blogs.correiobraziliense.com.br\/vicente\/setor-de-turismo-acumula-r-341-bilhoes-em-perdas-na-pandemia\/","title":{"rendered":"Setor de turismo acumula R$ 341 bilh\u00f5es em perdas na pandemia"},"content":{"rendered":"<h2>ROSANA HESSEL<\/h2>\n<h2><\/h2>\n<h2>O volume de receitas do setor de servi\u00e7os recuou 4% em mar\u00e7o, na compara\u00e7\u00e3o com fevereiro, conforme dados do Instituto Brasileiro de Geografia e Estat\u00edsticas (IBGE) divulgados nesta quarta-feira (12\/05), a maior queda desde abril de 2020, pior momento da pandemia da covid-19 em 2020. Contudo, o setor de turismo mostra um desempenho preocupante no mesmo per\u00edodo, pois encolheu 44% e se destaca entre os segmentos mais afetados pelos impactos do novo coronav\u00edrus na economia.<\/h2>\n<p>&nbsp;<\/p>\n<p>Levantamento da Confedera\u00e7\u00e3o Nacional do Com\u00e9rcio de Bens, Servi\u00e7os e Turismo (CNC) revela que as perdas do setor de turismo somam R$ 341 bilh\u00f5es, desde o in\u00edcio da pandemia at\u00e9 abril deste ano. Os dados da entidade cruzam informa\u00e7\u00f5es das pesquisas conjunturais do IBGE, al\u00e9m de s\u00e9ries hist\u00f3ricas referentes aos fluxos de passageiros e aeronaves nos dezesseis\u00a0principais aeroportos do pa\u00eds.<\/p>\n<p>&nbsp;<\/p>\n<p>Os estados de S\u00e3o Paulo e do Rio de Janeiro, apresentaram perdas de R$ 137,7 bilh\u00f5es e R$ 41,7 bilh\u00f5es, respectivamente, concentrando 52,5% do preju\u00edzo nacional.\u00a0 De acordo com Fabio Bentes, economista s\u00eanior da CNC, os servi\u00e7os tur\u00edsticos operam, em m\u00e9dia, com 61,4% do seu potencial mensal de gera\u00e7\u00e3o de receita, abaixo do patamar de 63,8% de dezembro de 2020, devido aos impactos da pandemia que j\u00e1 matou mais de 425 mil brasileiros.<\/p>\n<p>&nbsp;<\/p>\n<p>&#8220;Enquanto a ind\u00fastria e o com\u00e9rcio come\u00e7aram a apresentar uma recupera\u00e7\u00e3o ao patamar pr\u00e9-pandemia no in\u00edcio do ano, o setor de servi\u00e7os continua mostrado que vai demorar para se recuperar, e, nesse sentido, o segmento de turismo \u00e9 o que mais tem sofrido com a pandemia, porque ela est\u00e1 afetando mais a capacidade de consumo da popula\u00e7\u00e3o&#8221;, alertou Bentes. Para ele, a retomada do setor de servi\u00e7os ainda \u00e9 incerta porque vai depender de um processo de vacina\u00e7\u00e3o mais acelerado, mas h\u00e1 incertezas sobre a quantidade de vacinas dispon\u00edveis e o risco de interrup\u00e7\u00f5es em v\u00e1rios estados, que podem prejudicar todo o processo.<\/p>\n<p>&nbsp;<\/p>\n<p>Na avalia\u00e7\u00e3o de a flexibiliza\u00e7\u00e3o das medidas restritivas a partir de abril tende a reduzir as perdas mensais do setor,\u00a0contudo, o cen\u00e1rio ainda se mostra complexo no m\u00e9dio prazo. &#8220;O avan\u00e7o lento e as interrup\u00e7\u00f5es na\u00a0aplica\u00e7\u00e3o da vacina\u00e7\u00e3o em diversas regi\u00f5es do pa\u00eds apontam um ritmo lento de recupera\u00e7\u00e3o das\u00a0atividades terci\u00e1rias neste ano, com um quadro mais favor\u00e1vel somente a partir do segundo\u00a0semestre&#8221;, afirmou. Mesmo com a perspectiva de avan\u00e7os anuais significativos em abril e maio, por conta do\u00a0efeito estat\u00edstico, a CNC revisou de 18,8% para 18,2% a taxa de crescimento do volume de receitas do turismo em 2021.<\/p>\n<p>&nbsp;<\/p>\n<p>De acordo com Bentes, a queda de 4% no volume das receitas do setor de servi\u00e7os em mar\u00e7o colaboram para que o Produto Interno Bruto (PIB) do primeiro trimestre de 2021 fique negativo, apesar de revis\u00f5es otimistas do mercado olhando para o crescimento de 4,5% na compara\u00e7\u00e3o com mar\u00e7o de 2020.<\/p>\n<p>&nbsp;<\/p>\n<p>O economista reconheceu ainda que \u00e9 preciso tomar cuidado com as compara\u00e7\u00f5es anuais, porque a base de dados de mar\u00e7o de 2020 foi muito baixa e a pandemia ainda n\u00e3o arrefeceu, pois o volume de casos \u00e9 crescente, assim como o de mortes, e, como a vacina\u00e7\u00e3o \u00e9 incerta, a tend\u00eancia de abre e fecha do com\u00e9rcio e de servi\u00e7os \u00e9 grande nos pr\u00f3ximos meses. &#8220;O consumo tem um peso grande no PIB, de dois ter\u00e7os, e o que estamos vendo \u00e9 uma retra\u00e7\u00e3o no consumo, que tem afetado, principalmente, os servi\u00e7os prestados \u00e0s fam\u00edlias, que tiveram queda expressiva em mar\u00e7o, de 27%&#8221;, alertou Bentes, em entrevista ao <strong>Blog.<\/strong><\/p>\n<p>&nbsp;<\/p>\n<p>N\u00e3o \u00e0 toa, pelas proje\u00e7\u00f5es de Bentes, o resultado do PIB do primeiro trimestre dever\u00e1 apresentar queda de 0,3% em rela\u00e7\u00e3o ao quarto trimestre de 2020. &#8220;Isso \u00e9 algo bastante prov\u00e1vel diante da safra atual de dados do IBGE&#8221;, afirmou.<\/p>\n<p>&nbsp;<\/p>\n","protected":false},"excerpt":{"rendered":"<p>ROSANA HESSEL O volume de receitas do setor de servi\u00e7os recuou 4% em mar\u00e7o, na compara\u00e7\u00e3o com fevereiro, conforme dados do Instituto Brasileiro de Geografia e Estat\u00edsticas (IBGE) divulgados nesta quarta-feira (12\/05), a maior queda desde abril de 2020, pior momento da pandemia da covid-19 em 2020. Contudo, o setor de turismo mostra um desempenho [&hellip;]<\/p>\n","protected":false},"author":22,"featured_media":17516,"comment_status":"open","ping_status":"closed","sticky":false,"template":"","format":"standard","meta":{"footnotes":""},"categories":[600],"tags":[28,391,4510,2463,414,3599],"class_list":["post-18791","post","type-post","status-publish","format-standard","has-post-thumbnail","hentry","category-economia","tag-cnc","tag-ibge","tag-pandemia","tag-perdas","tag-servicos","tag-turismo"],"_links":{"self":[{"href":"https:\/\/blogs.correiobraziliense.com.br\/vicente\/wp-json\/wp\/v2\/posts\/18791","targetHints":{"allow":["GET"]}}],"collection":[{"href":"https:\/\/blogs.correiobraziliense.com.br\/vicente\/wp-json\/wp\/v2\/posts"}],"about":[{"href":"https:\/\/blogs.correiobraziliense.com.br\/vicente\/wp-json\/wp\/v2\/types\/post"}],"author":[{"embeddable":true,"href":"https:\/\/blogs.correiobraziliense.com.br\/vicente\/wp-json\/wp\/v2\/users\/22"}],"replies":[{"embeddable":true,"href":"https:\/\/blogs.correiobraziliense.com.br\/vicente\/wp-json\/wp\/v2\/comments?post=18791"}],"version-history":[{"count":5,"href":"https:\/\/blogs.correiobraziliense.com.br\/vicente\/wp-json\/wp\/v2\/posts\/18791\/revisions"}],"predecessor-version":[{"id":18799,"href":"https:\/\/blogs.correiobraziliense.com.br\/vicente\/wp-json\/wp\/v2\/posts\/18791\/revisions\/18799"}],"wp:featuredmedia":[{"embeddable":true,"href":"https:\/\/blogs.correiobraziliense.com.br\/vicente\/wp-json\/wp\/v2\/media\/17516"}],"wp:attachment":[{"href":"https:\/\/blogs.correiobraziliense.com.br\/vicente\/wp-json\/wp\/v2\/media?parent=18791"}],"wp:term":[{"taxonomy":"category","embeddable":true,"href":"https:\/\/blogs.correiobraziliense.com.br\/vicente\/wp-json\/wp\/v2\/categories?post=18791"},{"taxonomy":"post_tag","embeddable":true,"href":"https:\/\/blogs.correiobraziliense.com.br\/vicente\/wp-json\/wp\/v2\/tags?post=18791"}],"curies":[{"name":"wp","href":"https:\/\/api.w.org\/{rel}","templated":true}]}}