{"id":18784,"date":"2021-05-12T10:13:28","date_gmt":"2021-05-12T13:13:28","guid":{"rendered":"https:\/\/blogs.correiobraziliense.com.br\/vicente\/?p=18784"},"modified":"2021-05-12T15:49:20","modified_gmt":"2021-05-12T18:49:20","slug":"setor-de-servicos-registra-queda-de-4-no-mes-de-marco-segundo-ibge","status":"publish","type":"post","link":"https:\/\/blogs.correiobraziliense.com.br\/vicente\/setor-de-servicos-registra-queda-de-4-no-mes-de-marco-segundo-ibge\/","title":{"rendered":"Setor de servi\u00e7os registra queda de 4% no m\u00eas de mar\u00e7o, segundo IBGE"},"content":{"rendered":"<h2>ROSANA HESSEL<\/h2>\n<h2><\/h2>\n<h2>O setor de servi\u00e7os encolheu 4% no m\u00eas de mar\u00e7o, em compara\u00e7\u00e3o a fevereiro, conforme dados do Instituto Brasileiro de Geografia e Estat\u00edstica (IBGE) divulgados nesta quarta-feira (12\/05), na s\u00e9rie com ajuste sazonal. A queda foi maior do que a prevista pela mediana do mercado, de 3,15%.<\/h2>\n<h2><\/h2>\n<p>No acumulado do ano, o recuo do segmento que mais emprega no pa\u00eds e que representa cerca de 70% da forma\u00e7\u00e3o de riqueza do Produto Interno Bruto (PIB), foi de 0,8% frente a igual per\u00edodo de 2020. Foi a quinta queda consecutiva nas compara\u00e7\u00f5es trimestrais, de acordo com a Pesquisa Mensal de Servi\u00e7os (PMS), do IBGE. A taxa acumulada nos \u00faltimos 12 meses, apresentou queda de 8%.<\/p>\n<p>&nbsp;<\/p>\n<p>De acordo com os dados do IBGE, o setor de servi\u00e7os ainda n\u00e3o conseguiu recuperar o patamar pr\u00e9-crise e est\u00e1 13,6% abaixo do ponto mais alto da s\u00e9rie, alcan\u00e7ado de novembro de 2014, mostrando que a recupera\u00e7\u00e3o da economia ser\u00e1 lenta e gradual frente \u00e0s incertezas em rela\u00e7\u00e3o ao processo de vacina\u00e7\u00e3o da popula\u00e7\u00e3o, que est\u00e1 com o cronograma atrasado.<\/p>\n<p>&nbsp;<\/p>\n<p>Conforme dados da PMS, 14 das 27 unidades federativas apresentaram queda no volume de servi\u00e7os no m\u00eas de mar\u00e7o, na compara\u00e7\u00e3o com fevereiro. Distrito Federal e Piau\u00ed, com que quedas de 6,1% e 5,6% foram os \u00fanicos a registrarem um recuo superior a m\u00e9dia global. Mato Grosso do Sul, com crescimento de 11,8% foi o destaque no lado positivo.<\/p>\n<p>&nbsp;<\/p>\n<p>Um recorte dos dados do \u00f3rg\u00e3o mostra queda de 22% no setor de turismo em mar\u00e7o, na compara\u00e7\u00e3o com fevereiro, ap\u00f3s ganho de 127,2% entre maio de 2020 e fevereiro de 2021. Foi o maior resultado negativo desde abril de 2020, quando o recuo foi de 54,5%.\u00a0 Para o segmento retomar o patamar pr\u00e9-pandemia,\u00a0segundo o IBGE, ser\u00e1 preciso crescer 78,7%.<\/p>\n<p>&nbsp;<\/p>\n<p>O desempenho negativo ocorreu nos 12 locais pesquisados pela PMC, com destaque para S\u00e3o Paulo (-21,5%), Rio de Janeiro (-17,2%) e Paran\u00e1 (-26,5%) e Santa Catarina (-26,2%).<\/p>\n<p>&nbsp;<\/p>\n<p>&nbsp;<\/p>\n<p><strong>Servi\u00e7os \u00e0s fam\u00edlias lideram perdas<\/strong><\/p>\n<p>&nbsp;<\/p>\n<p>A queda de 4,0% do volume de servi\u00e7os em mar\u00e7o foi puxado por tr\u00eas das cinco atividades pesquisadas, com destaque para os servi\u00e7os prestados \u00e0s fam\u00edlias, que apresentaram tombo de 27% na compara\u00e7\u00e3o com fevereiro, a maior queda desde abril de 2020, de 45,6%. As \u00e1reas de hotelaria e restaurantes impulsionaram esse resultado negativo, pois desabaram 28% nesse per\u00edodo devido, principalmente, ao recrudescimento das regras de distanciamento social pelos governos estaduais devido ao agravamento da pandemia da covid-19 no pa\u00eds.<\/p>\n<p>&nbsp;<\/p>\n<p>Tamb\u00e9m apresentaram desempenho negativo em mar\u00e7o os setores de transportes, servi\u00e7os auxiliares aos transportes e correio e de profissionais, administrativos e complementares, com quedas de 1,9% e 1,4%, respectivamente.<\/p>\n<p>&nbsp;<\/p>\n<p>Os \u00fanicos avan\u00e7os do m\u00eas ficaram com os segmentos de informa\u00e7\u00e3o e comunica\u00e7\u00e3o (com alta de 1,9%) e de outros servi\u00e7os (eleva\u00e7\u00e3o de 3,7%). Ambos alcan\u00e7aram a segunda taxa positiva seguida em mar\u00e7o, obtendo ganhos acumulados de 2% e 7,1%, respectivamente, conforme os dados do IBGE.<\/p>\n<p>&nbsp;<\/p>\n<p>A m\u00e9dia m\u00f3vel trimestral apesentou avan\u00e7o de 0,3% no trimestre encerrado em mar\u00e7o de 2021, na compara\u00e7\u00e3o com os tr\u00eas meses encerrados em fevereiro, &#8220;mantendo a trajet\u00f3ria ascendente iniciada em julho de 2020&#8221;.<\/p>\n<p>&nbsp;<\/p>\n<p>Na compara\u00e7\u00e3o anual,\u00a0o volume de servi\u00e7os avan\u00e7ou 4,5% em mar\u00e7o de 2021, interrompendo doze taxas negativas seguidas. O dado positivo ficou acima das estimativas do mercado, mas justificado por um efeito mais cont\u00e1bil devido \u00e0 base ser menor no ano passado Conforme os dados do IBGE, o resultado trouxe expans\u00e3o em quatro das cinco atividades e a 45,2% dos 166 tipos de servi\u00e7os investigados.<\/p>\n<p>&nbsp;<\/p>\n<p>As principais contribui\u00e7\u00f5es positivas ficaram com os segmentos de transportes, servi\u00e7os auxiliares aos transportes e correio, com alta de 8,8% e de servi\u00e7os de informa\u00e7\u00e3o e comunica\u00e7\u00e3o, com eleva\u00e7\u00e3o de 6,2%.<\/p>\n<p>&nbsp;<\/p>\n<p>Com menores impactos no \u00edndice geral, os setores de outros servi\u00e7os (7,3%) e dos profissionais, administrativos e complementares (0,7%) apresentaram incrementos de receita.<\/p>\n<p>&nbsp;<\/p>\n<p>Em contrapartida, a \u00fanica influ\u00eancia negativa de mar\u00e7o ficou com os servi\u00e7os prestados \u00e0s fam\u00edlias, com queda de 17,1% na compara\u00e7\u00e3o anual, pressionados, sobretudo, pela queda nas receitas das empresas que atuam nos ramos de restaurantes; hot\u00e9is; servi\u00e7os de buf\u00ea; e atividades de condicionamento f\u00edsico.<\/p>\n<p>&nbsp;<\/p>\n<p>&nbsp;<\/p>\n<p>&nbsp;<\/p>\n","protected":false},"excerpt":{"rendered":"<p>ROSANA HESSEL O setor de servi\u00e7os encolheu 4% no m\u00eas de mar\u00e7o, em compara\u00e7\u00e3o a fevereiro, conforme dados do Instituto Brasileiro de Geografia e Estat\u00edstica (IBGE) divulgados nesta quarta-feira (12\/05), na s\u00e9rie com ajuste sazonal. A queda foi maior do que a prevista pela mediana do mercado, de 3,15%. No acumulado do ano, o recuo [&hellip;]<\/p>\n","protected":false},"author":22,"featured_media":16307,"comment_status":"open","ping_status":"closed","sticky":false,"template":"","format":"standard","meta":{"footnotes":""},"categories":[600],"tags":[2581,391,4664,414],"class_list":["post-18784","post","type-post","status-publish","format-standard","has-post-thumbnail","hentry","category-economia","tag-atividade-economica","tag-ibge","tag-pms","tag-servicos"],"_links":{"self":[{"href":"https:\/\/blogs.correiobraziliense.com.br\/vicente\/wp-json\/wp\/v2\/posts\/18784","targetHints":{"allow":["GET"]}}],"collection":[{"href":"https:\/\/blogs.correiobraziliense.com.br\/vicente\/wp-json\/wp\/v2\/posts"}],"about":[{"href":"https:\/\/blogs.correiobraziliense.com.br\/vicente\/wp-json\/wp\/v2\/types\/post"}],"author":[{"embeddable":true,"href":"https:\/\/blogs.correiobraziliense.com.br\/vicente\/wp-json\/wp\/v2\/users\/22"}],"replies":[{"embeddable":true,"href":"https:\/\/blogs.correiobraziliense.com.br\/vicente\/wp-json\/wp\/v2\/comments?post=18784"}],"version-history":[{"count":7,"href":"https:\/\/blogs.correiobraziliense.com.br\/vicente\/wp-json\/wp\/v2\/posts\/18784\/revisions"}],"predecessor-version":[{"id":18798,"href":"https:\/\/blogs.correiobraziliense.com.br\/vicente\/wp-json\/wp\/v2\/posts\/18784\/revisions\/18798"}],"wp:featuredmedia":[{"embeddable":true,"href":"https:\/\/blogs.correiobraziliense.com.br\/vicente\/wp-json\/wp\/v2\/media\/16307"}],"wp:attachment":[{"href":"https:\/\/blogs.correiobraziliense.com.br\/vicente\/wp-json\/wp\/v2\/media?parent=18784"}],"wp:term":[{"taxonomy":"category","embeddable":true,"href":"https:\/\/blogs.correiobraziliense.com.br\/vicente\/wp-json\/wp\/v2\/categories?post=18784"},{"taxonomy":"post_tag","embeddable":true,"href":"https:\/\/blogs.correiobraziliense.com.br\/vicente\/wp-json\/wp\/v2\/tags?post=18784"}],"curies":[{"name":"wp","href":"https:\/\/api.w.org\/{rel}","templated":true}]}}