{"id":18770,"date":"2021-05-11T10:30:07","date_gmt":"2021-05-11T13:30:07","guid":{"rendered":"https:\/\/blogs.correiobraziliense.com.br\/vicente\/?p=18770"},"modified":"2021-05-11T22:15:27","modified_gmt":"2021-05-12T01:15:27","slug":"inflacao-dos-mais-pobres-acumula-alta-de-759-em-12-meses-ate-abril","status":"publish","type":"post","link":"https:\/\/blogs.correiobraziliense.com.br\/vicente\/inflacao-dos-mais-pobres-acumula-alta-de-759-em-12-meses-ate-abril\/","title":{"rendered":"Infla\u00e7\u00e3o dos mais pobres acumula alta de 7,59% em 12 meses at\u00e9 abril"},"content":{"rendered":"<h2>ROSANA HESSEL<\/h2>\n<h2><\/h2>\n<h2>O \u00cdndice Nacional de Pre\u00e7os ao Consumidor (INPC), que mede a infla\u00e7\u00e3o dos mais pobres, avan\u00e7ou 0,38% em abril e acumulou alta de 2,35% no ano e de 7,59% em 12 meses, conforme dados do Instituto Brasileiro de Geografia e Estat\u00edstica (IBGE), divulgados nesta ter\u00e7a-feira (11\/05).<\/h2>\n<p>&nbsp;<\/p>\n<p>Em abril de 2020, o dado para o indicador usado na corre\u00e7\u00e3o do sal\u00e1rio m\u00ednimo ficou negativo em 0,23%, devido \u00e0 retra\u00e7\u00e3o da atividade econ\u00f4mica devido \u00e0 pandemia da covid-19. O \u00edndice continua mostrando que os mais pobres continuam sendo os mais penalizados pela carestia do que os mais ricos.<\/p>\n<p>&nbsp;<\/p>\n<p>O INPC mede o impacto do custo de vida nas fam\u00edlias com renda mensal de at\u00e9 cinco sal\u00e1rios m\u00ednimos, enquanto o \u00cdndice de Pre\u00e7os ao Consumidor Amplo (IPCA) mede a infla\u00e7\u00e3o para as fam\u00edlias com renda acima desse patamar.\u00a0 Em abril, <a href=\"https:\/\/blogs.correiobraziliense.com.br\/vicente\/ipca-registra-alta-de-031-em-abril-e-supera-previsoes-do-mercado\">o IPCA, que mede a infla\u00e7\u00e3o oficial, avan\u00e7ou 0,31% em abril<\/a>.\u00a0 E, em 12 meses, a varia\u00e7\u00e3o do IPCA tamb\u00e9m foi menor do que a do INPC, de 6,76%.<\/p>\n<p>&nbsp;<\/p>\n<p>De acordo com o IBGE, o dado de abril do INPC apresentou desacelera\u00e7\u00e3o de 0,48 ponto percentual na compara\u00e7\u00e3o com a alta de 0,86% de mar\u00e7o. Contudo, o salto de 7,59% nos \u00faltimos 12 meses at\u00e9 o m\u00eas passado, h\u00e1 uma acelera\u00e7\u00e3o sobre os 6,94% contabilizados nos 12 meses imediatamente anteriores.<\/p>\n<p>&nbsp;<\/p>\n<p>Os produtos aliment\u00edcios, que apresentam maior influ\u00eancia no IPCA, subiram 0,49% em abril, mostrando acelera\u00e7\u00e3o sobre a varia\u00e7\u00e3o de 0,07% de mar\u00e7o. J\u00e1 os produtos n\u00e3o aliment\u00edcios apresentaram alta de 0,35% em abril, contra 1,11% em mar\u00e7o.<\/p>\n<p>&nbsp;<\/p>\n<p>Segundo o \u00f3rg\u00e3o, todas as\u00a0\u00e1reas investigadas para o INPC apresentaram varia\u00e7\u00e3o positiva no m\u00eas. A menor varia\u00e7\u00e3o do \u00edndice ocorreu em Bras\u00edlia, de 0,11%, principalmente, por conta das quedas na gasolina (-1,47%) e nas frutas (-7,10%). J\u00e1 a maior taxa mensal ocorreu ocorreu em Rio Branco, de 1,06%, devido \u00e0s altas na gasolina (1,95%) e nos produtos farmac\u00eauticos (4,66%).<\/p>\n<p>&nbsp;<\/p>\n<p>&nbsp;<\/p>\n","protected":false},"excerpt":{"rendered":"<p>ROSANA HESSEL O \u00cdndice Nacional de Pre\u00e7os ao Consumidor (INPC), que mede a infla\u00e7\u00e3o dos mais pobres, avan\u00e7ou 0,38% em abril e acumulou alta de 2,35% no ano e de 7,59% em 12 meses, conforme dados do Instituto Brasileiro de Geografia e Estat\u00edstica (IBGE), divulgados nesta ter\u00e7a-feira (11\/05). &nbsp; Em abril de 2020, o dado [&hellip;]<\/p>\n","protected":false},"author":22,"featured_media":15703,"comment_status":"open","ping_status":"closed","sticky":false,"template":"","format":"standard","meta":{"footnotes":""},"categories":[600],"tags":[211,5111,391,14,5364,1130],"class_list":["post-18770","post","type-post","status-publish","format-standard","has-post-thumbnail","hentry","category-economia","tag-carestia","tag-custo-de-vida","tag-ibge","tag-inflacao","tag-inflacao-dos-mais-pobres","tag-inpc"],"_links":{"self":[{"href":"https:\/\/blogs.correiobraziliense.com.br\/vicente\/wp-json\/wp\/v2\/posts\/18770","targetHints":{"allow":["GET"]}}],"collection":[{"href":"https:\/\/blogs.correiobraziliense.com.br\/vicente\/wp-json\/wp\/v2\/posts"}],"about":[{"href":"https:\/\/blogs.correiobraziliense.com.br\/vicente\/wp-json\/wp\/v2\/types\/post"}],"author":[{"embeddable":true,"href":"https:\/\/blogs.correiobraziliense.com.br\/vicente\/wp-json\/wp\/v2\/users\/22"}],"replies":[{"embeddable":true,"href":"https:\/\/blogs.correiobraziliense.com.br\/vicente\/wp-json\/wp\/v2\/comments?post=18770"}],"version-history":[{"count":3,"href":"https:\/\/blogs.correiobraziliense.com.br\/vicente\/wp-json\/wp\/v2\/posts\/18770\/revisions"}],"predecessor-version":[{"id":18782,"href":"https:\/\/blogs.correiobraziliense.com.br\/vicente\/wp-json\/wp\/v2\/posts\/18770\/revisions\/18782"}],"wp:featuredmedia":[{"embeddable":true,"href":"https:\/\/blogs.correiobraziliense.com.br\/vicente\/wp-json\/wp\/v2\/media\/15703"}],"wp:attachment":[{"href":"https:\/\/blogs.correiobraziliense.com.br\/vicente\/wp-json\/wp\/v2\/media?parent=18770"}],"wp:term":[{"taxonomy":"category","embeddable":true,"href":"https:\/\/blogs.correiobraziliense.com.br\/vicente\/wp-json\/wp\/v2\/categories?post=18770"},{"taxonomy":"post_tag","embeddable":true,"href":"https:\/\/blogs.correiobraziliense.com.br\/vicente\/wp-json\/wp\/v2\/tags?post=18770"}],"curies":[{"name":"wp","href":"https:\/\/api.w.org\/{rel}","templated":true}]}}