{"id":18761,"date":"2021-05-11T09:08:25","date_gmt":"2021-05-11T12:08:25","guid":{"rendered":"https:\/\/blogs.correiobraziliense.com.br\/vicente\/?p=18761"},"modified":"2021-05-11T18:24:06","modified_gmt":"2021-05-11T21:24:06","slug":"bc-reforca-na-ata-sinalizacao-de-um-ciclo-de-alta-parcial-da-selic","status":"publish","type":"post","link":"https:\/\/blogs.correiobraziliense.com.br\/vicente\/bc-reforca-na-ata-sinalizacao-de-um-ciclo-de-alta-parcial-da-selic\/","title":{"rendered":"BC refor\u00e7a na ata sinaliza\u00e7\u00e3o de um ciclo de alta parcial da Selic"},"content":{"rendered":"<h2>ROSANA HESSEL<\/h2>\n<h2><\/h2>\n<h2>Em uma ata mais enxuta, com quatro par\u00e1grafos a menos do que na anterior, o Comit\u00ea de Pol\u00edtica Monet\u00e1ria (Copom), do Banco Central, refor\u00e7ou o ajuste parcial da taxa b\u00e1sica de juros (Selic) neste ano, contrariando a expectativa do mercado de que ele sinalizaria a continuidade do ciclo de alta, iniciado em mar\u00e7o, at\u00e9 o fim do do ano.<\/h2>\n<h2><\/h2>\n<p>Na \u00faltima reuni\u00e3o, realizada nos dias 4 e 5 de maio, <a href=\"https:\/\/blogs.correiobraziliense.com.br\/vicente\/banco-central-eleva-taxa-selic-de-275-para-350-ao-ano\/\">o Copom elevou a taxa b\u00e1sica de 2,75% para 3,50%<\/a> e ainda sinalizou nova alta de 0,75 ponto percentual na reuni\u00e3o de junho, o que elevar\u00e1 a Selic para 4,25%. A decis\u00e3o foi un\u00e2nime.\u00a0As expectativas de infla\u00e7\u00e3o para 2021, 2022 e 2023 apuradas pela pesquisa Focus, na semana da reuni\u00e3o, estavam em 5,0%, 3,6% e 3,25%, respectivamente.<\/p>\n<p>&nbsp;<\/p>\n<p>Para justificar o movimento da \u00faltima reuni\u00e3o e repeti-lo na pr\u00f3xima, o Copom informou <a href=\"https:\/\/www.bcb.gov.br\/publicacoes\/atascopom\">na ata, divulgada nesta ter\u00e7a-feira (11\/05),<\/a> que &#8220;considerou diferentes trajet\u00f3rias de normaliza\u00e7\u00e3o de juros&#8221;. &#8220;Levando em conta o cen\u00e1rio b\u00e1sico e o balan\u00e7o de riscos, o Comit\u00ea avaliou que na\u00a0pr\u00f3xima reuni\u00e3o seria adequado outro ajuste da mesma magnitude, caso n\u00e3o haja\u00a0mudan\u00e7a nos condicionantes de infla\u00e7\u00e3o&#8221;, escreveu.<\/p>\n<p>&nbsp;<\/p>\n<p>Adicionalmente, destacou que observou que eleva\u00e7\u00f5es de\u00a0juros subsequentes, sem interrup\u00e7\u00e3o, at\u00e9 o patamar considerado neutro implicam &#8220;proje\u00e7\u00f5es consideravelmente abaixo da meta de infla\u00e7\u00e3o no horizonte relevante&#8221;, ou seja, para 2022 e 2023. &#8220;O\u00a0Copom reafirmou que essa vis\u00e3o para as pr\u00f3ximas reuni\u00f5es pode ser alterada caso haja\u00a0mudan\u00e7a nas proje\u00e7\u00f5es de infla\u00e7\u00e3o ou no balan\u00e7o de riscos, uma vez que a decis\u00e3o\u00a0continuar\u00e1 dependendo da evolu\u00e7\u00e3o da atividade econ\u00f4mica, do balan\u00e7o de riscos, e\u00a0das proje\u00e7\u00f5es e expectativas de infla\u00e7\u00e3o&#8221;, complementou.<\/p>\n<p>&nbsp;<\/p>\n<p>O economista-chefe do Banco Alfa, Luis Ot\u00e1vio de Souza Leal, considerou essa sinaliza\u00e7\u00e3o o principal ponto da ata. &#8220;Ao contr\u00e1rio do que boa parte do mercado achava, de que ele iria dar um vi\u00e9s para um ajuste total, ele d\u00e1 mais for\u00e7a para o ajuste parcial&#8221;, afirmou Leal, em entrevista ao <strong>Blog<\/strong>.<\/p>\n<p>&nbsp;<\/p>\n<p>Na ata, o\u00a0Comit\u00ea voltou a afirmar que o cen\u00e1rio b\u00e1sico apresenta riscos &#8220;em ambas as dire\u00e7\u00f5es&#8221;.\u00a0Ao sinalizar a &#8220;normaliza\u00e7\u00e3o parcial&#8221;, algumas apostas indicavam que os juros continuar\u00e3o subindo at\u00e9 setembro, pelo menos, deixando a Selic ainda em um patamar estimulativo, ou seja, abaixo de 6,5% &#8212; considerado o limite para a taxa de juros neutra para a atividade.<\/p>\n<p>&nbsp;<\/p>\n<p>Contudo, o\u00a0aumento das press\u00f5es inflacion\u00e1rias, indicando que o \u00cdndice de Pre\u00e7os ao Consumidor Amplo (IPCA) dever\u00e1 encerrar dezembro perto do teto da meta determinada pelo Conselho Monet\u00e1rio Nacional (CMN), de 5,25%, tem feito os agentes financeiros apostar em uma continuidade do ciclo de alta da Selic at\u00e9 dezembro, ou janeiro de 2022.<\/p>\n<p>&nbsp;<\/p>\n<p>Ao explicar a discuss\u00e3o entre os membros sobre o termo &#8220;normaliza\u00e7\u00e3o parcial&#8221;, Copom informou na ata que entende que a men\u00e7\u00e3o \u00e0\u00a0\u201cnormaliza\u00e7\u00e3o parcial\u201d, assim como a divulga\u00e7\u00e3o do juro neutro e do hiato do produto\u00a0impl\u00edcitos nos modelos utilizados pelo Comit\u00ea, amplia a transpar\u00eancia sobre a fun\u00e7\u00e3o de\u00a0rea\u00e7\u00e3o do Banco Central e, consequentemente, aumenta a efici\u00eancia da pol\u00edtica monet\u00e1ria. &#8220;Naturalmente, o Copom reavalia seu cen\u00e1rio a cada reuni\u00e3o tendo como compromisso a\u00a0converg\u00eancia da infla\u00e7\u00e3o para a meta no horizonte relevante&#8221;, acrescentou o documento de 19 par\u00e1grafos.<\/p>\n<p>&nbsp;<\/p>\n<p>Na ata, assim como no comunicado da reuni\u00e3o do Copom, o comit\u00ea demonstrou uma preocupa\u00e7\u00e3o com a atividade econ\u00f4mica menor do que na ata anterior, sinalizando mais otimismo do que na \u00faltima reuni\u00e3o.\u00a0 Para o Comit\u00ea, apesar de a intensidade da segunda onda da pandemia ter sido maior que a esperada, &#8220;os \u00faltimos\u00a0dados dispon\u00edveis de atividade t\u00eam surpreendido positivamente&#8221;.<\/p>\n<p>&nbsp;<\/p>\n<p>De acordo com o documento, a vacina\u00e7\u00e3o ser\u00e1 a chave para uma retomada mais robusta ao longo do ano. &#8220;O segundo\u00a0semestre do ano deve mostrar uma retomada robusta da atividade, na medida em que\u00a0os efeitos da vacina\u00e7\u00e3o sejam sentidos de forma mais abrangente&#8221;, destacou.<\/p>\n<p>&nbsp;<\/p>\n<p>O colegiado refor\u00e7ou, assim como no comunicado, que o cen\u00e1rio b\u00e1sico para a infla\u00e7\u00e3o envolve fatores de risco &#8220;em ambas as\u00a0dire\u00e7\u00f5es&#8221;.\u00a0 Por um lado, o processo de recupera\u00e7\u00e3o econ\u00f4mica dos efeitos da pandemia &#8220;pode\u00a0ser mais lento do que o estimado, produzindo trajet\u00f3ria de infla\u00e7\u00e3o abaixo do esperado&#8221;, e, por outro,\u00a0 &#8220;novos prolongamentos das pol\u00edticas fiscais de resposta \u00e0 pandemia\u00a0que piorem a trajet\u00f3ria fiscal do pa\u00eds, ou frustra\u00e7\u00f5es em rela\u00e7\u00e3o \u00e0 continuidade das\u00a0reformas, podem pressionar ainda mais os pr\u00eamios de risco do pa\u00eds&#8221;.<\/p>\n<p>&nbsp;<\/p>\n<p>De acordo com a ata, &#8220;o risco fiscal\u00a0elevado segue criando uma assimetria altista no balan\u00e7o de riscos, ou seja, com\u00a0trajet\u00f3rias para a infla\u00e7\u00e3o acima do projetado no horizonte relevante para a pol\u00edtica\u00a0monet\u00e1ria&#8221;, o que, poder\u00e1 influenciar diretamente o c\u00e2mbio, que dever\u00e1 continuar elevado.<\/p>\n<p>&nbsp;<\/p>\n","protected":false},"excerpt":{"rendered":"<p>ROSANA HESSEL Em uma ata mais enxuta, com quatro par\u00e1grafos a menos do que na anterior, o Comit\u00ea de Pol\u00edtica Monet\u00e1ria (Copom), do Banco Central, refor\u00e7ou o ajuste parcial da taxa b\u00e1sica de juros (Selic) neste ano, contrariando a expectativa do mercado de que ele sinalizaria a continuidade do ciclo de alta, iniciado em mar\u00e7o, [&hellip;]<\/p>\n","protected":false},"author":22,"featured_media":15102,"comment_status":"open","ping_status":"closed","sticky":false,"template":"","format":"standard","meta":{"footnotes":""},"categories":[600],"tags":[730,3,99,4,5447,34],"class_list":["post-18761","post","type-post","status-publish","format-standard","has-post-thumbnail","hentry","category-economia","tag-ata","tag-banco-central","tag-copom","tag-juros","tag-normalizacao-parcial","tag-selic"],"_links":{"self":[{"href":"https:\/\/blogs.correiobraziliense.com.br\/vicente\/wp-json\/wp\/v2\/posts\/18761","targetHints":{"allow":["GET"]}}],"collection":[{"href":"https:\/\/blogs.correiobraziliense.com.br\/vicente\/wp-json\/wp\/v2\/posts"}],"about":[{"href":"https:\/\/blogs.correiobraziliense.com.br\/vicente\/wp-json\/wp\/v2\/types\/post"}],"author":[{"embeddable":true,"href":"https:\/\/blogs.correiobraziliense.com.br\/vicente\/wp-json\/wp\/v2\/users\/22"}],"replies":[{"embeddable":true,"href":"https:\/\/blogs.correiobraziliense.com.br\/vicente\/wp-json\/wp\/v2\/comments?post=18761"}],"version-history":[{"count":7,"href":"https:\/\/blogs.correiobraziliense.com.br\/vicente\/wp-json\/wp\/v2\/posts\/18761\/revisions"}],"predecessor-version":[{"id":18780,"href":"https:\/\/blogs.correiobraziliense.com.br\/vicente\/wp-json\/wp\/v2\/posts\/18761\/revisions\/18780"}],"wp:featuredmedia":[{"embeddable":true,"href":"https:\/\/blogs.correiobraziliense.com.br\/vicente\/wp-json\/wp\/v2\/media\/15102"}],"wp:attachment":[{"href":"https:\/\/blogs.correiobraziliense.com.br\/vicente\/wp-json\/wp\/v2\/media?parent=18761"}],"wp:term":[{"taxonomy":"category","embeddable":true,"href":"https:\/\/blogs.correiobraziliense.com.br\/vicente\/wp-json\/wp\/v2\/categories?post=18761"},{"taxonomy":"post_tag","embeddable":true,"href":"https:\/\/blogs.correiobraziliense.com.br\/vicente\/wp-json\/wp\/v2\/tags?post=18761"}],"curies":[{"name":"wp","href":"https:\/\/api.w.org\/{rel}","templated":true}]}}