{"id":18756,"date":"2021-05-10T23:01:15","date_gmt":"2021-05-11T02:01:15","guid":{"rendered":"https:\/\/blogs.correiobraziliense.com.br\/vicente\/?p=18756"},"modified":"2021-05-10T23:58:22","modified_gmt":"2021-05-11T02:58:22","slug":"banco-do-brasil-troca-mais-dois-vice-presidentes-e-divide-uma-vice-em-duas","status":"publish","type":"post","link":"https:\/\/blogs.correiobraziliense.com.br\/vicente\/banco-do-brasil-troca-mais-dois-vice-presidentes-e-divide-uma-vice-em-duas\/","title":{"rendered":"Banco do Brasil troca mais dois vice-presidentes e divide uma vice em duas"},"content":{"rendered":"<h2>O novo presidente do Banco do Brasil, Fausto Ribeiro, anunciou, nesta segunda-feira, mais tr\u00eas novos vice-presidentes. No total, foram substitu\u00eddos sete executivos. Al\u00e9m disso, a vice-presid\u00eancia de Agroneg\u00f3cios e Governo foi dividida em duas. Dentro da institui\u00e7\u00e3o, acredita-se que a nova configura\u00e7\u00e3o das vice-presidentes est\u00e1 conclu\u00edda.<\/h2>\n<p>&nbsp;<\/p>\n<p>Em comunicado ao mercado, o Banco do Brasil informa que a divis\u00e3o da vice-presid\u00eancia de Agroneg\u00f3cios e de Governo &#8220;visa aumentar o foco estrat\u00e9gico\u00a0para a \u00e1rea de agroneg\u00f3cios&#8221;, um dos pilares de sua atua\u00e7\u00e3o.<\/p>\n<p>&nbsp;<\/p>\n<p>Com isso,\u00a0Ant\u00f4nio Jos\u00e9 Barreto de Ara\u00fajo J\u00fanior, como antecipou o <strong>Blog<\/strong>, foi indicado para a vice-presid\u00eancia de Governo, Renato Luiz Bellinetti Naegele, como vice-presidente de Agroneg\u00f3cios, e Marcelo Cavalcante de Oliveira\u00a0Lima, como vice-presidente de Desenvolvimento de Neg\u00f3cios e Tecnologia.<\/p>\n<p>&nbsp;<\/p>\n<p>Vejam quem s\u00e3o os novos vice-presidentes do Banco do Brasil:<\/p>\n<p>&nbsp;<\/p>\n<p>Ant\u00f4nio Jos\u00e9 Barreto de Ara\u00fajo J\u00fanior \u00e9 graduado em engenharia mec\u00e2nica pela UNIP, com especializa\u00e7\u00e3o em Marketing pela PUC-RJ, MBA em Gest\u00e3o Empresarial pela FGV-SP e curso\u00a0de lideran\u00e7a executiva pela Dale Carnegie Training. \u00c9 funcion\u00e1rio de carreira do BB desde\u00a01998, ocupando v\u00e1rias posi\u00e7\u00f5es gerenciais na rede e em superintend\u00eancias. Coordenou a\u00a0equipe de integra\u00e7\u00e3o do Banco Nossa Caixa ap\u00f3s a aquisi\u00e7\u00e3o pelo BB. Atualmente, \u00e9 secret\u00e1rio Especial de Desenvolvimento Social no Minist\u00e9rio da Cidadania, onde tamb\u00e9m atuou como\u00a0secret\u00e1rio executivo em 2020. Na Casa Civil, foi subchefe de An\u00e1lise e\u00a0Acompanhamento de Pol\u00edticas Governamentais e Subchefe de Articula\u00e7\u00e3o e Monitoramento de\u00a02019 a 2020. Foi do conselhos de administra\u00e7\u00e3o da BNDES e da Terracap, al\u00e9m dos conselhos fiscais do BASA e da Brasilprev.<\/p>\n<p>&nbsp;<\/p>\n<p>Renato Luiz Bellinetti Naegele \u00e9 engenheiro agr\u00f4nomo, com especializa\u00e7\u00f5es em Economia\u00a0Moderna e Gest\u00e3o Executiva. Funcion\u00e1rio de carreira do BB de 1982 a 2015, tendo atuado como gerente executivo de Neg\u00f3cios com o setor p\u00fablico, chefe da Consultoria T\u00e9cnica da presid\u00eancia e Diretor de Marketing e Comunica\u00e7\u00e3o. No exterior, foi vice-presidente do Banco Patagonia e gerente-geral do BB no Chile. Participou dos conselhos de\u00a0administra\u00e7\u00e3o no Brasil e no exterior. Foi s\u00f3cio-diretor da consultoria Macroplan, esteve\u00a0no governo federal (1987 a 1996) e no Senado Federal (2016 a 2018). Atualmente, \u00e9 assessor especial do Presidente do Banco do Brasil.<\/p>\n<p>&nbsp;<\/p>\n<p>Marcelo Cavalcante de Oliveira Lima \u00e9 graduado em Engenharia Eletr\u00f4nica com \u00eanfase em computa\u00e7\u00e3o. P\u00f3s-graduado em Sistemas Orientados a Objetos, em Administra\u00e7\u00e3o Estrat\u00e9gica\u00a0de Sistemas de Informa\u00e7\u00e3o e em Gest\u00e3o Avan\u00e7ada de Neg\u00f3cios. Funcion\u00e1rio de carreira do\u00a0Banco do Brasil de 1988 a 2019, tendo atuado como diretor administrativo financeiro da BB Tecnologia e\u00a0Servi\u00e7os, como gerente de tecnologia no exterior para a Europa, Oriente M\u00e9dio e \u00c1frica,\u00a0sediado em Londres de 2009 a 2015. Foi gerente executivo na Diretoria de Tecnologia no entre\u00a02003 a 2009. Antes, atuou em diversas posi\u00e7\u00f5es na \u00e1rea de\u00a0tecnologia da institui\u00e7\u00e3o.<\/p>\n<p>&nbsp;<\/p>\n<p><em>Bras\u00edlia, 23h01min<\/em><\/p>\n","protected":false},"excerpt":{"rendered":"<p>O novo presidente do Banco do Brasil, Fausto Ribeiro, anunciou, nesta segunda-feira, mais tr\u00eas novos vice-presidentes. No total, foram substitu\u00eddos sete executivos. Al\u00e9m disso, a vice-presid\u00eancia de Agroneg\u00f3cios e Governo foi dividida em duas. Dentro da institui\u00e7\u00e3o, acredita-se que a nova configura\u00e7\u00e3o das vice-presidentes est\u00e1 conclu\u00edda. &nbsp; Em comunicado ao mercado, o Banco do Brasil [&hellip;]<\/p>\n","protected":false},"author":22,"featured_media":10404,"comment_status":"open","ping_status":"closed","sticky":false,"template":"","format":"standard","meta":{"footnotes":""},"categories":[600],"tags":[5445,589,4943,5446,4547],"class_list":["post-18756","post","type-post","status-publish","format-standard","has-post-thumbnail","hentry","category-economia","tag-banco-do-brasil-troca-mais-tres-vice-presidentes-no-total","tag-economia","tag-financas","tag-foram-sete-mudancas","tag-negocios"],"_links":{"self":[{"href":"https:\/\/blogs.correiobraziliense.com.br\/vicente\/wp-json\/wp\/v2\/posts\/18756","targetHints":{"allow":["GET"]}}],"collection":[{"href":"https:\/\/blogs.correiobraziliense.com.br\/vicente\/wp-json\/wp\/v2\/posts"}],"about":[{"href":"https:\/\/blogs.correiobraziliense.com.br\/vicente\/wp-json\/wp\/v2\/types\/post"}],"author":[{"embeddable":true,"href":"https:\/\/blogs.correiobraziliense.com.br\/vicente\/wp-json\/wp\/v2\/users\/22"}],"replies":[{"embeddable":true,"href":"https:\/\/blogs.correiobraziliense.com.br\/vicente\/wp-json\/wp\/v2\/comments?post=18756"}],"version-history":[{"count":4,"href":"https:\/\/blogs.correiobraziliense.com.br\/vicente\/wp-json\/wp\/v2\/posts\/18756\/revisions"}],"predecessor-version":[{"id":18760,"href":"https:\/\/blogs.correiobraziliense.com.br\/vicente\/wp-json\/wp\/v2\/posts\/18756\/revisions\/18760"}],"wp:featuredmedia":[{"embeddable":true,"href":"https:\/\/blogs.correiobraziliense.com.br\/vicente\/wp-json\/wp\/v2\/media\/10404"}],"wp:attachment":[{"href":"https:\/\/blogs.correiobraziliense.com.br\/vicente\/wp-json\/wp\/v2\/media?parent=18756"}],"wp:term":[{"taxonomy":"category","embeddable":true,"href":"https:\/\/blogs.correiobraziliense.com.br\/vicente\/wp-json\/wp\/v2\/categories?post=18756"},{"taxonomy":"post_tag","embeddable":true,"href":"https:\/\/blogs.correiobraziliense.com.br\/vicente\/wp-json\/wp\/v2\/tags?post=18756"}],"curies":[{"name":"wp","href":"https:\/\/api.w.org\/{rel}","templated":true}]}}