{"id":18740,"date":"2021-05-07T11:46:35","date_gmt":"2021-05-07T14:46:35","guid":{"rendered":"https:\/\/blogs.correiobraziliense.com.br\/vicente\/?p=18740"},"modified":"2021-05-07T11:46:35","modified_gmt":"2021-05-07T14:46:35","slug":"itau-melhora-projecao-do-pib-de-2021-mas-mantem-a-de-2022","status":"publish","type":"post","link":"https:\/\/blogs.correiobraziliense.com.br\/vicente\/itau-melhora-projecao-do-pib-de-2021-mas-mantem-a-de-2022\/","title":{"rendered":"Ita\u00fa melhora proje\u00e7\u00e3o do PIB de 2021, mas mant\u00e9m a de 2022"},"content":{"rendered":"<p>ROSANA HESSEL<\/p>\n<p>&nbsp;<\/p>\n<p>O Ita\u00fa Unibanco elevou de 3,8% para 4% a previs\u00e3o de crescimento do Produto Interno Bruto (PIB) brasileiro de 2021, porque os indicadores recentes do impacto da segunda onda da pandemia da covid-19 no pa\u00eds est\u00e3o mais &#8220;moderados do que o observado na primeira onda&#8221;. Contudo, manteve em 1,8% a estimativa para o avan\u00e7o em 2022, sinalizando uma desacelera\u00e7\u00e3o, e ainda piorou as proje\u00e7\u00f5es para a infla\u00e7\u00e3o.<\/p>\n<p>&nbsp;<\/p>\n<p>&#8220;H\u00e1 sinais de arrefecimento da segunda onda de coronav\u00edrus, em meio ao avan\u00e7o da vacina\u00e7\u00e3o, sobretudo da popula\u00e7\u00e3o sob maior risco. No entanto, os sistemas de sa\u00fade ainda est\u00e3o pressionados, e h\u00e1 riscos relacionados ao surgimento de novas variantes, \u00e0 efic\u00e1cia das vacinas e \u00e0 chegada de insumos e imunizantes do exterior&#8221;, informou o comunicado da institui\u00e7\u00e3o financeira com a revis\u00e3o de cen\u00e1rios, divulgado nesta sexta-feira (07\/05).<\/p>\n<p>&nbsp;<\/p>\n<p>O banco elevou de 4,7% para 5,3% a previs\u00e3o para a infla\u00e7\u00e3o oficial, medida pelo \u00cdndice de Pre\u00e7os ao Consumidor Amplo (IPCA), incorporando as press\u00f5es da alta dos pre\u00e7os das commodities agr\u00edcolas e da conta de luz. Para 2022, o banco manteve a proje\u00e7\u00e3o de 3,6% para o IPCA. &#8220;O principal risco para o pr\u00f3ximo ano \u00e9 de desancoragem das expectativas de infla\u00e7\u00e3o dos agentes&#8221;, alertou.<\/p>\n<p>&nbsp;<\/p>\n<p>A nova previs\u00e3o do Ita\u00fa para o PIB de 2021 continua mais otimista do que o governo, que prev\u00ea expans\u00e3o de 3,2% no PIB deste ano, e do que a mediana das proje\u00e7\u00f5es do mercado, de 3,14%. J\u00e1 a nova estimativa para a infla\u00e7\u00e3o no fim do ano, de 5,3%, \u00e9 mais pessimista do que a mediana, de 5,04%.<\/p>\n<p>&nbsp;<\/p>\n<p>A equipe liderada pelo economista-chefe M\u00e1rio Mesquita projeta um deficit prim\u00e1rio de 2,8% do PIB nas contas do governo em 2021. Para 2022, o saldo negativo previsto \u00e9 de 2% do PIB em 2022. &#8220;Dada a din\u00e2mica da pandemia e suas consequ\u00eancias econ\u00f4micas e sociais, existe um risco n\u00e3o desprez\u00edvel de flexibiliza\u00e7\u00e3o adicional do regime fiscal do teto de gastos \u00e0 frente&#8221;, informou.<\/p>\n<p>&nbsp;<\/p>\n<p>Em rela\u00e7\u00e3o ao c\u00e2mbio, o banco manteve a proje\u00e7\u00e3o para o d\u00f3lar em R$ 5,30 no fim de 2021 e de R$ 5,50, em dezembro de 2022. Segundo a entidade, a eleva\u00e7\u00e3o da taxa b\u00e1sica de juros (Selic) e os pre\u00e7os de commodities &#8220;s\u00e3o for\u00e7as importantes para aprecia\u00e7\u00e3o da moeda no curto prazo, mas ainda existem incertezas dom\u00e9sticas relacionadas \u00e0 evolu\u00e7\u00e3o da pandemia e da trajet\u00f3ria fiscal&#8221;.<\/p>\n<p>&nbsp;<\/p>\n<p>Na quarta-feira (5), o Comit\u00ea de Pol\u00edtica Monet\u00e1ria (Copom), do Banco Central, elevou a taxa Selic em 0,75 ponto percentual, de 2,75% para 3,50% ao ano e indicou alta da mesma magnitude para junho, o que elevar\u00e1 os juros b\u00e1sicos para 4,25% anuais. O Ita\u00fa manteve a previs\u00e3o para a Selic em 5,50% anuais em dezembro deste ano.<\/p>\n","protected":false},"excerpt":{"rendered":"<p>ROSANA HESSEL &nbsp; O Ita\u00fa Unibanco elevou de 3,8% para 4% a previs\u00e3o de crescimento do Produto Interno Bruto (PIB) brasileiro de 2021, porque os indicadores recentes do impacto da segunda onda da pandemia da covid-19 no pa\u00eds est\u00e3o mais &#8220;moderados do que o observado na primeira onda&#8221;. Contudo, manteve em 1,8% a estimativa para [&hellip;]<\/p>\n","protected":false},"author":22,"featured_media":14173,"comment_status":"open","ping_status":"closed","sticky":false,"template":"","format":"standard","meta":{"footnotes":""},"categories":[600],"tags":[1212,58,5443,5444],"class_list":["post-18740","post","type-post","status-publish","format-standard","has-post-thumbnail","hentry","category-economia","tag-itau-unibanco","tag-pib","tag-projecao","tag-revisao-de-cenario"],"_links":{"self":[{"href":"https:\/\/blogs.correiobraziliense.com.br\/vicente\/wp-json\/wp\/v2\/posts\/18740","targetHints":{"allow":["GET"]}}],"collection":[{"href":"https:\/\/blogs.correiobraziliense.com.br\/vicente\/wp-json\/wp\/v2\/posts"}],"about":[{"href":"https:\/\/blogs.correiobraziliense.com.br\/vicente\/wp-json\/wp\/v2\/types\/post"}],"author":[{"embeddable":true,"href":"https:\/\/blogs.correiobraziliense.com.br\/vicente\/wp-json\/wp\/v2\/users\/22"}],"replies":[{"embeddable":true,"href":"https:\/\/blogs.correiobraziliense.com.br\/vicente\/wp-json\/wp\/v2\/comments?post=18740"}],"version-history":[{"count":2,"href":"https:\/\/blogs.correiobraziliense.com.br\/vicente\/wp-json\/wp\/v2\/posts\/18740\/revisions"}],"predecessor-version":[{"id":18742,"href":"https:\/\/blogs.correiobraziliense.com.br\/vicente\/wp-json\/wp\/v2\/posts\/18740\/revisions\/18742"}],"wp:featuredmedia":[{"embeddable":true,"href":"https:\/\/blogs.correiobraziliense.com.br\/vicente\/wp-json\/wp\/v2\/media\/14173"}],"wp:attachment":[{"href":"https:\/\/blogs.correiobraziliense.com.br\/vicente\/wp-json\/wp\/v2\/media?parent=18740"}],"wp:term":[{"taxonomy":"category","embeddable":true,"href":"https:\/\/blogs.correiobraziliense.com.br\/vicente\/wp-json\/wp\/v2\/categories?post=18740"},{"taxonomy":"post_tag","embeddable":true,"href":"https:\/\/blogs.correiobraziliense.com.br\/vicente\/wp-json\/wp\/v2\/tags?post=18740"}],"curies":[{"name":"wp","href":"https:\/\/api.w.org\/{rel}","templated":true}]}}