{"id":18731,"date":"2021-05-07T10:03:41","date_gmt":"2021-05-07T13:03:41","guid":{"rendered":"https:\/\/blogs.correiobraziliense.com.br\/vicente\/?p=18731"},"modified":"2021-05-07T19:00:24","modified_gmt":"2021-05-07T22:00:24","slug":"abril-registra-novo-recorde-de-desmatamento-na-amazonia-alerta-greenpeace","status":"publish","type":"post","link":"https:\/\/blogs.correiobraziliense.com.br\/vicente\/abril-registra-novo-recorde-de-desmatamento-na-amazonia-alerta-greenpeace\/","title":{"rendered":"Abril registra novo recorde de desmatamento na Amaz\u00f4nia, alerta Greenpeace"},"content":{"rendered":"<p>ROSANA HESSEL<\/p>\n<p>&nbsp;<\/p>\n<p>Os dados do sistema Deter, do Instituto de Pesquisas Espaciais (Inpe), divulgados nesta sexta-feira (07\/05), somente neste m\u00eas, ao menos 58 mil hectares de floresta foram perdidos, indicando que a \u00e1rea com alertas de desmatamento para abril de 2021, na Amaz\u00f4nia, &#8220;\u00e9 a maior da s\u00e9rie hist\u00f3rica&#8221;, de acordo com o Greenpeace Brasil.<\/p>\n<p>&nbsp;<\/p>\n<p>De acordo com a entidade, mesmo com uma cobertura de nuvens praticamente igual, esse n\u00famero aponta que houve um aumento de 43% em rela\u00e7\u00e3o a abril de 2020, mas a \u00e1rea desmatada pode ser maior.<\/p>\n<p>&nbsp;<\/p>\n<p>\u201cO que j\u00e1 \u00e9 ruim, pode piorar, com Ricardo Salles trabalhando contra o meio ambiente e o Congresso Nacional trabalhando para legalizar grilagem, flexibilizar o licenciamento ambiental e abrir terras ind\u00edgenas para minera\u00e7\u00e3o. O desmatamento vai continuar em alta se nada for feito e \u00e9 dif\u00edcil imaginar que uma solu\u00e7\u00e3o seja apresentada por um governo que \u00e9 respons\u00e1vel por um aumento hist\u00f3rico do desmatamento e que represa e corta recursos para a prote\u00e7\u00e3o do meio ambiente\u201d, comenta R\u00f4mulo Batista, porta-voz do Greenpeace Brasil, em comunicado enviado ao <strong>Blog<\/strong>.<\/p>\n<p>&nbsp;<\/p>\n<p>Segundo a ONG, devido \u00e0 impunidade forte no campo e na floresta, &#8220;grandes pol\u00edgonos de desmatamento t\u00eam sido cada vez mais observados nas imagens de sat\u00e9lite, com \u00e1reas de mil, 3 mil e at\u00e9 5 mil hectares, trazendo \u00e0 cena taxas anuais n\u00e3o observadas desde 2008&#8221;.\u00a0 Logo, &#8220;n\u00e3o ser\u00e1 uma promessa vazia de duplicar o or\u00e7amento para fiscaliza\u00e7\u00e3o e controle na Amaz\u00f4nia na c\u00fapula clim\u00e1tica, o uso do peso pol\u00edtico e o apoio do centr\u00e3o para aprovar leis que legalizam grilagem e desmatamento ocorridos recentemente, a abertura de Terras Ind\u00edgenas para minera\u00e7\u00e3o e apropria\u00e7\u00e3o do agroneg\u00f3cio e a liberaliza\u00e7\u00e3o geral do licenciamento ambiental, que v\u00e3o diminuir essa destrui\u00e7\u00e3o&#8221;.<\/p>\n<p>&nbsp;<\/p>\n<p>\u201cEsse n\u00famero \u00e9 s\u00f3 mais uma prova de que as palavras proferidas na c\u00fapula do clima foram ao vento. Aqui no Brasil, esse governo continua sistematicamente atacando os \u00f3rg\u00e3os de comando e controle, impedindo o seu funcionamento, cortando or\u00e7amento e empurrando leis absurdas para avan\u00e7ar sobre a floresta. Como se tudo isso j\u00e1 n\u00e3o fosse ruim, ainda iniciou uma persegui\u00e7\u00e3o sistem\u00e1tica \u00e0s lideran\u00e7as ind\u00edgenas e todos aqueles que exp\u00f5em a verdade desse governo negacionista e omisso que nos leva a recordes de desmatamentos e mortes devido a pandemia\u201d, completou o ambientalista.<\/p>\n","protected":false},"excerpt":{"rendered":"<p>ROSANA HESSEL &nbsp; Os dados do sistema Deter, do Instituto de Pesquisas Espaciais (Inpe), divulgados nesta sexta-feira (07\/05), somente neste m\u00eas, ao menos 58 mil hectares de floresta foram perdidos, indicando que a \u00e1rea com alertas de desmatamento para abril de 2021, na Amaz\u00f4nia, &#8220;\u00e9 a maior da s\u00e9rie hist\u00f3rica&#8221;, de acordo com o Greenpeace [&hellip;]<\/p>\n","protected":false},"author":22,"featured_media":0,"comment_status":"open","ping_status":"closed","sticky":false,"template":"","format":"standard","meta":{"footnotes":""},"categories":[600],"tags":[],"class_list":["post-18731","post","type-post","status-publish","format-standard","hentry","category-economia"],"_links":{"self":[{"href":"https:\/\/blogs.correiobraziliense.com.br\/vicente\/wp-json\/wp\/v2\/posts\/18731","targetHints":{"allow":["GET"]}}],"collection":[{"href":"https:\/\/blogs.correiobraziliense.com.br\/vicente\/wp-json\/wp\/v2\/posts"}],"about":[{"href":"https:\/\/blogs.correiobraziliense.com.br\/vicente\/wp-json\/wp\/v2\/types\/post"}],"author":[{"embeddable":true,"href":"https:\/\/blogs.correiobraziliense.com.br\/vicente\/wp-json\/wp\/v2\/users\/22"}],"replies":[{"embeddable":true,"href":"https:\/\/blogs.correiobraziliense.com.br\/vicente\/wp-json\/wp\/v2\/comments?post=18731"}],"version-history":[{"count":5,"href":"https:\/\/blogs.correiobraziliense.com.br\/vicente\/wp-json\/wp\/v2\/posts\/18731\/revisions"}],"predecessor-version":[{"id":18755,"href":"https:\/\/blogs.correiobraziliense.com.br\/vicente\/wp-json\/wp\/v2\/posts\/18731\/revisions\/18755"}],"wp:attachment":[{"href":"https:\/\/blogs.correiobraziliense.com.br\/vicente\/wp-json\/wp\/v2\/media?parent=18731"}],"wp:term":[{"taxonomy":"category","embeddable":true,"href":"https:\/\/blogs.correiobraziliense.com.br\/vicente\/wp-json\/wp\/v2\/categories?post=18731"},{"taxonomy":"post_tag","embeddable":true,"href":"https:\/\/blogs.correiobraziliense.com.br\/vicente\/wp-json\/wp\/v2\/tags?post=18731"}],"curies":[{"name":"wp","href":"https:\/\/api.w.org\/{rel}","templated":true}]}}