{"id":18726,"date":"2021-05-07T09:52:13","date_gmt":"2021-05-07T12:52:13","guid":{"rendered":"https:\/\/blogs.correiobraziliense.com.br\/vicente\/?p=18726"},"modified":"2021-05-07T17:08:39","modified_gmt":"2021-05-07T20:08:39","slug":"vendas-no-varejo-recuam-06-no-mes-de-marco-segundo-ibge","status":"publish","type":"post","link":"https:\/\/blogs.correiobraziliense.com.br\/vicente\/vendas-no-varejo-recuam-06-no-mes-de-marco-segundo-ibge\/","title":{"rendered":"Vendas no varejo recuam 0,6% no m\u00eas de mar\u00e7o, segundo IBGE"},"content":{"rendered":"<p>ROSANA HESSEL<\/p>\n<p>&nbsp;<\/p>\n<p><span style=\"font-weight: 400\">As vendas no varejo registraram queda de 0,6% no m\u00eas de mar\u00e7o, em rela\u00e7\u00e3o com fevereiro, quando houve avan\u00e7o de 0,5%, conforme dados do Instituto Brasileiro de Geografia e Estat\u00edstica (IBGE) divulgados nesta sexta-feira (07\/05). Na compara\u00e7\u00e3o com mar\u00e7o de 2020, o indicador registrou crescimento de 2,4%, acumulando recuo de 0,6% no ano, na s\u00e9rie com ajuste sazonal. <\/span><\/p>\n<p>&nbsp;<\/p>\n<p><span style=\"font-weight: 400\">A m\u00e9dia m\u00f3vel trimestral apresentou queda de 0,1% no primeiro trimestre de 2021, dado 1,9 ponto acima dos tr\u00eas meses encerrados em fevereiro, quando houve recuo de 2%. No acumulado em 12 meses encerrados em mar\u00e7o, o com\u00e9rcio varejista apresentou alta de 0,7%, mantendo crescimento desde outubro de 2017, de acordo com dados do IBGE.<\/span><\/p>\n<p>&nbsp;<\/p>\n<p>&nbsp;<\/p>\n<p><strong>Queda generalizada<\/strong><\/p>\n<p>&nbsp;<\/p>\n<p>Apesar de o resultado de mar\u00e7o ter sido melhor do que o esperado pelo mercado &#8212; a mediana das estimativas estava em -5,6% &#8211;, houve queda generalizada no com\u00e9rcio varejista em mar\u00e7o, refletindo o come\u00e7o do agravamento da pandemia da covid-19 no pa\u00eds, que resultou em medidas de fechamento do com\u00e9rcio de governos estaduais.<\/p>\n<p>&nbsp;<\/p>\n<p>O<span style=\"font-weight: 400\">s dados mostram que sete das oito atividades pesquisadas pelo IBGE apresentaram queda na s\u00e9rie com ajuste sazonal da Pesquisa Mensal do Com\u00e9rcio (PMC) de mar\u00e7o.<\/span><\/p>\n<p>&nbsp;<\/p>\n<p><span style=\"font-weight: 400\">O setor de tecidos, vestu\u00e1rio e cal\u00e7ados\u00a0 foi o mais atingido, com queda de 41,5% em mar\u00e7o na compara\u00e7\u00e3o com fevereiro. Na sequencia, m\u00f3veis e eletrodom\u00e9sticos (-22,0%), livros, jornais, revistas e papelaria (-19,1%), outros artigos de uso pessoal e dom\u00e9stico (-5,9%), combust\u00edveis e lubrificantes (-5,3%), equipamentos e material para escrit\u00f3rio, inform\u00e1tica e comunica\u00e7\u00e3o (-4,5%) e artigos farmac\u00eauticos, m\u00e9dicos, ortop\u00e9dicos, de perfumaria e cosm\u00e9ticos (-0,1%).<\/span><\/p>\n<p>&nbsp;<\/p>\n<p><span style=\"font-weight: 400\">A \u00fanica taxa positiva veio de hipermercados, supermercados, produtos aliment\u00edcios, bebidas e fumo, que apresentaram alta de 3,3%.<\/span><\/p>\n<p>&nbsp;<\/p>\n<p>Vale lembrar que as vendas do varejo ampliado, incluindo o com\u00e9rcio de ve\u00edculos, motos, partes e pe\u00e7as e de material de constru\u00e7\u00e3o, apresentaram queda 5,3% na compara\u00e7\u00e3o com fevereiro na s\u00e9rie com ajuste sazonal. Esse desempenho\u00a0<span style=\"font-weight: 400\">foi influenciado pelos setores de ve\u00edculos, motos, partes e pe\u00e7as (-20,0%) e de material de constru\u00e7\u00e3o (-5,6%).\u00a0 Segundo dados do IBGE, o resultado ainda mostra acelera\u00e7\u00e3o na m\u00e9dia m\u00f3vel do trimestre para -1,5%, acima do dado encerrado em fevereiro (-0,7%).\u00a0<\/span><\/p>\n<p>&nbsp;<\/p>\n<p><span style=\"font-weight: 400\">De fevereiro para mar\u00e7o de 2021, na s\u00e9rie com ajuste sazonal, a taxa m\u00e9dia nacional de vendas do com\u00e9rcio varejista mostrou queda em 22 das 27 unidades da federa\u00e7\u00e3o, com destaque para Cear\u00e1 (-19,4%), Distrito Federal (-18,1%) e Amap\u00e1 (-10,1%). Por outro lado, cinco unidades federativas registraram desempenho positivo, com destaque para Amazonas (14,9%), Acre (11,2%) e Roraima (4,2%).<\/span><\/p>\n<p>&nbsp;<\/p>\n<p><span style=\"font-weight: 400\">\u00a0<\/span><\/p>\n<p><strong>Compara\u00e7\u00e3o interanual<\/strong><\/p>\n<p>&nbsp;<\/p>\n<p><span style=\"font-weight: 400\">Na compara\u00e7\u00e3o com mar\u00e7o de 2020, o com\u00e9rcio varejista apresentou crescimento de 2,4%, com taxas positivas em quatro das oito atividades pesquisadas pelo IBGE. A principal contribui\u00e7\u00e3o veio de outros artigos de uso pessoal e dom\u00e9stico, com alta de 30,0% na compara\u00e7\u00e3o com mar\u00e7o do ano passado, com impacto de 3,0 ponto percentual na taxa geral. Esse resultado mostrou acelera\u00e7\u00e3o frente ao avan\u00e7o de 2,1%, na mesma base de compara\u00e7\u00e3o. No ano, esse setor acumula ganho de 12,8% e, no acumulado em 12 meses at\u00e9 mar\u00e7o, teve crescimento de 5,4%, acima da expans\u00e3o de 2,2% contabilizada em fevereiro.<\/span><\/p>\n<p>&nbsp;<\/p>\n<p>O\u00a0 setor de combust\u00edveis e lubrificantes apresentou perda de 1,5% em rela\u00e7\u00e3o a mar\u00e7o de 2020, o d\u00e9cimo terceiro m\u00eas consecutivo de queda, resultado de um per\u00edodo de altas nos pre\u00e7os de combust\u00edveis, segundo dados do IBGE. Com isso, tanto o primeiro trimestre de 2021 (-6,8%) quanto o acumulado nos \u00faltimos doze meses (-10,5%) permaneceram no campo negativo.<\/p>\n<p>&nbsp;<\/p>\n<p><span style=\"font-weight: 400\">A atividade do segmento de livros, jornais, revistas e papelaria, com queda de 19,7% em mar\u00e7o, registrou 14 meses consecutivos de quedas. O setor continua em retra\u00e7\u00e3o, resultado de uma redu\u00e7\u00e3o de lojas f\u00edsicas desde 2017, destacou o IBGE. Com isso, na compara\u00e7\u00e3o com o primeiro trimestre de 2020, a perda do setor foi de 43,3%. &#8220;No acumulado nos \u00faltimos 12 meses, ao passar de -42,3% para -41,8%, permanece negativo desde mar\u00e7o de 2014 (-0,2%)&#8221;, informou a nota do \u00f3rg\u00e3o.<\/span><\/p>\n<p>&nbsp;<\/p>\n<p><span style=\"font-weight: 400\">O setor de tecidos, vestu\u00e1rio e cal\u00e7ados, com recuo de 12,0%, registrou treze meses consecutivos de taxas negativas na compara\u00e7\u00e3o interanual. O setor se destacou como o segundo em termos de influ\u00eancia, no campo negativo, contribuindo com -0,5 ponto percentual na taxa geral. O acumulado do ano registrou queda de 18,2%. E, nos 12 meses encerrados em mar\u00e7o, recuou 23,8%.<\/span><\/p>\n<p>&nbsp;<\/p>\n<p><span style=\"font-weight: 400\">O segmento de hipermercados, supermercados, produtos aliment\u00edcios, bebidas e fumo, com queda de 3,9% frente a mar\u00e7o de 2020, registrou o segundo m\u00eas consecutivo no campo negativo nessa compara\u00e7\u00e3o e exerceu o maior impacto negativo na taxa global (-2,2 ponto percentual do total de 2,4%), segundo o IBGE. No primeiro trimestre de 2021, o segmento teve queda de 2,5% frente a igual trimestre de 2020. No acumulado nos \u00faltimos 12 meses, ao registrar 3,2%, o setor volta a desacelerar o crescimento pelo segundo m\u00eas consecutivo.<\/span><\/p>\n","protected":false},"excerpt":{"rendered":"<p>ROSANA HESSEL &nbsp; As vendas no varejo registraram queda de 0,6% no m\u00eas de mar\u00e7o, em rela\u00e7\u00e3o com fevereiro, quando houve avan\u00e7o de 0,5%, conforme dados do Instituto Brasileiro de Geografia e Estat\u00edstica (IBGE) divulgados nesta sexta-feira (07\/05). Na compara\u00e7\u00e3o com mar\u00e7o de 2020, o indicador registrou crescimento de 2,4%, acumulando recuo de 0,6% no [&hellip;]<\/p>\n","protected":false},"author":22,"featured_media":13023,"comment_status":"open","ping_status":"closed","sticky":false,"template":"","format":"standard","meta":{"footnotes":""},"categories":[600],"tags":[2581,334,391,4510,1342,3929],"class_list":["post-18726","post","type-post","status-publish","format-standard","has-post-thumbnail","hentry","category-economia","tag-atividade-economica","tag-comercio","tag-ibge","tag-pandemia","tag-varejo","tag-vendas"],"_links":{"self":[{"href":"https:\/\/blogs.correiobraziliense.com.br\/vicente\/wp-json\/wp\/v2\/posts\/18726","targetHints":{"allow":["GET"]}}],"collection":[{"href":"https:\/\/blogs.correiobraziliense.com.br\/vicente\/wp-json\/wp\/v2\/posts"}],"about":[{"href":"https:\/\/blogs.correiobraziliense.com.br\/vicente\/wp-json\/wp\/v2\/types\/post"}],"author":[{"embeddable":true,"href":"https:\/\/blogs.correiobraziliense.com.br\/vicente\/wp-json\/wp\/v2\/users\/22"}],"replies":[{"embeddable":true,"href":"https:\/\/blogs.correiobraziliense.com.br\/vicente\/wp-json\/wp\/v2\/comments?post=18726"}],"version-history":[{"count":13,"href":"https:\/\/blogs.correiobraziliense.com.br\/vicente\/wp-json\/wp\/v2\/posts\/18726\/revisions"}],"predecessor-version":[{"id":18751,"href":"https:\/\/blogs.correiobraziliense.com.br\/vicente\/wp-json\/wp\/v2\/posts\/18726\/revisions\/18751"}],"wp:featuredmedia":[{"embeddable":true,"href":"https:\/\/blogs.correiobraziliense.com.br\/vicente\/wp-json\/wp\/v2\/media\/13023"}],"wp:attachment":[{"href":"https:\/\/blogs.correiobraziliense.com.br\/vicente\/wp-json\/wp\/v2\/media?parent=18726"}],"wp:term":[{"taxonomy":"category","embeddable":true,"href":"https:\/\/blogs.correiobraziliense.com.br\/vicente\/wp-json\/wp\/v2\/categories?post=18726"},{"taxonomy":"post_tag","embeddable":true,"href":"https:\/\/blogs.correiobraziliense.com.br\/vicente\/wp-json\/wp\/v2\/tags?post=18726"}],"curies":[{"name":"wp","href":"https:\/\/api.w.org\/{rel}","templated":true}]}}