{"id":18715,"date":"2021-05-06T14:02:09","date_gmt":"2021-05-06T17:02:09","guid":{"rendered":"https:\/\/blogs.correiobraziliense.com.br\/vicente\/?p=18715"},"modified":"2021-05-06T13:33:18","modified_gmt":"2021-05-06T16:33:18","slug":"edital-de-privatizacao-dos-correios-deve-sair-ate-novembro","status":"publish","type":"post","link":"https:\/\/blogs.correiobraziliense.com.br\/vicente\/edital-de-privatizacao-dos-correios-deve-sair-ate-novembro\/","title":{"rendered":"Edital de privatiza\u00e7\u00e3o dos Correios deve sair at\u00e9 novembro"},"content":{"rendered":"<h2>Se todo o cronograma tra\u00e7ado pela equipe econ\u00f4mica for seguido \u00e0 risca, o edital de privatiza\u00e7\u00e3o dos Correios dever\u00e1 ser publicado at\u00e9 novembro deste ano, com a venda da empresa se concretizando ainda no in\u00edcio de 2022, antes de o processo eleitoral deslanchar.<\/h2>\n<p>&nbsp;<\/p>\n<p>O governo acredita que, nas m\u00e3os do setor privado, os Correios ampliar\u00e3o a capacidade de investimentos de R$ 300 milh\u00f5es para R$ 2 bilh\u00f5es por ano.<\/p>\n<p>&nbsp;<\/p>\n<p>T\u00e9cnicos informam que est\u00e3o dando todos os subs\u00eddios ao Legislativo para que a privatiza\u00e7\u00e3o dos Correios ocorra sem traumas e dentro do cronograma estabelecido.<\/p>\n<p>&nbsp;<\/p>\n<p>A confian\u00e7a \u00e9 grande, independentemente dos movimentos que v\u00eam sendo feitos dentro do Congresso no sentido de embarreirar a privatiza\u00e7\u00e3o da empresa.<\/p>\n<p>&nbsp;<\/p>\n<p><em>Bras\u00edlia, 14h02min\u00a0<\/em><\/p>\n","protected":false},"excerpt":{"rendered":"<p>Se todo o cronograma tra\u00e7ado pela equipe econ\u00f4mica for seguido \u00e0 risca, o edital de privatiza\u00e7\u00e3o dos Correios dever\u00e1 ser publicado at\u00e9 novembro deste ano, com a venda da empresa se concretizando ainda no in\u00edcio de 2022, antes de o processo eleitoral deslanchar. &nbsp; O governo acredita que, nas m\u00e3os do setor privado, os Correios [&hellip;]<\/p>\n","protected":false},"author":22,"featured_media":12714,"comment_status":"open","ping_status":"closed","sticky":false,"template":"","format":"standard","meta":{"footnotes":""},"categories":[600],"tags":[589,5441,4943,4547],"class_list":["post-18715","post","type-post","status-publish","format-standard","has-post-thumbnail","hentry","category-economia","tag-economia","tag-edital-de-privatizacao-dos-correios-deve-sair-ate-novembro","tag-financas","tag-negocios"],"_links":{"self":[{"href":"https:\/\/blogs.correiobraziliense.com.br\/vicente\/wp-json\/wp\/v2\/posts\/18715","targetHints":{"allow":["GET"]}}],"collection":[{"href":"https:\/\/blogs.correiobraziliense.com.br\/vicente\/wp-json\/wp\/v2\/posts"}],"about":[{"href":"https:\/\/blogs.correiobraziliense.com.br\/vicente\/wp-json\/wp\/v2\/types\/post"}],"author":[{"embeddable":true,"href":"https:\/\/blogs.correiobraziliense.com.br\/vicente\/wp-json\/wp\/v2\/users\/22"}],"replies":[{"embeddable":true,"href":"https:\/\/blogs.correiobraziliense.com.br\/vicente\/wp-json\/wp\/v2\/comments?post=18715"}],"version-history":[{"count":1,"href":"https:\/\/blogs.correiobraziliense.com.br\/vicente\/wp-json\/wp\/v2\/posts\/18715\/revisions"}],"predecessor-version":[{"id":18716,"href":"https:\/\/blogs.correiobraziliense.com.br\/vicente\/wp-json\/wp\/v2\/posts\/18715\/revisions\/18716"}],"wp:featuredmedia":[{"embeddable":true,"href":"https:\/\/blogs.correiobraziliense.com.br\/vicente\/wp-json\/wp\/v2\/media\/12714"}],"wp:attachment":[{"href":"https:\/\/blogs.correiobraziliense.com.br\/vicente\/wp-json\/wp\/v2\/media?parent=18715"}],"wp:term":[{"taxonomy":"category","embeddable":true,"href":"https:\/\/blogs.correiobraziliense.com.br\/vicente\/wp-json\/wp\/v2\/categories?post=18715"},{"taxonomy":"post_tag","embeddable":true,"href":"https:\/\/blogs.correiobraziliense.com.br\/vicente\/wp-json\/wp\/v2\/tags?post=18715"}],"curies":[{"name":"wp","href":"https:\/\/api.w.org\/{rel}","templated":true}]}}