{"id":18712,"date":"2021-05-06T14:01:26","date_gmt":"2021-05-06T17:01:26","guid":{"rendered":"https:\/\/blogs.correiobraziliense.com.br\/vicente\/?p=18712"},"modified":"2021-05-06T13:37:41","modified_gmt":"2021-05-06T16:37:41","slug":"governo-preve-arrecadar-r-100-bilhoes-com-a-privatizacao-da-eletrobras","status":"publish","type":"post","link":"https:\/\/blogs.correiobraziliense.com.br\/vicente\/governo-preve-arrecadar-r-100-bilhoes-com-a-privatizacao-da-eletrobras\/","title":{"rendered":"Governo prev\u00ea arrecadar R$ 100 bilh\u00f5es com a privatiza\u00e7\u00e3o da Eletrobras"},"content":{"rendered":"<h2>O governo j\u00e1 fez as contas e prev\u00ea arrecadar pelo menos R$ 100 bilh\u00f5es com a privatiza\u00e7\u00e3o da Eletrobras. Esse c\u00e1lculo inclui o recebimento de R$ 25 bilh\u00f5es com a outorga da estatal, entre R$ 35 bilh\u00f5es e R$ 40 bilh\u00f5es com a parte que a Uni\u00e3o det\u00e9m no capital da empresa e o restante, com a venda de a\u00e7\u00f5es no mercado secund\u00e1rio, at\u00e9 que toda a participa\u00e7\u00e3o acion\u00e1ria seja zerada.<\/h2>\n<p>&nbsp;<\/p>\n<p>Dentro do roteiro tra\u00e7ado pelo governo, a privatiza\u00e7\u00e3o ser\u00e1 liquidada at\u00e9 janeiro de 2022, ainda que v\u00e1rios t\u00e9cnicos acreditem que o processo de venda da Eletrobras possa se encerrar antes. &#8220;Pode haver uma boa surpresa no meio do caminho, e mais r\u00e1pido do que muitos pensam&#8221;, diz um t\u00e9cnico.<\/p>\n<p>&nbsp;<\/p>\n<p>A perspectiva do governo \u00e9 de que o relat\u00f3rio sobre a venda da Eletrobras, que vem sendo feito pelo deputado Elmar Nascimento, seja liberado ainda nesta quinta-feire (06\/05). Se isso ocorrer, ser\u00e1 poss\u00edvel vot\u00e1-lo dentro de 30 dias, antes, portanto, da caducidade da Medida Provis\u00f3ria que trata da capitaliza\u00e7\u00e3o da estatal.<\/p>\n<p>&nbsp;<\/p>\n<p>No entender do governo, a privatiza\u00e7\u00e3o da Eletrobras dar\u00e1 um novo f\u00f4lego ao sistema el\u00e9trico brasileiro, pois aumentar\u00e1 a capacidade de investimentos no setor. T\u00e9cnicos explicam que o fato de o governo manter uma golden share na Eletrobras n\u00e3o ser\u00e1 problema para a privatiza\u00e7\u00e3o da estatal, uma vez que o poder dado por esse instrumento ser\u00e1 muito limitado.<\/p>\n<p>&nbsp;<\/p>\n<p><em>Bras\u00edlia, 14h01min<\/em><\/p>\n","protected":false},"excerpt":{"rendered":"<p>O governo j\u00e1 fez as contas e prev\u00ea arrecadar pelo menos R$ 100 bilh\u00f5es com a privatiza\u00e7\u00e3o da Eletrobras. Esse c\u00e1lculo inclui o recebimento de R$ 25 bilh\u00f5es com a outorga da estatal, entre R$ 35 bilh\u00f5es e R$ 40 bilh\u00f5es com a parte que a Uni\u00e3o det\u00e9m no capital da empresa e o restante, [&hellip;]<\/p>\n","protected":false},"author":22,"featured_media":18713,"comment_status":"open","ping_status":"closed","sticky":false,"template":"","format":"standard","meta":{"footnotes":""},"categories":[600],"tags":[589,4943,5440,4547],"class_list":["post-18712","post","type-post","status-publish","format-standard","has-post-thumbnail","hentry","category-economia","tag-economia","tag-financas","tag-governo-preve-arrecadar-r-100-bilhoes-com-a-privatizacao-da-eletrobras","tag-negocios"],"_links":{"self":[{"href":"https:\/\/blogs.correiobraziliense.com.br\/vicente\/wp-json\/wp\/v2\/posts\/18712","targetHints":{"allow":["GET"]}}],"collection":[{"href":"https:\/\/blogs.correiobraziliense.com.br\/vicente\/wp-json\/wp\/v2\/posts"}],"about":[{"href":"https:\/\/blogs.correiobraziliense.com.br\/vicente\/wp-json\/wp\/v2\/types\/post"}],"author":[{"embeddable":true,"href":"https:\/\/blogs.correiobraziliense.com.br\/vicente\/wp-json\/wp\/v2\/users\/22"}],"replies":[{"embeddable":true,"href":"https:\/\/blogs.correiobraziliense.com.br\/vicente\/wp-json\/wp\/v2\/comments?post=18712"}],"version-history":[{"count":1,"href":"https:\/\/blogs.correiobraziliense.com.br\/vicente\/wp-json\/wp\/v2\/posts\/18712\/revisions"}],"predecessor-version":[{"id":18714,"href":"https:\/\/blogs.correiobraziliense.com.br\/vicente\/wp-json\/wp\/v2\/posts\/18712\/revisions\/18714"}],"wp:featuredmedia":[{"embeddable":true,"href":"https:\/\/blogs.correiobraziliense.com.br\/vicente\/wp-json\/wp\/v2\/media\/18713"}],"wp:attachment":[{"href":"https:\/\/blogs.correiobraziliense.com.br\/vicente\/wp-json\/wp\/v2\/media?parent=18712"}],"wp:term":[{"taxonomy":"category","embeddable":true,"href":"https:\/\/blogs.correiobraziliense.com.br\/vicente\/wp-json\/wp\/v2\/categories?post=18712"},{"taxonomy":"post_tag","embeddable":true,"href":"https:\/\/blogs.correiobraziliense.com.br\/vicente\/wp-json\/wp\/v2\/tags?post=18712"}],"curies":[{"name":"wp","href":"https:\/\/api.w.org\/{rel}","templated":true}]}}