{"id":18710,"date":"2021-05-06T14:00:47","date_gmt":"2021-05-06T17:00:47","guid":{"rendered":"https:\/\/blogs.correiobraziliense.com.br\/vicente\/?p=18710"},"modified":"2021-05-06T13:36:39","modified_gmt":"2021-05-06T16:36:39","slug":"bonus-de-incentivo-e-qualificacao-deve-pagar-pelo-menos-r-600-a-jovens","status":"publish","type":"post","link":"https:\/\/blogs.correiobraziliense.com.br\/vicente\/bonus-de-incentivo-e-qualificacao-deve-pagar-pelo-menos-r-600-a-jovens\/","title":{"rendered":"B\u00f4nus de incentivo e qualifica\u00e7\u00e3o deve pagar pelo menos R$ 600 a jovens"},"content":{"rendered":"<h2>O governo vai anunciar, nos pr\u00f3ximos dias, um programa para requalificar jovens que hoje n\u00e3o trabalham nem estudam. Segundo o secret\u00e1rio especial de Previd\u00eancia e Trabalho, Bruno Bianco, a perspectiva \u00e9 de que o governo pague cerca de R$ 300 a cada jovem integrado ao programa e a empresa que o contratou, pelo menos outros R$ 300.<\/h2>\n<p>&nbsp;<\/p>\n<p>A meta do Programa de Inclus\u00e3o e Produtividade (PIB), na primeira etapa, \u00e9 beneficiar 2 milh\u00f5es de jovens que est\u00e3o em situa\u00e7\u00e3o de vulnerabilidade, para que possam se profissionalizar. H\u00e1 uma gama de atividades que o governo acredita que esse jovens podem desempenhar, que v\u00e3o agregar valor \u00e0 economia.<\/p>\n<p>&nbsp;<\/p>\n<p>Ainda n\u00e3o est\u00e1 definido se os recursos liberados pelo governo por meio do BIP vir\u00e3o do Or\u00e7amento da Uni\u00e3o, que j\u00e1 est\u00e1 superapertado.<\/p>\n<p>&nbsp;<\/p>\n<p>No caso das empresas, o Programa de Incentivo \u00e0 Qualifica\u00e7\u00e3o Profissional (BIQ) deve receber algum tipo de incentivo. As empresas, por sinal, poder\u00e3o pagar, como contrapartida, mais do que os R$ 300 previstos pelo governo. O certo \u00e9 que a hora de forma\u00e7\u00e3o n\u00e3o poder\u00e1 custar menos do que a hora referente ao sal\u00e1rio m\u00ednimo, de R$ 5.<\/p>\n<p>&nbsp;<\/p>\n<p>A equipe econ\u00f4mica acredita que esse programa ser\u00e1 um grande avan\u00e7o, pois \u00e9 preciso preparar a m\u00e3o de obra para o crescimento econ\u00f4mico. H\u00e1 mais de 40 milh\u00f5es de pessoas em idade produtiva que est\u00e3o fora do mercado de trabalho.<\/p>\n<p>&nbsp;<\/p>\n<p><em>Bras\u00edlia, 14h00min<\/em><\/p>\n","protected":false},"excerpt":{"rendered":"<p>O governo vai anunciar, nos pr\u00f3ximos dias, um programa para requalificar jovens que hoje n\u00e3o trabalham nem estudam. Segundo o secret\u00e1rio especial de Previd\u00eancia e Trabalho, Bruno Bianco, a perspectiva \u00e9 de que o governo pague cerca de R$ 300 a cada jovem integrado ao programa e a empresa que o contratou, pelo menos outros [&hellip;]<\/p>\n","protected":false},"author":22,"featured_media":10346,"comment_status":"open","ping_status":"closed","sticky":false,"template":"","format":"standard","meta":{"footnotes":""},"categories":[600],"tags":[5439,589,4943,4547],"class_list":["post-18710","post","type-post","status-publish","format-standard","has-post-thumbnail","hentry","category-economia","tag-bonus-de-incentivo-e-qualificacao-deve-pagar-pelo-menos-r-600-a-jovens","tag-economia","tag-financas","tag-negocios"],"_links":{"self":[{"href":"https:\/\/blogs.correiobraziliense.com.br\/vicente\/wp-json\/wp\/v2\/posts\/18710","targetHints":{"allow":["GET"]}}],"collection":[{"href":"https:\/\/blogs.correiobraziliense.com.br\/vicente\/wp-json\/wp\/v2\/posts"}],"about":[{"href":"https:\/\/blogs.correiobraziliense.com.br\/vicente\/wp-json\/wp\/v2\/types\/post"}],"author":[{"embeddable":true,"href":"https:\/\/blogs.correiobraziliense.com.br\/vicente\/wp-json\/wp\/v2\/users\/22"}],"replies":[{"embeddable":true,"href":"https:\/\/blogs.correiobraziliense.com.br\/vicente\/wp-json\/wp\/v2\/comments?post=18710"}],"version-history":[{"count":2,"href":"https:\/\/blogs.correiobraziliense.com.br\/vicente\/wp-json\/wp\/v2\/posts\/18710\/revisions"}],"predecessor-version":[{"id":18717,"href":"https:\/\/blogs.correiobraziliense.com.br\/vicente\/wp-json\/wp\/v2\/posts\/18710\/revisions\/18717"}],"wp:featuredmedia":[{"embeddable":true,"href":"https:\/\/blogs.correiobraziliense.com.br\/vicente\/wp-json\/wp\/v2\/media\/10346"}],"wp:attachment":[{"href":"https:\/\/blogs.correiobraziliense.com.br\/vicente\/wp-json\/wp\/v2\/media?parent=18710"}],"wp:term":[{"taxonomy":"category","embeddable":true,"href":"https:\/\/blogs.correiobraziliense.com.br\/vicente\/wp-json\/wp\/v2\/categories?post=18710"},{"taxonomy":"post_tag","embeddable":true,"href":"https:\/\/blogs.correiobraziliense.com.br\/vicente\/wp-json\/wp\/v2\/tags?post=18710"}],"curies":[{"name":"wp","href":"https:\/\/api.w.org\/{rel}","templated":true}]}}