{"id":18695,"date":"2021-05-05T18:41:08","date_gmt":"2021-05-05T21:41:08","guid":{"rendered":"https:\/\/blogs.correiobraziliense.com.br\/vicente\/?p=18695"},"modified":"2021-05-05T19:09:40","modified_gmt":"2021-05-05T22:09:40","slug":"conselho-de-administracao-do-banco-do-brasil-sera-presidido-por-uma-mulher","status":"publish","type":"post","link":"https:\/\/blogs.correiobraziliense.com.br\/vicente\/conselho-de-administracao-do-banco-do-brasil-sera-presidido-por-uma-mulher\/","title":{"rendered":"Conselho de Administra\u00e7\u00e3o do Banco do Brasil ser\u00e1 presidido por uma mulher"},"content":{"rendered":"<h2>Depois de nomear a primeira mulher para uma<a href=\"https:\/\/blogs.correiobraziliense.com.br\/vicente\/primeira-vice-presidente-mulher-do-banco-do-brasil-e-formada-pela-unb\/\"> vice-presid\u00eancia, Ana Paula Teixeira<\/a>, o Banco do Brasil ter\u00e1 uma mulher no comando do seu Conselho de Administra\u00e7\u00e3o: I\u00eada Aparecida de Moura Cagni. A decis\u00e3o foi tomada nesta quarta-feira (05\/05), na primeira reuni\u00e3o do Conselho j\u00e1 com a institui\u00e7\u00e3o sob o comando de Fausto Ribeiro.<\/h2>\n<p>&nbsp;<\/p>\n<p>No total, ser\u00e3o tr\u00eas mulheres no Conselho de Administra\u00e7\u00e3o do Banco do Brasil, um fato in\u00e9dito. S\u00e3o elas, al\u00e9m de I\u00eada\u00a0(indicada pelo Minist\u00e9rio da Economia),\u00a0D\u00e9bora Cristina Fonseca (eleita pelos empregados do BB) e Rachel de Oliveira Maia (indicada pelos acionistas minorit\u00e1rios).<\/p>\n<p>&nbsp;<\/p>\n<p>I\u00eada \u00e9 procuradora da Fazenda Nacional, graduada em Direito pelo Centro Universit\u00e1rio de An\u00e1polis, com especializa\u00e7\u00e3o em Direito P\u00fablico pela Faculdade Processus (DF), MBA e mestrado em Administra\u00e7\u00e3o P\u00fablica pela Funda\u00e7\u00e3o Getulio Vargas (FGV).<\/p>\n<p>&nbsp;<\/p>\n<p>A presidente do Conselho de Administra\u00e7\u00e3o do BB advogou por nove anos, especialmente na \u00e1rea de condom\u00ednios, imobili\u00e1rias, plano de sa\u00fade e perante o Conselho de Contribuintes Municipal. Ingressou na Procuradoria-Geral da Fazenda Nacional (PGFN) em 2008, onde atuou na Divis\u00e3o de Acompanhamento Especial, atuando nas causas relevantes da 1\u00aa Regi\u00e3o, e foi Chefe da Defesa da 1\u00aa Regi\u00e3o.<\/p>\n<p>&nbsp;<\/p>\n<p>A partir de 2013, passou a atuar na \u00e1rea administrativa da PGFN, foi coordenadora-geral de Administra\u00e7\u00e3o, Diretora de\u00a0Gest\u00e3o Corporativa e, atualmente, ocupa o cargo de secret\u00e1ria-geral de Administra\u00e7\u00e3o<br \/>\nda Advocacia-Geral da Uni\u00e3o (AGU).<\/p>\n<p>&nbsp;<\/p>\n<p>Ao longo do tempo, participou dos Conselhos Fiscal da Valec Engenharia, Constru\u00e7\u00f5es e Ferrovia S\/A, do BB Gest\u00e3o de Recursos \u2014 Distribuidora de T\u00edtulos e Valores Mobili\u00e1rios, controlada pelo Banco do Brasil, e como suplente do Conselho Fiscal Banco do Brasil. Participou, ainda, do Conselho de Administra\u00e7\u00e3o do Servi\u00e7o de Processamento de Dados (Serpro) e da Empresa Baiana de \u00c1gua e Saneamento (Embasa).<\/p>\n<p>&nbsp;<\/p>\n<p>Segundo Banco do Brasil, o objetivo \u00e9 avan\u00e7ar na equidade dos cargos de dire\u00e7\u00e3o. \u00c9 o que tem de fazer todas as empresas.<\/p>\n<p>&nbsp;<\/p>\n<p><em>Bras\u00edlia, 18h41min<\/em><\/p>\n","protected":false},"excerpt":{"rendered":"<p>Depois de nomear a primeira mulher para uma vice-presid\u00eancia, Ana Paula Teixeira, o Banco do Brasil ter\u00e1 uma mulher no comando do seu Conselho de Administra\u00e7\u00e3o: I\u00eada Aparecida de Moura Cagni. A decis\u00e3o foi tomada nesta quarta-feira (05\/05), na primeira reuni\u00e3o do Conselho j\u00e1 com a institui\u00e7\u00e3o sob o comando de Fausto Ribeiro. &nbsp; No [&hellip;]<\/p>\n","protected":false},"author":22,"featured_media":18697,"comment_status":"open","ping_status":"closed","sticky":false,"template":"","format":"standard","meta":{"footnotes":""},"categories":[600],"tags":[5438,589,4943,4547],"class_list":["post-18695","post","type-post","status-publish","format-standard","has-post-thumbnail","hentry","category-economia","tag-conselho-de-administracao-do-banco-do-brasil-sera-presidido-por-uma-mulher","tag-economia","tag-financas","tag-negocios"],"_links":{"self":[{"href":"https:\/\/blogs.correiobraziliense.com.br\/vicente\/wp-json\/wp\/v2\/posts\/18695","targetHints":{"allow":["GET"]}}],"collection":[{"href":"https:\/\/blogs.correiobraziliense.com.br\/vicente\/wp-json\/wp\/v2\/posts"}],"about":[{"href":"https:\/\/blogs.correiobraziliense.com.br\/vicente\/wp-json\/wp\/v2\/types\/post"}],"author":[{"embeddable":true,"href":"https:\/\/blogs.correiobraziliense.com.br\/vicente\/wp-json\/wp\/v2\/users\/22"}],"replies":[{"embeddable":true,"href":"https:\/\/blogs.correiobraziliense.com.br\/vicente\/wp-json\/wp\/v2\/comments?post=18695"}],"version-history":[{"count":3,"href":"https:\/\/blogs.correiobraziliense.com.br\/vicente\/wp-json\/wp\/v2\/posts\/18695\/revisions"}],"predecessor-version":[{"id":18702,"href":"https:\/\/blogs.correiobraziliense.com.br\/vicente\/wp-json\/wp\/v2\/posts\/18695\/revisions\/18702"}],"wp:featuredmedia":[{"embeddable":true,"href":"https:\/\/blogs.correiobraziliense.com.br\/vicente\/wp-json\/wp\/v2\/media\/18697"}],"wp:attachment":[{"href":"https:\/\/blogs.correiobraziliense.com.br\/vicente\/wp-json\/wp\/v2\/media?parent=18695"}],"wp:term":[{"taxonomy":"category","embeddable":true,"href":"https:\/\/blogs.correiobraziliense.com.br\/vicente\/wp-json\/wp\/v2\/categories?post=18695"},{"taxonomy":"post_tag","embeddable":true,"href":"https:\/\/blogs.correiobraziliense.com.br\/vicente\/wp-json\/wp\/v2\/tags?post=18695"}],"curies":[{"name":"wp","href":"https:\/\/api.w.org\/{rel}","templated":true}]}}