{"id":18687,"date":"2021-05-05T18:38:33","date_gmt":"2021-05-05T21:38:33","guid":{"rendered":"https:\/\/blogs.correiobraziliense.com.br\/vicente\/?p=18687"},"modified":"2021-05-05T19:31:46","modified_gmt":"2021-05-05T22:31:46","slug":"banco-central-eleva-taxa-selic-de-275-para-350-ao-ano","status":"publish","type":"post","link":"https:\/\/blogs.correiobraziliense.com.br\/vicente\/banco-central-eleva-taxa-selic-de-275-para-350-ao-ano\/","title":{"rendered":"Banco Central eleva taxa Selic de 2,75% para 3,50% ao ano"},"content":{"rendered":"<h2><span style=\"font-weight: 400\">ROSANA HESSEL<\/span><\/h2>\n<h2><\/h2>\n<h2><span style=\"font-weight: 400\">O Comit\u00ea de Pol\u00edtica Monet\u00e1ria (Copom), do Banco Central, elevou, nesta quarta-feira (05\/05), a taxa b\u00e1sica da economia (Selic), de 2,75% para 3,50% ao ano. A decis\u00e3o foi un\u00e2nime.\u00a0<\/span><\/h2>\n<h2><\/h2>\n<p>&nbsp;<\/p>\n<p>Para a pr\u00f3xima reuni\u00e3o, prevista para os dias 15 e 16 de junho, Comit\u00ea sinalizou que vai manter o ritmo de alta da Selic, pois informou no comunicado que &#8220;antev\u00ea a continua\u00e7\u00e3o do processo de normaliza\u00e7\u00e3o parcial do est\u00edmulo monet\u00e1rio com outro ajuste da mesma magnitude&#8221;. &#8220;O Copom ressalta que essa vis\u00e3o continuar\u00e1 dependendo da evolu\u00e7\u00e3o da atividade econ\u00f4mica, do balan\u00e7o de riscos e das proje\u00e7\u00f5es e expectativas de infla\u00e7\u00e3o&#8221;, destacou a nota da autoridade monet\u00e1ria.<\/p>\n<p>&nbsp;<\/p>\n<p><span style=\"font-weight: 400\">A alta de 0,75 ponto percentual na taxa b\u00e1sica era esperada pelo mercado e d\u00e1 continuidade ao novo ciclo de alta dos juros b\u00e1sicos iniciado na \u00faltima reuni\u00e3o do colegiado, em 17 de mar\u00e7o. Pelas proje\u00e7\u00f5es dos analistas, a Selic deve encerrar 2021 em 5,50% ao ano, conforme dados do boletim Focus, do BC. H\u00e1 quatro semanas, as previs\u00f5es estavam em 5%.<\/span><\/p>\n<p>&nbsp;<\/p>\n<p>No comunicado, o Comit\u00ea reiterou a necessidade de o governo persistir na agenda de reformas e ajustes necess\u00e1rios na economia brasileira. Segundo a nota, isso \u00e9 essencial para permitir a recupera\u00e7\u00e3o sustent\u00e1vel da economia. &#8220;O Comit\u00ea ressalta, ainda, que questionamentos sobre a continuidade das reformas e altera\u00e7\u00f5es de car\u00e1ter permanente no processo de ajuste das contas p\u00fablicas podem elevar a taxa de juros estrutural da economia&#8221;, acrescentou.<\/p>\n<p>&nbsp;<\/p>\n<p>&nbsp;<\/p>\n<p>Veja abaixo, a \u00edntegra do comunicado do Copom de hoje:<\/p>\n<p>&nbsp;<\/p>\n<p>&nbsp;<\/p>\n<p><em>Em sua 238\u00aa reuni\u00e3o, o Comit\u00ea de Pol\u00edtica Monet\u00e1ria (Copom) decidiu, por unanimidade, elevar a taxa Selic para 3,50% a.a.<\/em><\/p>\n<p>&nbsp;<\/p>\n<p><em>A atualiza\u00e7\u00e3o do cen\u00e1rio b\u00e1sico do Copom pode ser descrita com as seguintes observa\u00e7\u00f5es:<\/em><\/p>\n<p>&nbsp;<\/p>\n<p><em>No cen\u00e1rio externo, novos est\u00edmulos fiscais em alguns pa\u00edses desenvolvidos, unidos ao avan\u00e7o da implementa\u00e7\u00e3o dos programas de imuniza\u00e7\u00e3o contra a Covid-19, devem promover uma recupera\u00e7\u00e3o mais robusta da atividade ao longo do ano. A presen\u00e7a de ociosidade, assim como a comunica\u00e7\u00e3o dos principais bancos centrais, sugere que os est\u00edmulos monet\u00e1rios ter\u00e3o longa dura\u00e7\u00e3o. Contudo, questionamentos dos mercados a respeito de riscos inflacion\u00e1rios nessas economias podem tornar o ambiente desafiador para pa\u00edses emergentes;<\/em><\/p>\n<p>&nbsp;<\/p>\n<p><em>Em rela\u00e7\u00e3o \u00e0 atividade econ\u00f4mica brasileira, indicadores recentes mostram uma evolu\u00e7\u00e3o mais positiva do que o esperado, apesar da intensidade da segunda onda da pandemia estar maior do que o antecipado. Prospectivamente, a incerteza sobre o ritmo de crescimento da economia ainda permanece acima da usual, mas aos poucos deve ir retornando \u00e0 normalidade;<\/em><\/p>\n<p>&nbsp;<\/p>\n<p><em>Com exce\u00e7\u00e3o do petr\u00f3leo, os pre\u00e7os internacionais das commodities continuaram em eleva\u00e7\u00e3o, com impacto sobre as proje\u00e7\u00f5es de pre\u00e7os de alimentos e bens industriais. Al\u00e9m disso, a transi\u00e7\u00e3o para patamares mais elevados de bandeira tarif\u00e1ria deve manter a infla\u00e7\u00e3o pressionada no curto prazo. O Comit\u00ea mant\u00e9m o diagn\u00f3stico de que os choques atuais s\u00e3o tempor\u00e1rios, mas segue atento \u00e0 sua evolu\u00e7\u00e3o;<\/em><\/p>\n<p>&nbsp;<\/p>\n<p><em>As diversas medidas de infla\u00e7\u00e3o subjacente apresentam-se no topo do intervalo compat\u00edvel com o cumprimento da meta para a infla\u00e7\u00e3o;<\/em><br \/>\n<em>As expectativas de infla\u00e7\u00e3o para 2021, 2022 e 2023 apuradas pela pesquisa Focus encontram-se em torno de 5,0%, 3,6% e 3,25%, respectivamente; e<\/em><\/p>\n<p>&nbsp;<\/p>\n<p><em>No cen\u00e1rio b\u00e1sico, com trajet\u00f3ria para a taxa de juros extra\u00edda da pesquisa Focus e taxa de c\u00e2mbio partindo de R$5,40\/US$*, e evoluindo segundo a paridade do poder de compra (PPC), as proje\u00e7\u00f5es de infla\u00e7\u00e3o do Copom situam-se em torno de 5,1% para 2021 e 3,4% para 2022. Esse cen\u00e1rio sup\u00f5e trajet\u00f3ria de juros que se eleva para 5,50% a.a. neste ano e para 6,25% a.a. em 2022. Nesse cen\u00e1rio, as proje\u00e7\u00f5es para a infla\u00e7\u00e3o de pre\u00e7os administrados s\u00e3o de 8,4% para 2021 e 5,0% para 2022.<\/em><\/p>\n<p>&nbsp;<\/p>\n<p><em>O Comit\u00ea ressalta que, em seu cen\u00e1rio b\u00e1sico para a infla\u00e7\u00e3o, permanecem fatores de risco em ambas as dire\u00e7\u00f5es.<\/em><\/p>\n<p>&nbsp;<\/p>\n<p><em>Por um lado, o processo de recupera\u00e7\u00e3o econ\u00f4mica dos efeitos da pandemia pode ser mais lento do que o estimado, produzindo trajet\u00f3ria de infla\u00e7\u00e3o abaixo do esperado.<\/em><\/p>\n<p>&nbsp;<\/p>\n<p><em>Por outro lado, novos prolongamentos das pol\u00edticas fiscais de resposta \u00e0 pandemia que piorem a trajet\u00f3ria fiscal do pa\u00eds, ou frustra\u00e7\u00f5es em rela\u00e7\u00e3o \u00e0 continuidade das reformas, podem pressionar ainda mais os pr\u00eamios de risco do pa\u00eds. O risco fiscal elevado segue criando uma assimetria altista no balan\u00e7o de riscos, ou seja, com trajet\u00f3rias para a infla\u00e7\u00e3o acima do projetado no horizonte relevante para a pol\u00edtica monet\u00e1ria.<\/em><\/p>\n<p>&nbsp;<\/p>\n<p><em>O Copom reitera que perseverar no processo de reformas e ajustes necess\u00e1rios na economia brasileira \u00e9 essencial para permitir a recupera\u00e7\u00e3o sustent\u00e1vel da economia. O Comit\u00ea ressalta, ainda, que questionamentos sobre a continuidade das reformas e altera\u00e7\u00f5es de car\u00e1ter permanente no processo de ajuste das contas p\u00fablicas podem elevar a taxa de juros estrutural da economia.<\/em><\/p>\n<p>&nbsp;<\/p>\n<p><em>Considerando o cen\u00e1rio b\u00e1sico, o balan\u00e7o de riscos e o amplo conjunto de informa\u00e7\u00f5es dispon\u00edveis, o Copom decidiu, por unanimidade, elevar a taxa b\u00e1sica de juros em 0,75 ponto percentual, para 3,50% a.a. O Comit\u00ea entende que essa decis\u00e3o reflete seu cen\u00e1rio b\u00e1sico e um balan\u00e7o de riscos de vari\u00e2ncia maior do que a usual para a infla\u00e7\u00e3o prospectiva e \u00e9 compat\u00edvel com a converg\u00eancia da infla\u00e7\u00e3o para a meta no horizonte relevante, que inclui o ano-calend\u00e1rio de 2022. Sem preju\u00edzo de seu objetivo fundamental de estabiliza\u00e7\u00e3o de pre\u00e7os, essa decis\u00e3o tamb\u00e9m implica suaviza\u00e7\u00e3o das flutua\u00e7\u00f5es do n\u00edvel de atividade econ\u00f4mica e fomento do pleno emprego.<\/em><\/p>\n<p>&nbsp;<\/p>\n<p><em>Neste momento, o cen\u00e1rio b\u00e1sico do Copom indica ser apropriada uma normaliza\u00e7\u00e3o parcial da taxa de juros, com a manuten\u00e7\u00e3o de algum est\u00edmulo monet\u00e1rio ao longo do processo de recupera\u00e7\u00e3o econ\u00f4mica. O comit\u00ea enfatiza, entretanto, que n\u00e3o h\u00e1 compromisso com essa posi\u00e7\u00e3o e que os passos futuros da pol\u00edtica monet\u00e1ria poder\u00e3o ser ajustados para assegurar o cumprimento da meta de infla\u00e7\u00e3o.<\/em><\/p>\n<p>&nbsp;<\/p>\n<p><em>Para a pr\u00f3xima reuni\u00e3o, o Comit\u00ea antev\u00ea a continua\u00e7\u00e3o do processo de normaliza\u00e7\u00e3o parcial do est\u00edmulo monet\u00e1rio com outro ajuste da mesma magnitude. O Copom ressalta que essa vis\u00e3o continuar\u00e1 dependendo da evolu\u00e7\u00e3o da atividade econ\u00f4mica, do balan\u00e7o de riscos e das proje\u00e7\u00f5es e expectativas de infla\u00e7\u00e3o.<\/em><\/p>\n<p>&nbsp;<\/p>\n<p><em>Votaram por essa decis\u00e3o os seguintes membros do Comit\u00ea: Roberto Oliveira Campos Neto (presidente), Bruno Serra Fernandes, Carolina de Assis Barros, Fabio Kanczuk, Fernanda Feitosa Nechio, Jo\u00e3o Manoel Pinho de Mello, Maur\u00edcio Costa de Moura, Ot\u00e1vio Ribeiro Damaso e Paulo S\u00e9rgio Neves de Souza.<\/em><\/p>\n<p>&nbsp;<\/p>\n<p><strong><em>*Valor obtido pelo procedimento usual de arredondar a cota\u00e7\u00e3o m\u00e9dia da taxa de c\u00e2mbio R$\/US$ observada nos cinco dias \u00fateis encerrados no \u00faltimo dia da semana anterior \u00e0 da reuni\u00e3o do Copom.<\/em><\/strong><\/p>\n","protected":false},"excerpt":{"rendered":"<p>ROSANA HESSEL O Comit\u00ea de Pol\u00edtica Monet\u00e1ria (Copom), do Banco Central, elevou, nesta quarta-feira (05\/05), a taxa b\u00e1sica da economia (Selic), de 2,75% para 3,50% ao ano. A decis\u00e3o foi un\u00e2nime.\u00a0 &nbsp; Para a pr\u00f3xima reuni\u00e3o, prevista para os dias 15 e 16 de junho, Comit\u00ea sinalizou que vai manter o ritmo de alta da [&hellip;]<\/p>\n","protected":false},"author":22,"featured_media":15102,"comment_status":"open","ping_status":"closed","sticky":false,"template":"","format":"standard","meta":{"footnotes":""},"categories":[600],"tags":[3,99,4,34,1304],"class_list":["post-18687","post","type-post","status-publish","format-standard","has-post-thumbnail","hentry","category-economia","tag-banco-central","tag-copom","tag-juros","tag-selic","tag-taxa-basica"],"_links":{"self":[{"href":"https:\/\/blogs.correiobraziliense.com.br\/vicente\/wp-json\/wp\/v2\/posts\/18687","targetHints":{"allow":["GET"]}}],"collection":[{"href":"https:\/\/blogs.correiobraziliense.com.br\/vicente\/wp-json\/wp\/v2\/posts"}],"about":[{"href":"https:\/\/blogs.correiobraziliense.com.br\/vicente\/wp-json\/wp\/v2\/types\/post"}],"author":[{"embeddable":true,"href":"https:\/\/blogs.correiobraziliense.com.br\/vicente\/wp-json\/wp\/v2\/users\/22"}],"replies":[{"embeddable":true,"href":"https:\/\/blogs.correiobraziliense.com.br\/vicente\/wp-json\/wp\/v2\/comments?post=18687"}],"version-history":[{"count":16,"href":"https:\/\/blogs.correiobraziliense.com.br\/vicente\/wp-json\/wp\/v2\/posts\/18687\/revisions"}],"predecessor-version":[{"id":18709,"href":"https:\/\/blogs.correiobraziliense.com.br\/vicente\/wp-json\/wp\/v2\/posts\/18687\/revisions\/18709"}],"wp:featuredmedia":[{"embeddable":true,"href":"https:\/\/blogs.correiobraziliense.com.br\/vicente\/wp-json\/wp\/v2\/media\/15102"}],"wp:attachment":[{"href":"https:\/\/blogs.correiobraziliense.com.br\/vicente\/wp-json\/wp\/v2\/media?parent=18687"}],"wp:term":[{"taxonomy":"category","embeddable":true,"href":"https:\/\/blogs.correiobraziliense.com.br\/vicente\/wp-json\/wp\/v2\/categories?post=18687"},{"taxonomy":"post_tag","embeddable":true,"href":"https:\/\/blogs.correiobraziliense.com.br\/vicente\/wp-json\/wp\/v2\/tags?post=18687"}],"curies":[{"name":"wp","href":"https:\/\/api.w.org\/{rel}","templated":true}]}}