{"id":18642,"date":"2021-05-03T11:25:26","date_gmt":"2021-05-03T14:25:26","guid":{"rendered":"https:\/\/blogs.correiobraziliense.com.br\/vicente\/?p=18642"},"modified":"2021-05-03T12:12:07","modified_gmt":"2021-05-03T15:12:07","slug":"postos-aproveitam-greve-de-onibus-para-aumentar-preco-da-gasolina-em-ate-r-050","status":"publish","type":"post","link":"https:\/\/blogs.correiobraziliense.com.br\/vicente\/postos-aproveitam-greve-de-onibus-para-aumentar-preco-da-gasolina-em-ate-r-050\/","title":{"rendered":"Postos aproveitam greve de \u00f4nibus para aumentar pre\u00e7o da gasolina em at\u00e9 R$ 0,50"},"content":{"rendered":"<h2>Os donos de postos de combust\u00edveis n\u00e3o perdem a oportunidade de avan\u00e7ar sobre o bolso dos consumidores. Com a greve de 24 horas dos motoristas e cobradores de \u00f4nibus, os postos aumentaram os pre\u00e7os das gasolina em at\u00e9 R$ 0,50 por litro.<\/h2>\n<p>&nbsp;<\/p>\n<p>Os reajustes est\u00e3o espalhados por v\u00e1rios pontos do Distrito Federal, como o Setor de Ind\u00fastria e Abastecimento (SIA). O litro da gasolina nas bombas saltou de R$ 5,399 para R$ 5,899. &#8220;\u00c9 quest\u00e3o de oportunidade&#8221;, diz um gerente.<\/p>\n<p>&nbsp;<\/p>\n<p>Segundo ele, como muita gente foi obrigada a tirar o carro da garagem, a procura por combust\u00edveis aumentou muito. Ent\u00e3o, os postos se sentiram \u00e0 vontade para mudar os valores nas bombas. Os aumentos, por\u00e9m, n\u00e3o devem se estender por muitos dias.<\/p>\n<p>&nbsp;<\/p>\n<p>&#8220;Vamos acompanhar o movimento. No DF, al\u00e9m da paralisa\u00e7\u00e3o dos \u00f4nibus, o metr\u00f4 est\u00e1 em greve h\u00e1 duas semana. Tudo isso faz com que as pessoas recorram ao pr\u00f3prio carro ou mesmo ampliem o uso do transporte por aplicativo&#8221;, acrescenta o mesmo gerente.<\/p>\n<p>&nbsp;<\/p>\n<p>A perspectiva era de que a semana come\u00e7asse com queda nos pre\u00e7os da gasolina, uma vez que a Petrobras anunciou redu\u00e7\u00e3o nos valores do combust\u00edvel nas refinarias na \u00faltima sexta-feira (30\/04). Mas, com as restri\u00e7\u00f5es no transporte p\u00fablico, os postos optaram pelo aumento de pre\u00e7os.<\/p>\n<p>&nbsp;<\/p>\n<p>Os motoristas e cobradores de \u00f4nibus do Distrito Federal cruzaram os bra\u00e7os por 24 horas cobrando vacina\u00e7\u00e3o para a categoria contra a covid-19. O Governo do Distrito Federal diz que precisa seguir o cronograma do Minist\u00e9rio da Sa\u00fade. O impasse \u00e9 grande.<\/p>\n<p>&nbsp;<\/p>\n<p><em>Bras\u00edlia, 11h25min<\/em><\/p>\n","protected":false},"excerpt":{"rendered":"<p>Os donos de postos de combust\u00edveis n\u00e3o perdem a oportunidade de avan\u00e7ar sobre o bolso dos consumidores. Com a greve de 24 horas dos motoristas e cobradores de \u00f4nibus, os postos aumentaram os pre\u00e7os das gasolina em at\u00e9 R$ 0,50 por litro. &nbsp; Os reajustes est\u00e3o espalhados por v\u00e1rios pontos do Distrito Federal, como o [&hellip;]<\/p>\n","protected":false},"author":22,"featured_media":12528,"comment_status":"open","ping_status":"closed","sticky":false,"template":"","format":"standard","meta":{"footnotes":""},"categories":[600],"tags":[3270,589,4943,4547,5434],"class_list":["post-18642","post","type-post","status-publish","format-standard","has-post-thumbnail","hentry","category-economia","tag-3270","tag-economia","tag-financas","tag-negocios","tag-postos-aproveitam-greve-de-onibus-para-aumentar-preco-da-gasolina-em-ate-r-0"],"_links":{"self":[{"href":"https:\/\/blogs.correiobraziliense.com.br\/vicente\/wp-json\/wp\/v2\/posts\/18642","targetHints":{"allow":["GET"]}}],"collection":[{"href":"https:\/\/blogs.correiobraziliense.com.br\/vicente\/wp-json\/wp\/v2\/posts"}],"about":[{"href":"https:\/\/blogs.correiobraziliense.com.br\/vicente\/wp-json\/wp\/v2\/types\/post"}],"author":[{"embeddable":true,"href":"https:\/\/blogs.correiobraziliense.com.br\/vicente\/wp-json\/wp\/v2\/users\/22"}],"replies":[{"embeddable":true,"href":"https:\/\/blogs.correiobraziliense.com.br\/vicente\/wp-json\/wp\/v2\/comments?post=18642"}],"version-history":[{"count":1,"href":"https:\/\/blogs.correiobraziliense.com.br\/vicente\/wp-json\/wp\/v2\/posts\/18642\/revisions"}],"predecessor-version":[{"id":18643,"href":"https:\/\/blogs.correiobraziliense.com.br\/vicente\/wp-json\/wp\/v2\/posts\/18642\/revisions\/18643"}],"wp:featuredmedia":[{"embeddable":true,"href":"https:\/\/blogs.correiobraziliense.com.br\/vicente\/wp-json\/wp\/v2\/media\/12528"}],"wp:attachment":[{"href":"https:\/\/blogs.correiobraziliense.com.br\/vicente\/wp-json\/wp\/v2\/media?parent=18642"}],"wp:term":[{"taxonomy":"category","embeddable":true,"href":"https:\/\/blogs.correiobraziliense.com.br\/vicente\/wp-json\/wp\/v2\/categories?post=18642"},{"taxonomy":"post_tag","embeddable":true,"href":"https:\/\/blogs.correiobraziliense.com.br\/vicente\/wp-json\/wp\/v2\/tags?post=18642"}],"curies":[{"name":"wp","href":"https:\/\/api.w.org\/{rel}","templated":true}]}}