{"id":18636,"date":"2021-05-03T11:01:22","date_gmt":"2021-05-03T14:01:22","guid":{"rendered":"https:\/\/blogs.correiobraziliense.com.br\/vicente\/?p=18636"},"modified":"2021-05-03T11:48:34","modified_gmt":"2021-05-03T14:48:34","slug":"braga-netto-se-reune-pela-primeira-vez-com-o-alto-comando-das-forcas-armadas","status":"publish","type":"post","link":"https:\/\/blogs.correiobraziliense.com.br\/vicente\/braga-netto-se-reune-pela-primeira-vez-com-o-alto-comando-das-forcas-armadas\/","title":{"rendered":"Braga Netto se re\u00fane pela primeira vez com o Alto Comando das For\u00e7as Armadas"},"content":{"rendered":"<h2>O ministro da Defesa, Braga Netto, se reuniu pela primeira vez, nesta segunda-feira (03\/05), com o Alto Comando das For\u00e7as Armadas. Entre os temas debatidos no encontro, o &#8220;foco nas miss\u00f5es constitucionais&#8221; das tr\u00eas For\u00e7as.<\/h2>\n<p>&nbsp;<\/p>\n<p>O clima do encontro foi amistoso, mas houve muitos questionamentos sobre o papel das For\u00e7as Armadas neste momento. H\u00e1 um certo inc\u00f4modo por parte dos fardados com o excessivo &#8220;protagonismo das For\u00e7as&#8221; neste momento, o que deixa as tr\u00eas For\u00e7as muito expostas.<\/p>\n<p>&nbsp;<\/p>\n<p>Segundo integrantes das For\u00e7as, o ministro tamb\u00e9m falou da necessidade de recomposi\u00e7\u00e3o dos recursos destinados aos projetos estrat\u00e9gicos da Defesa e para o fortalecimento da Base Industrial de Defesa. O minist\u00e9rio perdeu verbas com o corte do Or\u00e7amento.<\/p>\n<p>&nbsp;<\/p>\n<p><em>Bras\u00edlia, 11h01min<\/em><\/p>\n","protected":false},"excerpt":{"rendered":"<p>O ministro da Defesa, Braga Netto, se reuniu pela primeira vez, nesta segunda-feira (03\/05), com o Alto Comando das For\u00e7as Armadas. Entre os temas debatidos no encontro, o &#8220;foco nas miss\u00f5es constitucionais&#8221; das tr\u00eas For\u00e7as. &nbsp; O clima do encontro foi amistoso, mas houve muitos questionamentos sobre o papel das For\u00e7as Armadas neste momento. H\u00e1 [&hellip;]<\/p>\n","protected":false},"author":22,"featured_media":14164,"comment_status":"open","ping_status":"closed","sticky":false,"template":"","format":"standard","meta":{"footnotes":""},"categories":[600],"tags":[5433,378,2526,2787],"class_list":["post-18636","post","type-post","status-publish","format-standard","has-post-thumbnail","hentry","category-economia","tag-braga-netto-se-reune-pela-primeira-vez-com-o-alto-comando-das-forcas-armadas","tag-brasil","tag-poder","tag-politica"],"_links":{"self":[{"href":"https:\/\/blogs.correiobraziliense.com.br\/vicente\/wp-json\/wp\/v2\/posts\/18636","targetHints":{"allow":["GET"]}}],"collection":[{"href":"https:\/\/blogs.correiobraziliense.com.br\/vicente\/wp-json\/wp\/v2\/posts"}],"about":[{"href":"https:\/\/blogs.correiobraziliense.com.br\/vicente\/wp-json\/wp\/v2\/types\/post"}],"author":[{"embeddable":true,"href":"https:\/\/blogs.correiobraziliense.com.br\/vicente\/wp-json\/wp\/v2\/users\/22"}],"replies":[{"embeddable":true,"href":"https:\/\/blogs.correiobraziliense.com.br\/vicente\/wp-json\/wp\/v2\/comments?post=18636"}],"version-history":[{"count":4,"href":"https:\/\/blogs.correiobraziliense.com.br\/vicente\/wp-json\/wp\/v2\/posts\/18636\/revisions"}],"predecessor-version":[{"id":18640,"href":"https:\/\/blogs.correiobraziliense.com.br\/vicente\/wp-json\/wp\/v2\/posts\/18636\/revisions\/18640"}],"wp:featuredmedia":[{"embeddable":true,"href":"https:\/\/blogs.correiobraziliense.com.br\/vicente\/wp-json\/wp\/v2\/media\/14164"}],"wp:attachment":[{"href":"https:\/\/blogs.correiobraziliense.com.br\/vicente\/wp-json\/wp\/v2\/media?parent=18636"}],"wp:term":[{"taxonomy":"category","embeddable":true,"href":"https:\/\/blogs.correiobraziliense.com.br\/vicente\/wp-json\/wp\/v2\/categories?post=18636"},{"taxonomy":"post_tag","embeddable":true,"href":"https:\/\/blogs.correiobraziliense.com.br\/vicente\/wp-json\/wp\/v2\/tags?post=18636"}],"curies":[{"name":"wp","href":"https:\/\/api.w.org\/{rel}","templated":true}]}}