{"id":18621,"date":"2021-04-30T13:17:43","date_gmt":"2021-04-30T16:17:43","guid":{"rendered":"https:\/\/blogs.correiobraziliense.com.br\/vicente\/?p=18621"},"modified":"2021-05-01T16:15:42","modified_gmt":"2021-05-01T19:15:42","slug":"bolsonaro-encaminha-ao-senado-nome-de-nova-diretora-para-o-bc","status":"publish","type":"post","link":"https:\/\/blogs.correiobraziliense.com.br\/vicente\/bolsonaro-encaminha-ao-senado-nome-de-nova-diretora-para-o-bc\/","title":{"rendered":"Bolsonaro encaminha ao Senado nome de nova diretora para o BC"},"content":{"rendered":"<h2>ROSANA HESSEL<\/h2>\n<h2><span style=\"font-weight: 400\">O presidente Jair Bolsonaro encaminhou mensagem ao Senado Federal solicitando aprecia\u00e7\u00e3o da indica\u00e7\u00e3o da economista Fernanda Guardado para a diretoria do Banco Central, conforme nota publicada no <em>Di\u00e1rio Oficial da Uni\u00e3o (DOU)<\/em> desta sexta-feira (30\/04).\u00a0<\/span><\/h2>\n<p>&nbsp;<\/p>\n<p><span style=\"font-weight: 400\">Graduada, mestre e doutora em Economia pela Pontif\u00edcia Universidade Cat\u00f3lica do Rio de Janeiro (PUC-Rio), Fernanda Guardado foi indicada pelo presidente do Banco Central, Roberto Campos Neto, para substituir Fernanda Nechio, em 18 de mar\u00e7o. Guardado \u00e9 economista-chefe no Banco Bocom BBM desde 2019 e tem mais de 12 anos de experi\u00eancia como economista no setor financeiro, de acordo com informa\u00e7\u00f5es da autoridade monet\u00e1ria.\u00a0<\/span><\/p>\n<p>&nbsp;<\/p>\n<p><span style=\"font-weight: 400\">H\u00e1 dois anos \u00e0 frente da diretoria de Assuntos Internacionais e Riscos Corporativos do BC, Fernanda Nechio deixa o BC, \u201cpor raz\u00f5es pessoais\u201d. Ela deixar\u00e1 suas fun\u00e7\u00f5es ap\u00f3s a pr\u00f3xima reuni\u00e3o do Comit\u00ea de Pol\u00edtica Monet\u00e1ria (Copom), em 4 e 5 de maio, ou antes dessa data, \u201ccaso sua substituta seja aprovada pelo Senado Federal e nomeada pelo senhor presidente da Rep\u00fablica antes de 4 de maio\u201d, segundo a institui\u00e7\u00e3o.<\/span><\/p>\n<p>&nbsp;<\/p>\n<p><strong>Mandatos fixos<\/strong><\/p>\n<p>&nbsp;<\/p>\n<p>No \u00faltimo dia 20, por meio de decreto, Bolsonaro nomeou Campos Neto e sete diretores do Banco Central\u00a0<span style=\"font-weight: 400\">para cumprirem mandatos fixos na diretoria colegiada da autoridade monet\u00e1ria, cumprindo o previsto na Lei Complementar 179\/2021, que trata da autonomia do BC e foi aprovada pelo Congresso neste ano.\u00a0\u00a0<\/span><\/p>\n<p>&nbsp;<\/p>\n<p><span style=\"font-weight: 400\">Conforme decreto presidencial, o presidente Roberto Campos Neto, e os diretores de Administra\u00e7\u00e3o, Carolina de Assis Barros, e de Regula\u00e7\u00e3o, Ot\u00e1vio Ribeiro Damaso, ter\u00e3o mandatos at\u00e9 31 de dezembro de 2024. J\u00e1 os mandatos dos diretores de Pol\u00edtica Monet\u00e1ria, Bruno Serra Fernandes; e de Fiscaliza\u00e7\u00e3o, Paulo S\u00e9rgio Neves de Souza; e de\u00a0Relacionamento, Cidadania e Supervis\u00e3o de Conduta, Maur\u00edcio Costa de Moura, vencem em 28 de fevereiro de 2023. O diretores de Pol\u00edtica Econ\u00f4mica, Fabio Kanczuk; e de Organiza\u00e7\u00e3o do Sistema Financeiro e Resolu\u00e7\u00e3o, Jo\u00e3o Manoel Pinho, ter\u00e3o mandato at\u00e9 28 de fevereiro de 2022.\u00a0<\/span><\/p>\n","protected":false},"excerpt":{"rendered":"<p>ROSANA HESSEL O presidente Jair Bolsonaro encaminhou mensagem ao Senado Federal solicitando aprecia\u00e7\u00e3o da indica\u00e7\u00e3o da economista Fernanda Guardado para a diretoria do Banco Central, conforme nota publicada no Di\u00e1rio Oficial da Uni\u00e3o (DOU) desta sexta-feira (30\/04).\u00a0 &nbsp; Graduada, mestre e doutora em Economia pela Pontif\u00edcia Universidade Cat\u00f3lica do Rio de Janeiro (PUC-Rio), Fernanda Guardado [&hellip;]<\/p>\n","protected":false},"author":22,"featured_media":15102,"comment_status":"open","ping_status":"closed","sticky":false,"template":"","format":"standard","meta":{"footnotes":""},"categories":[600],"tags":[3,5431,427,653,5429],"class_list":["post-18621","post","type-post","status-publish","format-standard","has-post-thumbnail","hentry","category-economia","tag-banco-central","tag-fernanda-guardado","tag-fernanda-nechio","tag-indicacao","tag-nova-diretora"],"_links":{"self":[{"href":"https:\/\/blogs.correiobraziliense.com.br\/vicente\/wp-json\/wp\/v2\/posts\/18621","targetHints":{"allow":["GET"]}}],"collection":[{"href":"https:\/\/blogs.correiobraziliense.com.br\/vicente\/wp-json\/wp\/v2\/posts"}],"about":[{"href":"https:\/\/blogs.correiobraziliense.com.br\/vicente\/wp-json\/wp\/v2\/types\/post"}],"author":[{"embeddable":true,"href":"https:\/\/blogs.correiobraziliense.com.br\/vicente\/wp-json\/wp\/v2\/users\/22"}],"replies":[{"embeddable":true,"href":"https:\/\/blogs.correiobraziliense.com.br\/vicente\/wp-json\/wp\/v2\/comments?post=18621"}],"version-history":[{"count":5,"href":"https:\/\/blogs.correiobraziliense.com.br\/vicente\/wp-json\/wp\/v2\/posts\/18621\/revisions"}],"predecessor-version":[{"id":18629,"href":"https:\/\/blogs.correiobraziliense.com.br\/vicente\/wp-json\/wp\/v2\/posts\/18621\/revisions\/18629"}],"wp:featuredmedia":[{"embeddable":true,"href":"https:\/\/blogs.correiobraziliense.com.br\/vicente\/wp-json\/wp\/v2\/media\/15102"}],"wp:attachment":[{"href":"https:\/\/blogs.correiobraziliense.com.br\/vicente\/wp-json\/wp\/v2\/media?parent=18621"}],"wp:term":[{"taxonomy":"category","embeddable":true,"href":"https:\/\/blogs.correiobraziliense.com.br\/vicente\/wp-json\/wp\/v2\/categories?post=18621"},{"taxonomy":"post_tag","embeddable":true,"href":"https:\/\/blogs.correiobraziliense.com.br\/vicente\/wp-json\/wp\/v2\/tags?post=18621"}],"curies":[{"name":"wp","href":"https:\/\/api.w.org\/{rel}","templated":true}]}}