{"id":18612,"date":"2021-04-30T10:44:06","date_gmt":"2021-04-30T13:44:06","guid":{"rendered":"https:\/\/blogs.correiobraziliense.com.br\/vicente\/?p=18612"},"modified":"2021-04-30T12:33:14","modified_gmt":"2021-04-30T15:33:14","slug":"divida-publica-bruta-apresenta-recuo-em-marco-e-fica-em-891-do-pib","status":"publish","type":"post","link":"https:\/\/blogs.correiobraziliense.com.br\/vicente\/divida-publica-bruta-apresenta-recuo-em-marco-e-fica-em-891-do-pib\/","title":{"rendered":"D\u00edvida p\u00fablica bruta apresenta recuo em mar\u00e7o e fica em 89,1% do PIB"},"content":{"rendered":"<h2>ROSANA HESSEL<\/h2>\n<h2><span style=\"font-weight: 400\">A D\u00edvida Bruta do Governo Geral (DBGG) recuou 0,9 ponto percentual em mar\u00e7o, na compara\u00e7\u00e3o com fevereiro, para 89,1% do Produto Interno Bruto (PIB), totalizando R$ 6,721 trilh\u00f5es, conforme dados do Banco Central divulgados nesta sexta-feira (30\/04), gra\u00e7as, principalmente, ao aumento dos resgates dos t\u00edtulos p\u00fablicos e da infla\u00e7\u00e3o mais forte, que ajudou no aumento do PIB nominal. O resultado apresentou redu\u00e7\u00e3o de R$ 23 bilh\u00f5es em rela\u00e7\u00e3o aos R$ 6,744 trilh\u00f5es contabilizados em fevereiro, quando a d\u00edvida p\u00fablica bruta atingiu o recorde de 90% do PIB.\u00a0<\/span><\/h2>\n<p>&nbsp;<\/p>\n<p><span style=\"font-weight: 400\">A queda de 0,9 ponto percentual na DBGG, que compreende o endividamento do governo federal, da Previd\u00eancia Social e dos governos regionais, em mar\u00e7o na compara\u00e7\u00e3o com o m\u00eas anterior, de acordo com o BC, decorreu, principalmente, dos resgates l\u00edquidos de d\u00edvida (redu\u00e7\u00e3o de 1,0 ponto percentual) e do efeito do crescimento do PIB nominal (redu\u00e7\u00e3o de 0,6 ponto percentual), que, juntos, neutralizaram o impacto da incorpora\u00e7\u00e3o de juros nominais (aumento de 0,5 ponto percentual).\u00a0<\/span><\/p>\n<p>&nbsp;<\/p>\n<p>O chefe do Departamento de Estat\u00edsticas do Banco Central, Fernando Rocha, dois fatores ajudaram a explicar o aumento dos resgates l\u00edquidos. Primeiro, houve um pagamento extraordin\u00e1rio do Banco Nacional de Desenvolvimento Econ\u00f4mico e Social (BNDES) de R$ 38 bilh\u00f5es, referentes \u00e0 devolu\u00e7\u00e3o antecipada dos aportes da Uni\u00e3o, que ajudaram a reduzir o tamanho da d\u00edvida bruta e da d\u00edvida l\u00edquida em mar\u00e7o.<\/p>\n<p>&nbsp;<\/p>\n<p>Al\u00e9m disso, a venda de reservas internacionais no m\u00eas passado tamb\u00e9m ajudou a reduzir a d\u00edvida p\u00fablica bruta, porque teve um impacto no passivo de opera\u00e7\u00f5es compromissadas de R$ 44 bilh\u00f5es, segundo o t\u00e9cnico. O volume de opera\u00e7\u00f5es compromissadas do BC, mais conhecidas como overnight, porque representam as negocia\u00e7\u00f5es de t\u00edtulos p\u00fablicos de curt\u00edssimo prazo, passou de R$ 1,155 trilh\u00e3o (15,4% do PIB), para R$ 1,085 trilh\u00e3o (14,4% do PIB), entre fevereiro e mar\u00e7o.<\/p>\n<p>&nbsp;<\/p>\n<p>&#8220;A devolu\u00e7\u00e3o antecipada do BNDES e o efeito da venda de reservas internacionais sobre o estoque de opera\u00e7\u00f5es compromissadas ajudaram a explicar a redu\u00e7\u00e3o de 0,9 ponto percentual na d\u00edvida bruta. Esses dois efeitos causaram um resgate l\u00edquido da d\u00edvida no m\u00eas, que reduziu a d\u00edvida bruta&#8221;, afirmou Rocha, durante apresenta\u00e7\u00e3o dos dados a jornalistas. Ele destacou que as emiss\u00f5es l\u00edquidas do governo geral em mar\u00e7o ca\u00edram 1% do PIB, o equivalente a R$ 75,1 bilh\u00f5es.<\/p>\n<p>&nbsp;<\/p>\n<p>Na avalia\u00e7\u00e3o de Rocha, a tend\u00eancia para os pr\u00f3ximos meses, no entanto, \u00e9 de aumento da d\u00edvida bruta em rela\u00e7\u00e3o ao PIB. &#8220;A tend\u00eancia, ao longo dos pr\u00f3ximos per\u00edodos \u00e9 de aumento da rela\u00e7\u00e3o d\u00edvida\/PIB, porque os resultados fiscais dos governos federal e regionais devem ficar deficit\u00e1rios&#8221;, alertou. Segundo ele, no in\u00edcio do ano, os resultados fiscais tendem a ser positivos, por uma quest\u00e3o sazonal, mas os saldos positivos n\u00e3o devem se repetir nos pr\u00f3ximos meses.<\/p>\n<p>&nbsp;<\/p>\n<p><span style=\"font-weight: 400\">No acumulado do ano, segundo a autoridade monet\u00e1ria, a d\u00edvida p\u00fablica bruta ainda apresenta crescimento, o aumento de 0,2 ponto percentual na rela\u00e7\u00e3o d\u00edvida\/PIB, foi resultado, especialmente, da incorpora\u00e7\u00e3o de juros nominais (aumento de 1,4 ponto percentual) e da desvaloriza\u00e7\u00e3o cambial acumulada (aumento de 0,6 ponto percentual. Na contram\u00e3o, os resgates l\u00edquidos de d\u00edvida e o efeito do crescimento do PIB nominal ajudaram a reduzir o endividamento em 0,5 ponto e 1,2 ponto, respectivamente.<\/span><\/p>\n<p>&nbsp;<\/p>\n<p><span style=\"font-weight: 400\">A d\u00edvida l\u00edquida do setor p\u00fablico apresentou redu\u00e7\u00e3o de 0,3 ponto percentual em mar\u00e7o, somando 61,3% do PIB, o equivalente a R$ 4,622 trilh\u00f5es. Segundo o BC, os impactos da desvaloriza\u00e7\u00e3o cambial, do crescimento do PIB nominal e do superavit prim\u00e1rio ajudaram a conter o aumento de 0,7 ponto percentual.\u00a0<\/span>Um dado que tamb\u00e9m ajudou na redu\u00e7\u00e3o da d\u00edvida p\u00fablica foi a receita de R$ 2,8 bilh\u00f5es com privatiza\u00e7\u00f5es, que explica quase a totalidade da redu\u00e7\u00e3o de R$ 3 bilh\u00f5es no saldo total.<\/p>\n<p>&nbsp;<\/p>\n<p><span style=\"font-weight: 400\">No ano, a rela\u00e7\u00e3o da d\u00edvida l\u00edquida\/PIB apresentou queda de 1,4 ponto percentual, puxada, principalmente, pela desvaloriza\u00e7\u00e3o cambial acumulada de 9,6% e do superavit prim\u00e1rio acumulado.<\/span><\/p>\n<p>&nbsp;<\/p>\n<p>&nbsp;<\/p>\n<p><strong>Resultado fiscal positivo<\/strong><\/p>\n<p>&nbsp;<\/p>\n<p><span style=\"font-weight: 400\">Os dados do Banco Central mostram que o setor p\u00fablico consolidado &#8212; que inclui os governos federal e regionais e as estatais federais &#8212; contabilizou superavit prim\u00e1rio de R$ 5 bilh\u00f5es em mar\u00e7o, ante d\u00e9ficit de R$ 23,7 bilh\u00f5es em mar\u00e7o de 2020. O dado veio melhor do que a mediana das estimativas do mercado, de um saldo positivo de R$ 3,5 bilh\u00f5es. De acordo com analistas do mercado, em abril, \u00e9 pouco prov\u00e1vel que esses superavits persistam devido ao aumento das medidas de isolamento social adotadas pelos estados devido ao agravamento da pandemia da covid-19 no pa\u00eds.<\/span><\/p>\n<p>&nbsp;<\/p>\n<p><span style=\"font-weight: 400\">Nas contas do governo central e dos governos regionais houve superavits de R$ 3,9 bilh\u00f5es e R$ 1,1 bilh\u00e3o, respectivamente. E, nas empresas estatais, deficit de R$ 53 milh\u00f5es. Segundo o t\u00e9cnico do BC, a diferen\u00e7a entre o resultado do governo central medido pelo Banco Central ser quase o dobro do contabilizado ontem pelo Tesouro Nacional, de R$ 2,1 bilh\u00f5es, tem a ver com a diferen\u00e7a dos saldos no caixa, porque o BC usa os dados &#8220;abaixo da linha&#8221;.\u00a0 &#8220;A diferen\u00e7a parece mais expressiva em termos percentuais, porque os valores s\u00e3o baixos&#8221;, minimizou.<\/span><\/p>\n<p>&nbsp;<\/p>\n<p><span style=\"font-weight: 400\">O resultado prim\u00e1rio do setor p\u00fablico consolidado no primeiro trimestre de 2021 foi superavit\u00e1rio em R$ 51,6 bilh\u00f5es, aumento de 341% sobre o superavit de R$ 11,7 bilh\u00f5es contabilizado no primeiro trimestre de 2020.\u00a0<\/span><span style=\"font-weight: 400\">De acordo com Rocha, o saldo positivo do primeiro trimestre \u00e9 o maior da s\u00e9rie iniciada em 2012, em termos nominais.\u00a0<\/span><\/p>\n<p>&nbsp;<\/p>\n<p><span style=\"font-weight: 400\">O superavit prim\u00e1rio do setor p\u00fablico consolidado de mar\u00e7o colaborou para a redu\u00e7\u00e3o da conta de juros da d\u00edvida e do tamanho do deficit nominal. Conforme os dados do BC, os juros nominais do setor p\u00fablico consolidado, apropriados por compet\u00eancia, atingiram R$ 49,5 bilh\u00f5es em mar\u00e7o de 2021, ante R$ 56,0 bilh\u00f5es em mar\u00e7o de 2020. No acumulado em doze meses, os juros nominais alcan\u00e7aram R$ 309,9 bilh\u00f5es (4,11% do PIB), ante R$ 394,5 bilh\u00f5es (5,27% do PIB) nos doze meses terminados em mar\u00e7o de 2020.<\/span><\/p>\n<p>&nbsp;<\/p>\n<p><span style=\"font-weight: 400\">O resultado nominal do setor p\u00fablico consolidado, que inclui o resultado prim\u00e1rio e os juros nominais apropriados, foi deficit\u00e1rio em R$ 44,5 bilh\u00f5es em mar\u00e7o de 2021. <\/span><\/p>\n<p>&nbsp;<\/p>\n<p><span style=\"font-weight: 400\">No acumulado dos \u00faltimos doze meses, o deficit nominal &#8212; que reflete a necessidade de financiamento do setor p\u00fablico &#8212; alcan\u00e7ou R$ 973 bilh\u00f5es (12,89% do PIB). Esse dado apresentou queda de 3,5% em rela\u00e7\u00e3o aos total de R$ 1,008 trilh\u00e3o contabilizado no mesmo intervalo at\u00e9 fevereiro e equivalente a 13,45% do PIB.<\/span><\/p>\n<p>&nbsp;<\/p>\n<p>Para Alberto Ramos, economista-chefe para Am\u00e9rica Latina do Goldman Sachs, embora os resultados fiscais do setor p\u00fablico consolidado apresentarem saldos positivos, o quadro fiscal ainda \u00e9 preocupante. &#8220;O alto e crescente n\u00edvel do estoque da d\u00edvida p\u00fablica e o deficit fiscal elevado deixam o quadro fiscal, e a economia, em geral, vulner\u00e1veis a choques internos e externos adversos, como a pandemia da covid-19. Portanto, lidar com a din\u00e2mica insustent\u00e1vel da d\u00edvida p\u00fablica e construir amortecedores fiscais permanecem, sem d\u00favida, os principais desafios macro que os poderes Executivo e Legislativo enfrentam, uma vez que a pandemia seja controlada&#8221;, alertou.<\/p>\n<p>&nbsp;<\/p>\n","protected":false},"excerpt":{"rendered":"<p>ROSANA HESSEL A D\u00edvida Bruta do Governo Geral (DBGG) recuou 0,9 ponto percentual em mar\u00e7o, na compara\u00e7\u00e3o com fevereiro, para 89,1% do Produto Interno Bruto (PIB), totalizando R$ 6,721 trilh\u00f5es, conforme dados do Banco Central divulgados nesta sexta-feira (30\/04), gra\u00e7as, principalmente, ao aumento dos resgates dos t\u00edtulos p\u00fablicos e da infla\u00e7\u00e3o mais forte, que ajudou [&hellip;]<\/p>\n","protected":false},"author":22,"featured_media":11505,"comment_status":"open","ping_status":"closed","sticky":false,"template":"","format":"standard","meta":{"footnotes":""},"categories":[600],"tags":[3,542,5426,58,5427,830,5428],"class_list":["post-18612","post","type-post","status-publish","format-standard","has-post-thumbnail","hentry","category-economia","tag-banco-central","tag-contas-publicas","tag-divida-publica-bruta","tag-pib","tag-resultado-fiscal","tag-setor-publico","tag-superavit-primario"],"_links":{"self":[{"href":"https:\/\/blogs.correiobraziliense.com.br\/vicente\/wp-json\/wp\/v2\/posts\/18612","targetHints":{"allow":["GET"]}}],"collection":[{"href":"https:\/\/blogs.correiobraziliense.com.br\/vicente\/wp-json\/wp\/v2\/posts"}],"about":[{"href":"https:\/\/blogs.correiobraziliense.com.br\/vicente\/wp-json\/wp\/v2\/types\/post"}],"author":[{"embeddable":true,"href":"https:\/\/blogs.correiobraziliense.com.br\/vicente\/wp-json\/wp\/v2\/users\/22"}],"replies":[{"embeddable":true,"href":"https:\/\/blogs.correiobraziliense.com.br\/vicente\/wp-json\/wp\/v2\/comments?post=18612"}],"version-history":[{"count":6,"href":"https:\/\/blogs.correiobraziliense.com.br\/vicente\/wp-json\/wp\/v2\/posts\/18612\/revisions"}],"predecessor-version":[{"id":18619,"href":"https:\/\/blogs.correiobraziliense.com.br\/vicente\/wp-json\/wp\/v2\/posts\/18612\/revisions\/18619"}],"wp:featuredmedia":[{"embeddable":true,"href":"https:\/\/blogs.correiobraziliense.com.br\/vicente\/wp-json\/wp\/v2\/media\/11505"}],"wp:attachment":[{"href":"https:\/\/blogs.correiobraziliense.com.br\/vicente\/wp-json\/wp\/v2\/media?parent=18612"}],"wp:term":[{"taxonomy":"category","embeddable":true,"href":"https:\/\/blogs.correiobraziliense.com.br\/vicente\/wp-json\/wp\/v2\/categories?post=18612"},{"taxonomy":"post_tag","embeddable":true,"href":"https:\/\/blogs.correiobraziliense.com.br\/vicente\/wp-json\/wp\/v2\/tags?post=18612"}],"curies":[{"name":"wp","href":"https:\/\/api.w.org\/{rel}","templated":true}]}}