{"id":18591,"date":"2021-04-28T16:37:35","date_gmt":"2021-04-28T19:37:35","guid":{"rendered":"https:\/\/blogs.correiobraziliense.com.br\/vicente\/?p=18591"},"modified":"2021-04-28T18:55:59","modified_gmt":"2021-04-28T21:55:59","slug":"colchao-de-liquidez-do-tesouro-nacional-sobre-para-r-112-trilhao-em-marco","status":"publish","type":"post","link":"https:\/\/blogs.correiobraziliense.com.br\/vicente\/colchao-de-liquidez-do-tesouro-nacional-sobre-para-r-112-trilhao-em-marco\/","title":{"rendered":"Colch\u00e3o de liquidez do Tesouro Nacional sobre para R$ 1,12 trilh\u00e3o em mar\u00e7o"},"content":{"rendered":"<h2>ROSANA HESSEL<\/h2>\n<h2><\/h2>\n<h2>A chamado colch\u00e3o de liquidez do Tesouro Nacional, reserva utilizada para administrar a d\u00edvida p\u00fablica\u00a0apresentou aumento, em termos nominais, de 19,96% entre fevereiro e mar\u00e7o deste ano, passando de\u00a0R$ 933,22 bilh\u00f5es, para R$ 1.119,44\u00a0bilh\u00f5es, conforme dados do \u00f3rg\u00e3o do Minist\u00e9rio da Economia divulgados nesta quarta-feira (28\/04). \u00c9 o maior patamar desde o in\u00edcio da s\u00e9rie do \u00f3rg\u00e3o, iniciada em 2015.\u00a0Em rela\u00e7\u00e3o a mar\u00e7o de 2020, houve um salto de 82,28%, em termos nominais, sobre os R$ 610,78 bilh\u00f5es.<\/h2>\n<p>&nbsp;<\/p>\n<p>De acordo com o coordenador-geral de opera\u00e7\u00f5es da d\u00edvida p\u00fablica, Luis Felipe Vital, tr\u00eas fatores que explicam esse aumento do colch\u00e3o de liquidez, embora um deles, a emiss\u00e3o l\u00edquida, foi pequena, de R$ 1,2 bilh\u00e3o. J\u00e1 os recursos de desvincula\u00e7\u00e3o de fundos, de R$ 140 bilh\u00f5es, e a devolu\u00e7\u00e3o de R$ 32 bilh\u00f5es do Banco Nacional de Desenvolvimento Econ\u00f4mico e Social (BNDES) foram mais expressivos. &#8220;Isso contribuiu para aumentar a reserva de liquidez&#8221;, explicou, em entrevista virtual a jornalistas.<\/p>\n<p>&nbsp;<\/p>\n<p>Vital garantiu que\u00a0essa reserva \u00e9 suficiente para garantir a gest\u00e3o dos t\u00edtulos p\u00fablicos por &#8220;pouco mais de sete meses \u00e0 frente&#8221;, o que, para ele, n\u00e3o pode ser um risco para a emiss\u00e3o para os cr\u00e9ditos extraordin\u00e1rios de programas recriados, como o Benef\u00edcio Emergencial para a Manuten\u00e7\u00e3o do Emprego e da Renda (BEm), Programa Nacional de Apoio \u00e0s Microempresas e Empresas de Pequeno Porte (Pronampe) e de mais gastos com Sa\u00fade.\u00a0 &#8220;Isso acaba sendo uma quest\u00e3o mais confort\u00e1vel e, havendo qualquer necessidade de recursos ou de programas que utilizem recursos da d\u00edvida p\u00fablica, a gente tem condi\u00e7\u00f5es de serem absorvidos pelo colch\u00e3o de liquidez e, caso necess\u00e1rio, pode ser feito ajuste na estrat\u00e9gia de financiamento. Mas, neste momento, n\u00e3o vislumbramos risco nesse sentido&#8221;, afirmou.<\/p>\n<p>&nbsp;<\/p>\n<p>O t\u00e9cnico do Tesouro, contudo, reconheceu que h\u00e1 um volume &#8220;consider\u00e1vel&#8221; de vencimentos de t\u00edtulos ao longo de 2021. At\u00e9 maio, os vencimentos estimados somam R$ 435 bilh\u00f5es e, apenas em 1\u00ba de abril, esse colch\u00e3o j\u00e1 foi reduzido em R$ 330 bilh\u00f5es &#8220;Esse indicador \u00e9 bastante vol\u00e1til, porque pode sofrer varia\u00e7\u00f5es significativas de um dia para o outro&#8221;, disse Vital. Ele destacou ainda que os vencimentos, assim como a reserva de liquidez, &#8220;s\u00e3o os maiores da hist\u00f3ria&#8221;.<\/p>\n<p>&nbsp;<\/p>\n<p><strong>Emiss\u00f5es recordes<\/strong><\/p>\n<p>&nbsp;<\/p>\n<p>De acordo com o relat\u00f3rio do Tesouro, Em mar\u00e7o, foram realizadas R$ 164,5 bilh\u00f5es em emiss\u00f5es e resgatados R$ 163,4 bilh\u00f5es, resultado em uma emiss\u00e3o l\u00edquida de apenas R$ 1,2 bilh\u00e3o.\u00a0Apesar do volume pequeno de emiss\u00f5es l\u00edquidas, Vital descartou qualquer dificuldade do Tesouro na rolagem de t\u00edtulos p\u00fablicos.<\/p>\n<p>&nbsp;<\/p>\n<p>&#8220;H\u00e1 meses em que vencimentos l\u00edquidos s\u00e3o menores e por isso h\u00e1 uma emiss\u00e3o l\u00edquida maior; j\u00e1 quando os vencimentos s\u00e3o maiores, o resgate l\u00edquido \u00e9 maior, mas podem existir meses na m\u00e9dia, quando o volume de vencimentos \u00e9 compat\u00edvel com o volume emitido&#8221;, afirmou.\u00a0Segundo ele, o volume de volume de emiss\u00f5es de mar\u00e7o foi o maior para meses de mar\u00e7o, em valores nominais, da s\u00e9rie, iniciada novembro de 2006.<\/p>\n<p>&nbsp;<\/p>\n<p><span style=\"font-weight: 400\">No m\u00eas de mar\u00e7o, o estoque da D\u00edvida P\u00fablica Federal (DPF) apresentou aumento de R$ 44 bilh\u00f5es em rela\u00e7\u00e3o ao m\u00eas anterior, o equivalente a uma alta de 0,85%. Esse dado \u00e9 reflexo da emiss\u00e3o\u00a0<\/span><span style=\"font-weight: 400\">l\u00edquida de R$ 1,2 bilh\u00f5es e a apropria\u00e7\u00e3o positiva de juros de R$ 42,8 bilh\u00f5es, totalizando R$ 5,24 trilh\u00f5es. <\/span><\/p>\n<p>&nbsp;<\/p>\n<p><span style=\"font-weight: 400\">Conforme os dados do Tesouro,\u00a0 Houve aumento da participa\u00e7\u00e3o de t\u00edtulos\u00a0<\/span><span style=\"font-weight: 400\">prefixados (de 34,4% para 34,7%) e dos t\u00edtulos atrelados a \u00edndice de pre\u00e7os (de 25,8% para 26,4%) . Por outro lado, o grupo\u00a0<\/span><span style=\"font-weight: 400\">dos t\u00edtulos indexados \u00e0 Selic apresentou redu\u00e7\u00e3o na participa\u00e7\u00e3o no estoque da DPF, de 34,8% para 33,8%.\u00a0<\/span><\/p>\n<p>&nbsp;<\/p>\n<p><span style=\"font-weight: 400\">Os maiores detentores <\/span><span style=\"font-weight: 400\">da D\u00edvida P\u00fablica Mobili\u00e1ria Federal interna (DPMFi) continuam sendo as Institui\u00e7\u00f5es Financeiras,\u00a0 com 31,1% de participa\u00e7\u00e3o do estoque em mar\u00e7o. O segundo maior grupo\u00a0<\/span><span style=\"font-weight: 400\">s\u00e3o os Fundos de Investimento, com 24,1%. A fatia dos investidores estrangeiros aumentou R$ 8,9 bilh\u00f5es, passando para 9,5%.<\/span><\/p>\n<p>&nbsp;<\/p>\n<p><span style=\"font-weight: 400\">O custo m\u00e9dio das emiss\u00f5es em oferta p\u00fablica da DPMFi aumentou entre fevereiro e mar\u00e7o, passando de 4,7% para 4,8% ao ano. J\u00e1 a taxa m\u00e9dia do estoque acumulado em 12 meses apresentou queda de\u00a0<\/span><span style=\"font-weight: 400\">\u00a08,1% para 7,6% anuais, na mesma base de compara\u00e7\u00e3o. De acordo com Vital, &#8220;esse \u00e9 o menor custo m\u00e9dio da s\u00e9rie hist\u00f3rica&#8221;.\u00a0 Essa queda, segundo ele,\u00a0<\/span><span style=\"font-weight: 400\">\u00e9 explicada pelo custo da d\u00edvida externa, que encolheu\u00a0<\/span><span style=\"font-weight: 400\">de 29,7% ao ano para 16,1% ao ano.\u00a0<\/span><\/p>\n<p>&nbsp;<\/p>\n<p><strong>Abril mais favor\u00e1vel<\/strong><\/p>\n<p>&nbsp;<\/p>\n<p>Apesar de mar\u00e7o n\u00e3o ter sido um m\u00eas positivo para os mercados emergentes, com piora na percep\u00e7\u00e3o de risco, principalmente, para o Brasil, Vital contou que o m\u00eas de abril tem mostrado um cen\u00e1rio mais favor\u00e1vel para a administra\u00e7\u00e3o da d\u00edvida p\u00fablica. &#8220;Os\u00a0primeiros indicadores de retomada est\u00e3o sendo bem recebidos pelo mercado&#8221;, disse ele, citando a aprova\u00e7\u00e3o do pol\u00eamico Or\u00e7amento de 2021 como um fator positivo nesse sentido.<\/p>\n<p>&nbsp;<\/p>\n<p>O t\u00e9cnico lembrou que o\u00a0CDS (Credit Default Swap, na sigla em ingl\u00eas) para os contratos com prazos de cinco anos dos t\u00edtulos p\u00fablicos do Brasil registrou aumento 18,1%, atingindo 225 pontos no fim de mar\u00e7o, conforme dados do Tesouro. O CDS \u00e9 um contrato que serve como term\u00f4metro para o risco-pa\u00eds, mas, em abril, recuou 15%, para 190 pontos, acrescentou.<\/p>\n<p>&nbsp;<\/p>\n<p>&nbsp;<\/p>\n<p><strong>Tesouro Direto<\/strong><\/p>\n<p>&nbsp;<\/p>\n<p>Em mar\u00e7o, o desempenho do programa Tesouro Direto, voltado para as pessoas f\u00edsicas, os resgates foram US$ 710 milh\u00f5es superiores \u00e0s emiss\u00f5es, <a href=\"https:\/\/www.correiobraziliense.com.br\/economia\/2021\/04\/4917519-tesouro-direto-perdas-assustam-investidor-mas-especialistas-recomendam-espera.html\">diante das perdas que os investidores tiveram nas aplica\u00e7\u00f5es no m\u00eas passado<\/a>.<\/p>\n<p>&nbsp;<\/p>\n<p>Al\u00e9m disso, houve o vencimento expressivo de R$ 2,18 bilh\u00f5es de t\u00edtulos indexados \u00e0 taxa Selic que tamb\u00e9m contribuiu com esse dado. As vendas no m\u00eas somaram R$ 3,39 bilh\u00f5es enquanto os resgates, R$ 4,10 bilh\u00f5es.\u00a0O estoque encolheu 0,14%, somando R$ 62,83 bilh\u00f5es. Os t\u00edtulos indexados \u00e0 infla\u00e7\u00e3o representam 53,89%.<\/p>\n<p>&nbsp;<\/p>\n<p>Conforme os dados do Tesouro, em mar\u00e7o, 390.394 novos participantes se cadastraram no programa e o n\u00famero total de investidores cadastrados ao fim do m\u00eas atingiu 10.285.781, o\u00a0que representa aumento de 57,9% nos \u00faltimos doze meses.\u00a0O n\u00famero de investidores ativos chegou a 1.479.805, uma varia\u00e7\u00e3o de 21,9% nos \u00faltimos doze meses. No m\u00eas, o acr\u00e9scimo foi de 9.357 novos\u00a0investidores ativos.<\/p>\n<p>&nbsp;<\/p>\n<p>&nbsp;<\/p>\n","protected":false},"excerpt":{"rendered":"<p>ROSANA HESSEL A chamado colch\u00e3o de liquidez do Tesouro Nacional, reserva utilizada para administrar a d\u00edvida p\u00fablica\u00a0apresentou aumento, em termos nominais, de 19,96% entre fevereiro e mar\u00e7o deste ano, passando de\u00a0R$ 933,22 bilh\u00f5es, para R$ 1.119,44\u00a0bilh\u00f5es, conforme dados do \u00f3rg\u00e3o do Minist\u00e9rio da Economia divulgados nesta quarta-feira (28\/04). \u00c9 o maior patamar desde o in\u00edcio [&hellip;]<\/p>\n","protected":false},"author":22,"featured_media":17053,"comment_status":"open","ping_status":"closed","sticky":false,"template":"","format":"standard","meta":{"footnotes":""},"categories":[600],"tags":[2269,804,3666,5422,1157,121],"class_list":["post-18591","post","type-post","status-publish","format-standard","has-post-thumbnail","hentry","category-economia","tag-cds","tag-divida-publica","tag-ministerio-da-economia","tag-premio-de-risco","tag-taxa-de-juros","tag-tesouro-nacional"],"_links":{"self":[{"href":"https:\/\/blogs.correiobraziliense.com.br\/vicente\/wp-json\/wp\/v2\/posts\/18591","targetHints":{"allow":["GET"]}}],"collection":[{"href":"https:\/\/blogs.correiobraziliense.com.br\/vicente\/wp-json\/wp\/v2\/posts"}],"about":[{"href":"https:\/\/blogs.correiobraziliense.com.br\/vicente\/wp-json\/wp\/v2\/types\/post"}],"author":[{"embeddable":true,"href":"https:\/\/blogs.correiobraziliense.com.br\/vicente\/wp-json\/wp\/v2\/users\/22"}],"replies":[{"embeddable":true,"href":"https:\/\/blogs.correiobraziliense.com.br\/vicente\/wp-json\/wp\/v2\/comments?post=18591"}],"version-history":[{"count":6,"href":"https:\/\/blogs.correiobraziliense.com.br\/vicente\/wp-json\/wp\/v2\/posts\/18591\/revisions"}],"predecessor-version":[{"id":18601,"href":"https:\/\/blogs.correiobraziliense.com.br\/vicente\/wp-json\/wp\/v2\/posts\/18591\/revisions\/18601"}],"wp:featuredmedia":[{"embeddable":true,"href":"https:\/\/blogs.correiobraziliense.com.br\/vicente\/wp-json\/wp\/v2\/media\/17053"}],"wp:attachment":[{"href":"https:\/\/blogs.correiobraziliense.com.br\/vicente\/wp-json\/wp\/v2\/media?parent=18591"}],"wp:term":[{"taxonomy":"category","embeddable":true,"href":"https:\/\/blogs.correiobraziliense.com.br\/vicente\/wp-json\/wp\/v2\/categories?post=18591"},{"taxonomy":"post_tag","embeddable":true,"href":"https:\/\/blogs.correiobraziliense.com.br\/vicente\/wp-json\/wp\/v2\/tags?post=18591"}],"curies":[{"name":"wp","href":"https:\/\/api.w.org\/{rel}","templated":true}]}}