{"id":1858,"date":"2016-07-07T13:25:18","date_gmt":"2016-07-07T16:25:18","guid":{"rendered":"https:\/\/blogs.correiobraziliense.com.br\/vicente\/?p=1858"},"modified":"2016-07-08T09:27:12","modified_gmt":"2016-07-08T12:27:12","slug":"o-brasil-fica-melhor-hoje-eduardo-cunha-renuncia","status":"publish","type":"post","link":"https:\/\/blogs.correiobraziliense.com.br\/vicente\/o-brasil-fica-melhor-hoje-eduardo-cunha-renuncia\/","title":{"rendered":"O Brasil fica melhor hoje. Eduardo Cunha renuncia"},"content":{"rendered":"<p>Enfim, para o bem do Brasil, Eduardo Cunha renunciou \u00e0 presid\u00eancia da C\u00e2mara dos Deputados. N\u00e3o havia mais como o pa\u00eds conviver com uma pessoa t\u00e3o nefasta dando das cartas na pol\u00edtica brasileira. Agora, cabe a Justi\u00e7a mandar Cunha para a cadeia. H\u00e1 provas suficientes para que ele seja preso.<\/p>\n<p>&nbsp;<\/p>\n<p>Tamb\u00e9m cabe \u00e0 C\u00e2mara cassar o mandato do deputado. A ren\u00fancia \u00e9 a \u00faltima cartada de Cunha para perder o mandato e continuar atuando nos bastidores e constrangendo quem ele considera inimigo.<\/p>\n<p>&nbsp;<\/p>\n<p>Cunha, com a cara de pau de sempre, chorou ao fazer o an\u00fancio da ren\u00fancia. Encenou tudo direitinho ao posar de v\u00edtima, figurino que n\u00e3o cabe a ele. Agora, chegou a hora de o Brasil aprender a li\u00e7\u00e3o e n\u00e3o eleger mais pessoas como o deputado que tanto mal faz \u00e0 imagem do Congresso.<\/p>\n<p>&nbsp;<\/p>\n<p><em>Bras\u00edlia, 13h25min<\/em><\/p>\n","protected":false},"excerpt":{"rendered":"<p>Enfim, para o bem do Brasil, Eduardo Cunha renunciou \u00e0 presid\u00eancia da C\u00e2mara dos Deputados. N\u00e3o havia mais como o pa\u00eds conviver com uma pessoa t\u00e3o nefasta dando das cartas na pol\u00edtica brasileira. Agora, cabe a Justi\u00e7a mandar Cunha para a cadeia. H\u00e1 provas suficientes para que ele seja preso. &nbsp; Tamb\u00e9m cabe \u00e0 C\u00e2mara [&hellip;]<\/p>\n","protected":false},"author":22,"featured_media":0,"comment_status":"open","ping_status":"closed","sticky":false,"template":"","format":"standard","meta":{"footnotes":""},"categories":[600,1],"tags":[61,591,590],"class_list":["post-1858","post","type-post","status-publish","format-standard","hentry","category-economia","category-sem-categoria","tag-eduardo-cunha","tag-mandato","tag-renuncia"],"_links":{"self":[{"href":"https:\/\/blogs.correiobraziliense.com.br\/vicente\/wp-json\/wp\/v2\/posts\/1858","targetHints":{"allow":["GET"]}}],"collection":[{"href":"https:\/\/blogs.correiobraziliense.com.br\/vicente\/wp-json\/wp\/v2\/posts"}],"about":[{"href":"https:\/\/blogs.correiobraziliense.com.br\/vicente\/wp-json\/wp\/v2\/types\/post"}],"author":[{"embeddable":true,"href":"https:\/\/blogs.correiobraziliense.com.br\/vicente\/wp-json\/wp\/v2\/users\/22"}],"replies":[{"embeddable":true,"href":"https:\/\/blogs.correiobraziliense.com.br\/vicente\/wp-json\/wp\/v2\/comments?post=1858"}],"version-history":[{"count":1,"href":"https:\/\/blogs.correiobraziliense.com.br\/vicente\/wp-json\/wp\/v2\/posts\/1858\/revisions"}],"predecessor-version":[{"id":1859,"href":"https:\/\/blogs.correiobraziliense.com.br\/vicente\/wp-json\/wp\/v2\/posts\/1858\/revisions\/1859"}],"wp:attachment":[{"href":"https:\/\/blogs.correiobraziliense.com.br\/vicente\/wp-json\/wp\/v2\/media?parent=1858"}],"wp:term":[{"taxonomy":"category","embeddable":true,"href":"https:\/\/blogs.correiobraziliense.com.br\/vicente\/wp-json\/wp\/v2\/categories?post=1858"},{"taxonomy":"post_tag","embeddable":true,"href":"https:\/\/blogs.correiobraziliense.com.br\/vicente\/wp-json\/wp\/v2\/tags?post=1858"}],"curies":[{"name":"wp","href":"https:\/\/api.w.org\/{rel}","templated":true}]}}