{"id":18577,"date":"2021-04-27T20:35:16","date_gmt":"2021-04-27T23:35:16","guid":{"rendered":"https:\/\/blogs.correiobraziliense.com.br\/vicente\/?p=18577"},"modified":"2021-04-27T21:33:46","modified_gmt":"2021-04-28T00:33:46","slug":"guedes-confirma-afastamento-de-tecnicos-que-diziam-nao-ao-congresso","status":"publish","type":"post","link":"https:\/\/blogs.correiobraziliense.com.br\/vicente\/guedes-confirma-afastamento-de-tecnicos-que-diziam-nao-ao-congresso\/","title":{"rendered":"Guedes confirma afastamento de t\u00e9cnicos que diziam n\u00e3o ao Congresso"},"content":{"rendered":"<h2>ROSANA HESSEL E MARINA BARBOSA<\/h2>\n<h2><span style=\"font-weight: 400\">\u00a0<\/span><\/h2>\n<h2><span style=\"font-weight: 400\">O ministro da Economia, Paulo Guedes, confirmou, na noite desta ter\u00e7a-feira (27\/04), a sa\u00edda de duas pe\u00e7as-chaves na equipe que sofreram desgaste durante negocia\u00e7\u00e3o do Or\u00e7amento de 2021. <\/span><\/h2>\n<p>&nbsp;<\/p>\n<p><span style=\"font-weight: 400\">Segundo o ministro, <\/span><span style=\"font-weight: 400\">o secret\u00e1rio Especial da Fazenda, Waldery Rodrigues, passar\u00e1 a ser assessor especial da pasta e, para o lugar dele, escolheu o secret\u00e1rio do Tesouro Nacional, Bruno Funchal.\u00a0\u00a0<\/span><\/p>\n<p>&nbsp;<\/p>\n<p><span style=\"font-weight: 400\">O chefe da equipe econ\u00f4mica negou a demiss\u00e3o de Waldery Rodrigues, mas admitiu que est\u00e1 fazendo &#8220;uma reestrutura\u00e7\u00e3o na equipe devido aos desgastes nas negocia\u00e7\u00f5es&#8221; com parlamentares da base aliada e, assim, &#8220;diminuir a press\u00e3o sobre o secret\u00e1rio e melhorar a articula\u00e7\u00e3o com o Congresso Nacional e com as outras pastas da Esplanada dos Minist\u00e9rios&#8221;.\u00a0<\/span><span style=\"font-weight: 400\">&#8220;Waldery teve contribui\u00e7\u00f5es decisivas em todas essas mudan\u00e7as&#8221;, afirmou, referindo-se \u00e0s reformas estruturantes.<\/span><\/p>\n<p><span style=\"font-weight: 400\">\u00a0<\/span><\/p>\n<p><span style=\"font-weight: 400\">\u201cN\u00e3o \u00e9 uma demiss\u00e3o. \u00c9 um remanejamento da equipe justamente para facilitar as negocia\u00e7\u00f5es com o Congresso\u201d, disse Guedes, acrescentando que \u201co desgaste \u00e9 muito grande e a press\u00e3o est\u00e1 muito grande\u201d. \u201cA equipe continua unida\u201d, disse.<\/span><\/p>\n<p>&nbsp;<\/p>\n<p><span style=\"font-weight: 400\">De acordo com o ministro, o secret\u00e1rio de Or\u00e7amento, George Soares, tamb\u00e9m deixar\u00e1 o cargo devido ao desgaste nas negocia\u00e7\u00f5es com o Congresso, &#8220;porque ele dizia muito n\u00e3o&#8221;. Outro nome que estaria de sa\u00edda da pasta \u00e9 o do secret\u00e1rio de Or\u00e7amento, George Soares, e, para o seu lugar, est\u00e1 sendo cotado o Ariosto Antunes Culau, que j\u00e1 fez parte da secretaria-executiva da pasta.<\/span><\/p>\n<p>&nbsp;<\/p>\n<p>&#8220;Tem resist\u00eancia, as negocia\u00e7\u00f5es s\u00e3o muito dif\u00edceis. A fun\u00e7\u00e3o dele \u00e9 muito dif\u00edcil&#8221;, afirmou Guedes. O ministro lembrou que o secret\u00e1rio da Fazenda precisa dizer &#8216;n\u00e3o&#8217; aos &#8220;caras mais criativos&#8221; para poder cumprir e miss\u00e3o de &#8220;trancar o cofre&#8221; do governo.\u00a0 &#8220;\u00c9 quase desumana a press\u00e3o que existe sobre o time todo. \u00c9 natural isso&#8221;, alegou.<\/p>\n<p>&nbsp;<\/p>\n<p>Guedes disse, no entanto, que Georges tamb\u00e9m deve continuar no governo, j\u00e1 que s\u00e3o servidores de carreira. &#8220;N\u00e3o tem ministro demitindo algu\u00e9m competente, leal, amigo, s\u00e9rio, respons\u00e1vel. Foram tantos combates juntos que estamos ligados. O que est\u00e1 acontecendo na verdade \u00e9 um remanejamento da equipe, para facilitar as negocia\u00e7\u00f5es com o Congresso, as conversas com o Executivo, com os outros minist\u00e9rios. \u00c9 um desgaste natural&#8221;, alegou.<\/p>\n<p>&nbsp;<\/p>\n<p>O ministro tamb\u00e9m confirmou outras baixas estrat\u00e9gicas na equipe: a da\u00a0<span style=\"font-weight: 400\">assessora especial da reforma tribut\u00e1ria, Vanessa Canado e da\u00a0<\/span>secret\u00e1ria Especial da Secretaria do Programa de Parcerias de Investimentos (PPI) da Economia, Martha Seillier, que, segundo ele, recebeu &#8220;propostas para trabalhar fora do pa\u00eds&#8221;.<\/p>\n<p>&nbsp;<\/p>\n<p>Veja a nota do Minist\u00e9rio da Economia divulgada na noite de hoje, logo ap\u00f3s a fala do ministro:<\/p>\n<p>&nbsp;<\/p>\n<p>&nbsp;<\/p>\n<p><strong><em>NOTA \u00c0 IMPRENSA<\/em><\/strong><\/p>\n<p><em>O ministro da Economia, Paulo Guedes, promoveu altera\u00e7\u00f5es na equipe da Secretaria Especial de Fazenda. O atual secret\u00e1rio do Tesouro Nacional, Bruno Funchal, assume o cargo de secret\u00e1rio especial no lugar de Waldery Rodrigues. Para o cargo de secret\u00e1rio do Tesouro, o ministro nomeou o economista e servidor de carreira do \u00f3rg\u00e3o e atual assessor especial do Gabinete do Ministro, Jeferson Bittencourt.<\/em><\/p>\n<p>&nbsp;<\/p>\n<p><em>Waldery Rodrigues foi convidado pelo ministro para que continue na equipe como seu assessor especial. O ministro faz quest\u00e3o de destacar a compet\u00eancia e a inteira confian\u00e7a que tem em Waldery Rodrigues. Agradece a dedica\u00e7\u00e3o, lealdade e resili\u00eancia de Waldery Rodrigues e ressalta a relevante contribui\u00e7\u00e3o dada por ele para o avan\u00e7o da agenda de reformas e transforma\u00e7\u00e3o do Estado brasileiro.<\/em><\/p>\n<p>&nbsp;<\/p>\n<p><em>Cabe destacar a participa\u00e7\u00e3o do secret\u00e1rio na Reforma da Previd\u00eancia, Cess\u00e3o Onerosa, Lei Kandir, Lei de Fal\u00eancias, gest\u00e3o or\u00e7ament\u00e1ria nos anos de 2019 e 2020, melhoria dos resultados ficais de 2019 e as contribui\u00e7\u00f5es na condu\u00e7\u00e3o das pol\u00edticas monet\u00e1ria e credit\u00edcia por interm\u00e9dio da participa\u00e7\u00e3o no Conselho Monet\u00e1rio Nacional (CMN) e na presid\u00eancia do Conselho Nacional de Pol\u00edtica Fazend\u00e1ria (Confaz). Registre-se ainda que Waldery Rodrigues participou ativamente nos \u00faltimos meses do planejamento e da constru\u00e7\u00e3o da reformula\u00e7\u00e3o agora anunciada.<\/em><\/p>\n<p>&nbsp;<\/p>\n<p><em>As mudan\u00e7as dentro da equipe representam a preserva\u00e7\u00e3o das diretrizes do governo para a pol\u00edtica econ\u00f4mica, baseadas em responsabilidade fiscal e na transforma\u00e7\u00e3o do Estado. Bruno Funchal e Jeferson Bittencourt integram a equipe desde o in\u00edcio do governo. Entre as fun\u00e7\u00f5es exercidas por Bruno Funchal ao longo da carreira est\u00e3o, entre outras, diretor de Programa na Secretaria Especial de Fazenda do Minist\u00e9rio da Economia, secret\u00e1rio de Estado da Fazenda do Esp\u00edrito Santo.<\/em><\/p>\n<p>&nbsp;<\/p>\n<p><em>Jeferson Bittencourt tem uma longa trajet\u00f3ria profissional no Minist\u00e9rio da Economia tendo exercido os cargos de secret\u00e1rio especial adjunto e diretor de programas da Secretaria Especial de Fazenda. Foi secret\u00e1rio-adjunto de Pol\u00edtica Fiscal e Tribut\u00e1ria e coordenador-geral de Pol\u00edtica Fiscal da Secretaria de Pol\u00edtica Econ\u00f4mica (SPE).<\/em><\/p>\n<p>&nbsp;<\/p>\n<p><em>A Secretaria de Or\u00e7amento Federal (SOF) passa a ter um novo titular. O economista e analista de Planejamento e Or\u00e7amento Ariosto Antunes Culau assume o comando do \u00f3rg\u00e3o. Ariosto tamb\u00e9m tem uma vasta atua\u00e7\u00e3o no servi\u00e7o p\u00fablico. No governo federal, exerceu a fun\u00e7\u00e3o de secret\u00e1rio de Or\u00e7amento Federal, subsecret\u00e1rio de Assuntos Econ\u00f4micos e secret\u00e1rio-executivo adjunto do ent\u00e3o Minist\u00e9rio da Fazenda. Atuou ainda como secret\u00e1rio de Gest\u00e3o Corporativa do Minist\u00e9rio da Economia, tendo auxiliado na estrutura\u00e7\u00e3o do novo Minist\u00e9rio.<\/em><\/p>\n<p>&nbsp;<\/p>\n<p><em>O economista e professor do Programa de P\u00f3s-Gradua\u00e7\u00e3o Lato Sensu da Escola de Direito de S\u00e3o Paulo (FGV), pesquisador s\u00eanior do N\u00facleo de Estudos Fiscais (NEF) da FGV Direito SP e consultor internacional em pol\u00edtica e administra\u00e7\u00e3o tribut\u00e1ria, Isa\u00edas Coelho, passa a integrar o grupo de assessores especiais do gabinete do ministro Paulo Guedes, com foco orientado para a reforma tribut\u00e1ria. Isa\u00edas Coelho assumir\u00e1 as fun\u00e7\u00f5es de Vanessa Canado que havia solicitado para deixar o cargo desde o in\u00edcio do ano. O ministro Paulo Guedes agradece ainda o excelente trabalho e as contribui\u00e7\u00f5es dadas por George Soares e Vanessa Canado.<\/em><\/p>\n<p>&nbsp;<\/p>\n<p><em>Assessoria especial de Comunica\u00e7\u00e3o Social<\/em><\/p>\n<p><em>Minist\u00e9rio da Economia<\/em><\/p>\n<p>&nbsp;<\/p>\n","protected":false},"excerpt":{"rendered":"<p>ROSANA HESSEL E MARINA BARBOSA \u00a0 O ministro da Economia, Paulo Guedes, confirmou, na noite desta ter\u00e7a-feira (27\/04), a sa\u00edda de duas pe\u00e7as-chaves na equipe que sofreram desgaste durante negocia\u00e7\u00e3o do Or\u00e7amento de 2021. &nbsp; Segundo o ministro, o secret\u00e1rio Especial da Fazenda, Waldery Rodrigues, passar\u00e1 a ser assessor especial da pasta e, para o [&hellip;]<\/p>\n","protected":false},"author":22,"featured_media":15853,"comment_status":"open","ping_status":"closed","sticky":false,"template":"","format":"standard","meta":{"footnotes":""},"categories":[600],"tags":[254,22,549,3613,4929],"class_list":["post-18577","post","type-post","status-publish","format-standard","has-post-thumbnail","hentry","category-economia","tag-congresso","tag-demissao","tag-orcamento","tag-paulo-guedes","tag-waldery"],"_links":{"self":[{"href":"https:\/\/blogs.correiobraziliense.com.br\/vicente\/wp-json\/wp\/v2\/posts\/18577","targetHints":{"allow":["GET"]}}],"collection":[{"href":"https:\/\/blogs.correiobraziliense.com.br\/vicente\/wp-json\/wp\/v2\/posts"}],"about":[{"href":"https:\/\/blogs.correiobraziliense.com.br\/vicente\/wp-json\/wp\/v2\/types\/post"}],"author":[{"embeddable":true,"href":"https:\/\/blogs.correiobraziliense.com.br\/vicente\/wp-json\/wp\/v2\/users\/22"}],"replies":[{"embeddable":true,"href":"https:\/\/blogs.correiobraziliense.com.br\/vicente\/wp-json\/wp\/v2\/comments?post=18577"}],"version-history":[{"count":8,"href":"https:\/\/blogs.correiobraziliense.com.br\/vicente\/wp-json\/wp\/v2\/posts\/18577\/revisions"}],"predecessor-version":[{"id":18585,"href":"https:\/\/blogs.correiobraziliense.com.br\/vicente\/wp-json\/wp\/v2\/posts\/18577\/revisions\/18585"}],"wp:featuredmedia":[{"embeddable":true,"href":"https:\/\/blogs.correiobraziliense.com.br\/vicente\/wp-json\/wp\/v2\/media\/15853"}],"wp:attachment":[{"href":"https:\/\/blogs.correiobraziliense.com.br\/vicente\/wp-json\/wp\/v2\/media?parent=18577"}],"wp:term":[{"taxonomy":"category","embeddable":true,"href":"https:\/\/blogs.correiobraziliense.com.br\/vicente\/wp-json\/wp\/v2\/categories?post=18577"},{"taxonomy":"post_tag","embeddable":true,"href":"https:\/\/blogs.correiobraziliense.com.br\/vicente\/wp-json\/wp\/v2\/tags?post=18577"}],"curies":[{"name":"wp","href":"https:\/\/api.w.org\/{rel}","templated":true}]}}