{"id":18551,"date":"2021-04-27T13:44:38","date_gmt":"2021-04-27T16:44:38","guid":{"rendered":"https:\/\/blogs.correiobraziliense.com.br\/vicente\/?p=18551"},"modified":"2021-04-27T13:44:57","modified_gmt":"2021-04-27T16:44:57","slug":"bc-nao-ha-necessidade-de-medidas-para-aumentar-liquidez-do-mercado","status":"publish","type":"post","link":"https:\/\/blogs.correiobraziliense.com.br\/vicente\/bc-nao-ha-necessidade-de-medidas-para-aumentar-liquidez-do-mercado\/","title":{"rendered":"BC: n\u00e3o h\u00e1 necessidade de medidas para aumentar liquidez do mercado"},"content":{"rendered":"<h2><span style=\"font-weight: 400\">ROSANA HESSEL<\/span><\/h2>\n<h2><\/h2>\n<h2><span style=\"font-weight: 400\">O Banco Central do Brasil (BC) avalia que o risco de cr\u00e9dito do setor financeiro nacional arrefeceu, \u201cmas o cen\u00e1rio requer cautela diante da incerteza quanto ao prolongamento e aos desdobramentos da pandemia sobre a renda e o emprego\u201d. A autoridade monet\u00e1ria, inclusive, reconhece que a demanda por cr\u00e9dito est\u00e1 menor neste in\u00edcio de 2021 e, por conta disso. n\u00e3o h\u00e1 necessidade de medidas para aumentar a liquidez do mercado.<\/span><\/h2>\n<p>&nbsp;<\/p>\n<p><span style=\"font-weight: 400\">Na avalia\u00e7\u00e3o do diretor de Fiscaliza\u00e7\u00e3o do BC, Paulo Souza, as estimativas do \u00f3rg\u00e3o mostram que, neste ano, a demanda por medidas de liquidez do mercado ser\u00e1 menor do que as adotadas no ano passado, mas as ferramentas utilizadas est\u00e3o dispon\u00edveis. \u201cA aprova\u00e7\u00e3o do Or\u00e7amento mostra que deve haver algumas medidas do lado do Minist\u00e9rio da Economia, como o Pronampe (Programa Nacional de Apoio \u00e0s Microempresas e Empresas de Pequeno), por\u00e9m, magnitude menor pelo que temos percebido como demanda real. Mas todas as ferramentas estar\u00e3o dispon\u00edveis&#8221;, afirmou o diretor, durante apresenta\u00e7\u00e3o a jornalistas do relat\u00f3rio de Estabilidade Financeira (REF) referente ao segundo semestre de 2020, divulgado nesta ter\u00e7a-feira (27\/04).<\/span><\/p>\n<p>&nbsp;<\/p>\n<p><span style=\"font-weight: 400\">O\u00a0<\/span><span style=\"font-weight: 400\">diretor da autoridade monet\u00e1ria reconheceu que o cen\u00e1rio de 2020 foi bastante desafiador e as medidas do ano passado foram tomadas para evitar uma retra\u00e7\u00e3o do mercado financeiro, diante das incertezas devido \u00e0 pandemia. Agora, no primeiro trimestre de 2021, os dados de mercado observados pelo BC mostram um quadro mais agudo da pandemia a partir da segunda quinzena de mar\u00e7o e que mostra uma acelera\u00e7\u00e3o da vacina\u00e7\u00e3o em junho que foi diferente do que ocorreu no ano passado. \u201cA gente n\u00e3o tem percebido retra\u00e7\u00e3o do mercado financeiro\u201d, assegurou Souza. Ele refor\u00e7ou que os bancos j\u00e1 fizeram as provis\u00f5es necess\u00e1rias e, por conta disso,\u00a0 &#8220;o BC n\u00e3o v\u00ea a necessidade de adotar medidas de aumento da liquidez do mercado&#8221;.<\/span><\/p>\n<p>&nbsp;<\/p>\n<p>&nbsp;<\/p>\n<p><span style=\"font-weight: 400\">O estudo do BC avalia que o Sistema Financeiro Nacional (SFN) est\u00e1 preparado para enfrentar as incertezas relativas aos desdobramentos da pandemia. Para o BC, o SFN \u201cest\u00e1 preparado para enfrentar as incertezas relativas aos desdobramentos da pandemia\u201d.\u00a0<\/span><\/p>\n<p>&nbsp;<\/p>\n<p>Na avalia\u00e7\u00e3o de Souza, as condi\u00e7\u00f5es estimulativas de cr\u00e9dito imobili\u00e1rio &#8220;continuam favor\u00e1veis&#8221;, conforme os dados dos dois primeiros meses de 2021. A<span style=\"font-weight: 400\">\u00a0inadimpl\u00eancia dever\u00e1 permanecer comportada neste ano e n\u00e3o h\u00e1 perspectiva de mudan\u00e7a e de aumento dessa taxa m\u00e9dia acima de 4%, porque os dados mostram um cen\u00e1rio favor\u00e1vel do mercado externo, que pode ajudar a economia brasileira a crescer, &#8220;se houver uma acelera\u00e7\u00e3o no processo de vacina\u00e7\u00e3o&#8221;. Para o diretor, &#8220;\u00e9 pouco prov\u00e1vel&#8221; que a inadimpl\u00eancia atinja patamares mais elevados do que os de 2020.<\/span><\/p>\n<p>&nbsp;<\/p>\n<p><span style=\"font-weight: 400\">O REF \u00e9 uma publica\u00e7\u00e3o semestral destinada a apresentar o panorama da evolu\u00e7\u00e3o recente e as perspectivas para a estabilidade financeira no Brasil. De acordo com o documento, ao longo de 2020, o SFN alcan\u00e7ou o maior valor hist\u00f3rico de provis\u00f5es para ativos problem\u00e1ticos, melhorou a capitaliza\u00e7\u00e3o e manteve liquidez confort\u00e1vel. No segundo semestre de 2020, \u201cos programas emergenciais geraram relevante crescimento do cr\u00e9dito para as micro, pequenas e m\u00e9dias empresas, enquanto o estoque de cr\u00e9dito a grandes empresas ficou est\u00e1vel\u201d, de acordo com o BC. O cr\u00e9dito \u00e0s pessoas f\u00edsicas voltou a crescer no ritmo anterior ao da pandemia. A redu\u00e7\u00e3o nas taxas e os novos indexadores ofertados aos clientes impulsionaram as concess\u00f5es do cr\u00e9dito imobili\u00e1rio.\u00a0<\/span><\/p>\n<p>&nbsp;<\/p>\n<p><span style=\"font-weight: 400\">O relat\u00f3rio alerta contudo que, embora n\u00e3o seja o esperado, \u201cesse cen\u00e1rio pode levar a perdas com cr\u00e9dito superiores \u00e0s estimadas\u201d.\u00a0 \u201cEventual revers\u00e3o na atividade econ\u00f4mica, provavelmente, seria seguida por r\u00e1pida recupera\u00e7\u00e3o, especialmente no segundo semestre, na medida em que os efeitos da vacina\u00e7\u00e3o sejam sentidos de forma mais abrangente\u201d, informou o texto.\u00a0\u00a0<\/span><span style=\"font-weight: 400\">\u201cA rentabilidade dos bancos diminuiu com a crise sanit\u00e1ria, mas n\u00e3o representa risco para a estabilidade financeira. A pandemia inverteu a sequ\u00eancia de recupera\u00e7\u00e3o da rentabilidade que ocorria desde a recess\u00e3o de 2015-2016. A expectativa para 2021 \u00e9 de melhora.\u201d Segundo a autoridade monet\u00e1ria, mantida a perspectiva de recupera\u00e7\u00e3o, as despesas com provis\u00f5es tendem a ser menores, e as receitas de servi\u00e7o, a se recuperar.\u00a0<\/span><\/p>\n<p>&nbsp;<\/p>\n<p><span style=\"font-weight: 400\">\u201cAo longo de 2020, o SFN alcan\u00e7ou o maior valor hist\u00f3rico de provis\u00f5es para cobertura para Ativos Problem\u00e1ticos (APs), melhorou a capitaliza\u00e7\u00e3o e manteve liquidez confort\u00e1vel. A atividade econ\u00f4mica dom\u00e9stica recuperava-se de forma consistente at\u00e9 o final de 2020. Os primeiros sinais para 2021 tamb\u00e9m foram positivos, mas o cen\u00e1rio \u00e9 de prud\u00eancia,\u00a0 uma vez que esses dados ainda n\u00e3o contemplaram os efeitos do recente e agudo aumento de casos da covid-19\u201d, destacou o documento do BC.<\/span><\/p>\n<p>&nbsp;<\/p>\n<p><span style=\"font-weight: 400\">De acordo com dados da autoridade monet\u00e1ria, o funcionamento do SFN n\u00e3o sofreu interrup\u00e7\u00f5es significativas, devido aos bons n\u00edveis de capitaliza\u00e7\u00e3o, liquidez e provis\u00f5es constitu\u00eddas antes da pandemia. Em linha com a opini\u00e3o do BCB em REFs anteriores, a gest\u00e3o, a\u00a0<\/span><span style=\"font-weight: 400\">supervis\u00e3o do SFN, bem como as medidas promovidas por governo federal, Conselho Monet\u00e1rio Nacional (CMN) e BC permitiram que as institui\u00e7\u00f5es financeiras atuassem como amortecedores ao choque pelo que passa a economia real. <\/span><\/p>\n<p>&nbsp;<\/p>\n<p><span style=\"font-weight: 400\">\u201cAinda assim, houve impactos \u00e0 sa\u00fade financeira do sistema, com a materializa\u00e7\u00e3o de perdas decorrentes\u00a0<\/span><span style=\"font-weight: 400\">da redu\u00e7\u00e3o da atividade econ\u00f4mica.\u00a0 O mercado continua preocupado com os desdobramentos da pandemia\u201d, alertou o relat\u00f3rio, destacando que as entidades financeiras pesquisadas \u201cmant\u00eam aten\u00e7\u00e3o elevada com a inadimpl\u00eancia e com a redu\u00e7\u00e3o da atividade econ\u00f4mica\u201d e acreditam que atrasos na vacina\u00e7\u00e3o e o surgimento de novas cepas do novo coronav\u00edrus &#8220;podem prolongar a crise sanit\u00e1ria e exigir mais gastos para proteger a\u00a0<\/span><span style=\"font-weight: 400\">popula\u00e7\u00e3o vulner\u00e1vel e incentivar a economia. Isso aumentaria o j\u00e1 elevado risco fiscal&#8221;.\u00a0<\/span><\/p>\n<p>&nbsp;<\/p>\n<p><span style=\"font-weight: 400\">No \u00e2mbito global, o sistema financeiro das principais economias segue resiliente, de acordo com dados do BC. &#8220;O risco sist\u00eamico aumentou durante a pandemia, mas tem se reduzido nos \u00faltimos meses&#8221;, informou o relat\u00f3rio.\u00a0\u00a0<\/span><\/p>\n<p>&nbsp;<\/p>\n<p>&nbsp;<\/p>\n","protected":false},"excerpt":{"rendered":"<p>ROSANA HESSEL O Banco Central do Brasil (BC) avalia que o risco de cr\u00e9dito do setor financeiro nacional arrefeceu, \u201cmas o cen\u00e1rio requer cautela diante da incerteza quanto ao prolongamento e aos desdobramentos da pandemia sobre a renda e o emprego\u201d. A autoridade monet\u00e1ria, inclusive, reconhece que a demanda por cr\u00e9dito est\u00e1 menor neste in\u00edcio [&hellip;]<\/p>\n","protected":false},"author":22,"featured_media":15102,"comment_status":"open","ping_status":"closed","sticky":false,"template":"","format":"standard","meta":{"footnotes":""},"categories":[600],"tags":[3,822,5416,5414,5415],"class_list":["post-18551","post","type-post","status-publish","format-standard","has-post-thumbnail","hentry","category-economia","tag-banco-central","tag-bancos","tag-paulo-souza","tag-relatorio-de-estabilidade-financeira","tag-sistema-financeiro"],"_links":{"self":[{"href":"https:\/\/blogs.correiobraziliense.com.br\/vicente\/wp-json\/wp\/v2\/posts\/18551","targetHints":{"allow":["GET"]}}],"collection":[{"href":"https:\/\/blogs.correiobraziliense.com.br\/vicente\/wp-json\/wp\/v2\/posts"}],"about":[{"href":"https:\/\/blogs.correiobraziliense.com.br\/vicente\/wp-json\/wp\/v2\/types\/post"}],"author":[{"embeddable":true,"href":"https:\/\/blogs.correiobraziliense.com.br\/vicente\/wp-json\/wp\/v2\/users\/22"}],"replies":[{"embeddable":true,"href":"https:\/\/blogs.correiobraziliense.com.br\/vicente\/wp-json\/wp\/v2\/comments?post=18551"}],"version-history":[{"count":3,"href":"https:\/\/blogs.correiobraziliense.com.br\/vicente\/wp-json\/wp\/v2\/posts\/18551\/revisions"}],"predecessor-version":[{"id":18554,"href":"https:\/\/blogs.correiobraziliense.com.br\/vicente\/wp-json\/wp\/v2\/posts\/18551\/revisions\/18554"}],"wp:featuredmedia":[{"embeddable":true,"href":"https:\/\/blogs.correiobraziliense.com.br\/vicente\/wp-json\/wp\/v2\/media\/15102"}],"wp:attachment":[{"href":"https:\/\/blogs.correiobraziliense.com.br\/vicente\/wp-json\/wp\/v2\/media?parent=18551"}],"wp:term":[{"taxonomy":"category","embeddable":true,"href":"https:\/\/blogs.correiobraziliense.com.br\/vicente\/wp-json\/wp\/v2\/categories?post=18551"},{"taxonomy":"post_tag","embeddable":true,"href":"https:\/\/blogs.correiobraziliense.com.br\/vicente\/wp-json\/wp\/v2\/tags?post=18551"}],"curies":[{"name":"wp","href":"https:\/\/api.w.org\/{rel}","templated":true}]}}