{"id":1854,"date":"2016-07-07T12:20:08","date_gmt":"2016-07-07T15:20:08","guid":{"rendered":"https:\/\/blogs.correiobraziliense.com.br\/vicente\/?p=1854"},"modified":"2016-07-08T09:27:15","modified_gmt":"2016-07-08T12:27:15","slug":"governo-segura-envio-de-novos-reajustes-servidores-ao-congresso-para-evitar-desgaste","status":"publish","type":"post","link":"https:\/\/blogs.correiobraziliense.com.br\/vicente\/governo-segura-envio-de-novos-reajustes-servidores-ao-congresso-para-evitar-desgaste\/","title":{"rendered":"Governo segura envio de novos reajustes a servidores ao Congresso para evitar desgaste"},"content":{"rendered":"<p>O Pal\u00e1cio do Planalto orientou a Casa Civil a segurar o envio de novos projetos de lei propondo reajustes a servidores para evitar mais desgastes. A perspectiva \u00e9 baixar as cr\u00edticas dos agentes econ\u00f4micos assim que for anunciado um deficit nas contas p\u00fablicas para 2017 mais pr\u00f3ximo do que prev\u00ea o mercado, de cerca de R$ 150 bilh\u00f5es.<\/p>\n<p>&nbsp;<\/p>\n<p>Est\u00e3o nesse pacote de reajustes os policiais federais e rodovi\u00e1rios, os auditores da receita federal, funcion\u00e1rios do Dnit e peritos agr\u00e1rios. V\u00e1rios dos acordos foram assinados em 11 de maio, \u00faltimo dia do governo de Dilma Rousseff. A perspectiva era de que os projetos de lei chegassem ao Congresso ontem.<\/p>\n<p>&nbsp;<\/p>\n<p>A promessa do governo \u00e9 de que os projetos de lei ser\u00e3o encaminhados o mais rapidamente poss\u00edvel. A disposi\u00e7\u00e3o de Temer \u00e9 de encerrar logo essa fatura. Os projetos j\u00e1 aprovados pela C\u00e2mara dos Deputados passaram na Comiss\u00e3o de Constitui\u00e7\u00e3o e Justi\u00e7a (CCJ) do Senado. Agora, seguem para a Comiss\u00e3o de Assuntos Econ\u00f4micos (CAE) e, por fim, para o plen\u00e1rio.<\/p>\n<p>&nbsp;<\/p>\n<p>A press\u00e3o dos funcionalismo \u00e9 grande. Os policiais federais, por exemplo, j\u00e1 se movimentam para uma manifesta\u00e7\u00e3o de protesto. Os servidores da Receita adotaram uma opera\u00e7\u00e3o tartaruga. Segundo o ministro interino do Planejamento, Dyogo de Oliveira, os aumentos salariais custar\u00e3o R$ 68 bilh\u00f5es at\u00e9 2018.<\/p>\n<p>&nbsp;<\/p>\n<p><em>Bras\u00edlia, 12h20min<\/em><\/p>\n<p>&nbsp;<\/p>\n","protected":false},"excerpt":{"rendered":"<p>O Pal\u00e1cio do Planalto orientou a Casa Civil a segurar o envio de novos projetos de lei propondo reajustes a servidores para evitar mais desgastes. A perspectiva \u00e9 baixar as cr\u00edticas dos agentes econ\u00f4micos assim que for anunciado um deficit nas contas p\u00fablicas para 2017 mais pr\u00f3ximo do que prev\u00ea o mercado, de cerca de [&hellip;]<\/p>\n","protected":false},"author":22,"featured_media":0,"comment_status":"open","ping_status":"closed","sticky":false,"template":"","format":"standard","meta":{"footnotes":""},"categories":[600,1],"tags":[111,584,124,586,123,585],"class_list":["post-1854","post","type-post","status-publish","format-standard","hentry","category-economia","category-sem-categoria","tag-michel-temer","tag-projetos-de-lei","tag-reajustes","tag-senado","tag-servidores","tag-votacao"],"_links":{"self":[{"href":"https:\/\/blogs.correiobraziliense.com.br\/vicente\/wp-json\/wp\/v2\/posts\/1854","targetHints":{"allow":["GET"]}}],"collection":[{"href":"https:\/\/blogs.correiobraziliense.com.br\/vicente\/wp-json\/wp\/v2\/posts"}],"about":[{"href":"https:\/\/blogs.correiobraziliense.com.br\/vicente\/wp-json\/wp\/v2\/types\/post"}],"author":[{"embeddable":true,"href":"https:\/\/blogs.correiobraziliense.com.br\/vicente\/wp-json\/wp\/v2\/users\/22"}],"replies":[{"embeddable":true,"href":"https:\/\/blogs.correiobraziliense.com.br\/vicente\/wp-json\/wp\/v2\/comments?post=1854"}],"version-history":[{"count":1,"href":"https:\/\/blogs.correiobraziliense.com.br\/vicente\/wp-json\/wp\/v2\/posts\/1854\/revisions"}],"predecessor-version":[{"id":1855,"href":"https:\/\/blogs.correiobraziliense.com.br\/vicente\/wp-json\/wp\/v2\/posts\/1854\/revisions\/1855"}],"wp:attachment":[{"href":"https:\/\/blogs.correiobraziliense.com.br\/vicente\/wp-json\/wp\/v2\/media?parent=1854"}],"wp:term":[{"taxonomy":"category","embeddable":true,"href":"https:\/\/blogs.correiobraziliense.com.br\/vicente\/wp-json\/wp\/v2\/categories?post=1854"},{"taxonomy":"post_tag","embeddable":true,"href":"https:\/\/blogs.correiobraziliense.com.br\/vicente\/wp-json\/wp\/v2\/tags?post=1854"}],"curies":[{"name":"wp","href":"https:\/\/api.w.org\/{rel}","templated":true}]}}