{"id":18525,"date":"2021-04-23T11:56:57","date_gmt":"2021-04-23T14:56:57","guid":{"rendered":"https:\/\/blogs.correiobraziliense.com.br\/vicente\/?p=18525"},"modified":"2021-04-23T12:01:02","modified_gmt":"2021-04-23T15:01:02","slug":"rombo-fiscal-de-2021-pode-chegar-a-r-300-bilhoes-preve-mb-associados","status":"publish","type":"post","link":"https:\/\/blogs.correiobraziliense.com.br\/vicente\/rombo-fiscal-de-2021-pode-chegar-a-r-300-bilhoes-preve-mb-associados\/","title":{"rendered":"Rombo fiscal de 2021 pode chegar a R$ 300 bilh\u00f5es, prev\u00ea MB Associados"},"content":{"rendered":"<p>ROSANA HESSEL<\/p>\n<p>&nbsp;<\/p>\n<p>Ap\u00f3s a san\u00e7\u00e3o do O<a href=\"https:\/\/blogs.correiobraziliense.com.br\/vicente\/ministerios-da-educacao-e-do-desenvolvimento-regional-lideram-listas-de-cortes-do-orcamento\/\">r\u00e7amento de 2021,\u00a0 que foi publicado nesta sexta-feira com um total de cortes de despesas n\u00e3o-obrigat\u00f3rias e de emendas parlamentares de R$ 19,8 bilh\u00f5es, mais um contingenciamento de R$ 9,3 bilh\u00f5es<\/a>, o governo Jair Bolsonaro n\u00e3o vai conseguir evitar um aumento do deficit prim\u00e1rio, pelos c\u00e1lculos do economista-chefe da MB Associados, o rombo das contas p\u00fablicas poder\u00e1 chegar a R$ 300 bilh\u00f5es neste ano, mesmo com os ajustes da pe\u00e7a or\u00e7ament\u00e1ria.<\/p>\n<p>&nbsp;<\/p>\n<p>O governo\u00a0tem um desafio grande pela frente que \u00e9 o controle das contas p\u00fablicas em um ano em que a pandemia da covid-19 n\u00e3o d\u00e1 sinais de tr\u00e9gua e tem um saldo de mortes crescentes em um cen\u00e1rio pior do que o do ano passado. A Lei de Diretrizes Or\u00e7ament\u00e1rias permite um rombo de at\u00e9 R$ 247,1 bilh\u00f5es nas contas do governo federal.\u00a0haver\u00e1 um aumento de R$ 100 bilh\u00f5es sobre o deficit prim\u00e1rio projetado anteriormente, de R$ 250 bilh\u00f5es.<\/p>\n<p>&nbsp;<\/p>\n<p>O rombo previsto por Vale equivale a 4% do PIB, devendo levar a d\u00edvida p\u00fablica para 88,7% do Produto Interno Bruto (PIB) at\u00e9 dezembro. Atualmente, esse percentual se encontra em 90% do PIB e o economista destaca que essa redu\u00e7\u00e3o est\u00e1 relacionada \u00e0s devolu\u00e7\u00f5es dos bancos p\u00fablicos de aportes do Tesouro Nacional. Neste ano, o governo prev\u00ea que o Banco Nacional de Desenvolvimento Econ\u00f4mico e Social (BNDES) devolva aos cofres p\u00fablicos R$ 100 bilh\u00f5es e, em mar\u00e7o, R$ 28 bilh\u00f5es foram recebidos, restando R$ 62 bilh\u00f5es que dever\u00e3o entrar nos cofres do Tesouro at\u00e9 ao longo de 2021.<\/p>\n<p>&nbsp;<\/p>\n<p>&#8220;Com os contingenciamentos esperados, acreditamos que o deficit prim\u00e1rio podera\u0301 piorar metade desse valor de aumento das despesas, ou\u00a0seja, chegar a cerca de R$ 300 bilho\u0303es&#8221;, afirmou Vale. Para 2022, ele prev\u00ea um rombo de R$ 200 bilh\u00f5es, o equivalente a 2,5% do PIB, com d\u00edvida p\u00fablica bruta voltando a crescer e chegando a 92,1% do PIB.<\/p>\n<p>&nbsp;<\/p>\n<p>O economista da MB ainda destacou que o cen\u00e1rio macroecon\u00f4mico mundial ficou mais nebuloso por conta da pandemia, pois diversos indicadores pioraram de forma significativa e colocaram\u00a0um cena\u0301rio de incerteza a\u0300\u00a0frente, &#8220;especialmente para os emergentes&#8221;.\u00a0 Nesse caso, o Brasil aparece em destaque no ranking de vulnerabilidade elevada, em terceiro lugar, atr\u00e1s apenas de Argentina e da \u00c1frica do Sul no indicador de avalia\u00e7\u00e3o de riscos, pois a pandemia criou um cen\u00e1rio nunca antes visto do ponto de vista fiscal para esses pa\u00edses. &#8220;Ha\u0301 uma forte tende\u0302ncia de expansa\u0303o da d\u00edvida pu\u0301blica por conta de fatores pol\u00edticos e conjunturais e, por\u00a0certa pressa\u0303o, de resposta da sociedade&#8221;, destacou Vale no relat\u00f3rio.<\/p>\n<p>&nbsp;<\/p>\n<p>A consultoria est\u00e1 mais pessimista do que o mercado e o governo em rela\u00e7\u00e3o \u00e0 retomada da economia, pois prev\u00ea crescimento de 2,6%, no PIB deste ano, e de 1,8%, no PIB de 2022. J\u00e1 o Minist\u00e9rio da Economia aposta em avan\u00e7os de 3,2% e de 2,5%, respectivamente. A mediana das estimativas do mercado, coletadas no boletim semanal Focus, do Banco Central, estima avan\u00e7os de 3,04% e de 2,34%, respectivamente.<\/p>\n","protected":false},"excerpt":{"rendered":"<p>ROSANA HESSEL &nbsp; Ap\u00f3s a san\u00e7\u00e3o do Or\u00e7amento de 2021,\u00a0 que foi publicado nesta sexta-feira com um total de cortes de despesas n\u00e3o-obrigat\u00f3rias e de emendas parlamentares de R$ 19,8 bilh\u00f5es, mais um contingenciamento de R$ 9,3 bilh\u00f5es, o governo Jair Bolsonaro n\u00e3o vai conseguir evitar um aumento do deficit prim\u00e1rio, pelos c\u00e1lculos do economista-chefe [&hellip;]<\/p>\n","protected":false},"author":22,"featured_media":0,"comment_status":"open","ping_status":"closed","sticky":false,"template":"","format":"standard","meta":{"footnotes":""},"categories":[600],"tags":[542,3602,804,4841,560],"class_list":["post-18525","post","type-post","status-publish","format-standard","hentry","category-economia","tag-contas-publicas","tag-deficit-primario","tag-divida-publica","tag-mb-associados","tag-rombo-fiscal"],"_links":{"self":[{"href":"https:\/\/blogs.correiobraziliense.com.br\/vicente\/wp-json\/wp\/v2\/posts\/18525","targetHints":{"allow":["GET"]}}],"collection":[{"href":"https:\/\/blogs.correiobraziliense.com.br\/vicente\/wp-json\/wp\/v2\/posts"}],"about":[{"href":"https:\/\/blogs.correiobraziliense.com.br\/vicente\/wp-json\/wp\/v2\/types\/post"}],"author":[{"embeddable":true,"href":"https:\/\/blogs.correiobraziliense.com.br\/vicente\/wp-json\/wp\/v2\/users\/22"}],"replies":[{"embeddable":true,"href":"https:\/\/blogs.correiobraziliense.com.br\/vicente\/wp-json\/wp\/v2\/comments?post=18525"}],"version-history":[{"count":1,"href":"https:\/\/blogs.correiobraziliense.com.br\/vicente\/wp-json\/wp\/v2\/posts\/18525\/revisions"}],"predecessor-version":[{"id":18526,"href":"https:\/\/blogs.correiobraziliense.com.br\/vicente\/wp-json\/wp\/v2\/posts\/18525\/revisions\/18526"}],"wp:attachment":[{"href":"https:\/\/blogs.correiobraziliense.com.br\/vicente\/wp-json\/wp\/v2\/media?parent=18525"}],"wp:term":[{"taxonomy":"category","embeddable":true,"href":"https:\/\/blogs.correiobraziliense.com.br\/vicente\/wp-json\/wp\/v2\/categories?post=18525"},{"taxonomy":"post_tag","embeddable":true,"href":"https:\/\/blogs.correiobraziliense.com.br\/vicente\/wp-json\/wp\/v2\/tags?post=18525"}],"curies":[{"name":"wp","href":"https:\/\/api.w.org\/{rel}","templated":true}]}}