{"id":1852,"date":"2016-07-07T10:15:45","date_gmt":"2016-07-07T13:15:45","guid":{"rendered":"https:\/\/blogs.correiobraziliense.com.br\/vicente\/?p=1852"},"modified":"2016-07-08T09:27:16","modified_gmt":"2016-07-08T12:27:16","slug":"estados-e-municipios-terao-deficit-de-pelo-menos-r-15-bilhoes-em-2016-e-em-2017","status":"publish","type":"post","link":"https:\/\/blogs.correiobraziliense.com.br\/vicente\/estados-e-municipios-terao-deficit-de-pelo-menos-r-15-bilhoes-em-2016-e-em-2017\/","title":{"rendered":"Estados e munic\u00edpios ter\u00e3o deficit de pelo menos R$ 15 bilh\u00f5es em 2016 e em 2017"},"content":{"rendered":"<p>Ao fechar as contas para a proposta de deficit fiscal em 2017, o ministro da Fazenda chegou a conclus\u00e3o que estados e munic\u00edpios ter\u00e3o deficit neste ano e no pr\u00f3ximo. Segundo o secret\u00e1rio de Acompanhamento Econ\u00f4mico da pasta, Mansueto Almeida, as proje\u00e7\u00f5es para o rombo de 2016 oscilam entre R$ 14 bilh\u00f5es e R$ 16 bilh\u00f5es, um problema a mais para a Uni\u00e3o, que ter\u00e1 que compensar esse buraco, j\u00e1 que, na Lei de Diretrizes Or\u00e7ament\u00e1rias (LDO) aprovada pelo Congresso, estados e munic\u00edpios ter\u00e3o superavit de R$ 6,5 bilh\u00f5es.<\/p>\n<p>&nbsp;<\/p>\n<p>Para 2017, acredita Mansueto, o rombo de estados e munic\u00edpios dever\u00e1 ficar em torno dos R$ 15 bilh\u00f5es, que tamb\u00e9m ter\u00e3o de ser compensados pelo governo central (Tesouro Nacional, Banco Central e Previd\u00eancia Social) na meta a ser anunciada hoje. Essa estimativa, no.. entanto, depender\u00e1 da velocidade de recupera\u00e7\u00e3o da economia e, por tabela, das receitas. A boa not\u00edcia \u00e9 que, com o acordo fechado com a Uni\u00e3o, os estados ter\u00e3o que voltar a pagar parte das d\u00edvidas, e isso exige economia de recursos, que, futuramente, possivelmente a partir de 2018, resultar\u00e1 em superavit.<\/p>\n<p>&nbsp;<\/p>\n<p>Enquanto o presidente interino, Michel Temer, n\u00e3o bate o martelo sobre a meta de 2017, o que deve ocorrer no fim da tarde de hoje, o clima de apreens\u00e3o \u00e9 grande nos minist\u00e9rios da Fazenda e do Planejamento. A torcida \u00e9 para que prevale\u00e7a um deficit de pr\u00f3ximo de R$ 150 bilh\u00f5es.<\/p>\n<p>&nbsp;<\/p>\n<p><em>Bras\u00edlia, 10h15min<\/em><\/p>\n","protected":false},"excerpt":{"rendered":"<p>Ao fechar as contas para a proposta de deficit fiscal em 2017, o ministro da Fazenda chegou a conclus\u00e3o que estados e munic\u00edpios ter\u00e3o deficit neste ano e no pr\u00f3ximo. Segundo o secret\u00e1rio de Acompanhamento Econ\u00f4mico da pasta, Mansueto Almeida, as proje\u00e7\u00f5es para o rombo de 2016 oscilam entre R$ 14 bilh\u00f5es e R$ 16 [&hellip;]<\/p>\n","protected":false},"author":22,"featured_media":0,"comment_status":"open","ping_status":"closed","sticky":false,"template":"","format":"standard","meta":{"footnotes":""},"categories":[600,1],"tags":[561,76,320,565,581,583,582],"class_list":["post-1852","post","type-post","status-publish","format-standard","hentry","category-economia","category-sem-categoria","tag-561","tag-deficit","tag-estados","tag-meta-fiscal","tag-municipios","tag-r-15-bilhoes","tag-r-16-bilhoes"],"_links":{"self":[{"href":"https:\/\/blogs.correiobraziliense.com.br\/vicente\/wp-json\/wp\/v2\/posts\/1852","targetHints":{"allow":["GET"]}}],"collection":[{"href":"https:\/\/blogs.correiobraziliense.com.br\/vicente\/wp-json\/wp\/v2\/posts"}],"about":[{"href":"https:\/\/blogs.correiobraziliense.com.br\/vicente\/wp-json\/wp\/v2\/types\/post"}],"author":[{"embeddable":true,"href":"https:\/\/blogs.correiobraziliense.com.br\/vicente\/wp-json\/wp\/v2\/users\/22"}],"replies":[{"embeddable":true,"href":"https:\/\/blogs.correiobraziliense.com.br\/vicente\/wp-json\/wp\/v2\/comments?post=1852"}],"version-history":[{"count":1,"href":"https:\/\/blogs.correiobraziliense.com.br\/vicente\/wp-json\/wp\/v2\/posts\/1852\/revisions"}],"predecessor-version":[{"id":1853,"href":"https:\/\/blogs.correiobraziliense.com.br\/vicente\/wp-json\/wp\/v2\/posts\/1852\/revisions\/1853"}],"wp:attachment":[{"href":"https:\/\/blogs.correiobraziliense.com.br\/vicente\/wp-json\/wp\/v2\/media?parent=1852"}],"wp:term":[{"taxonomy":"category","embeddable":true,"href":"https:\/\/blogs.correiobraziliense.com.br\/vicente\/wp-json\/wp\/v2\/categories?post=1852"},{"taxonomy":"post_tag","embeddable":true,"href":"https:\/\/blogs.correiobraziliense.com.br\/vicente\/wp-json\/wp\/v2\/tags?post=1852"}],"curies":[{"name":"wp","href":"https:\/\/api.w.org\/{rel}","templated":true}]}}