{"id":18518,"date":"2021-04-23T10:28:14","date_gmt":"2021-04-23T13:28:14","guid":{"rendered":"https:\/\/blogs.correiobraziliense.com.br\/vicente\/?p=18518"},"modified":"2021-04-23T20:16:51","modified_gmt":"2021-04-23T23:16:51","slug":"ministerios-da-educacao-e-do-desenvolvimento-regional-lideram-listas-de-cortes-do-orcamento","status":"publish","type":"post","link":"https:\/\/blogs.correiobraziliense.com.br\/vicente\/ministerios-da-educacao-e-do-desenvolvimento-regional-lideram-listas-de-cortes-do-orcamento\/","title":{"rendered":"Minist\u00e9rios da Educa\u00e7\u00e3o e do Desenvolvimento Regional lideram listas de cortes do Or\u00e7amento"},"content":{"rendered":"<h2>ROSANA HESSEL<\/h2>\n<h2><\/h2>\n<h2>O governo finalmente publicou, nesta sexta-feira (23\/04), no <em>Di\u00e1rio Oficial da Uni\u00e3o (DOU)<\/em>, a Lei Or\u00e7ament\u00e1ria Anual (LOA) de 2021, aprovada em 25 de mar\u00e7o pelo Congresso e sancionada com vetos de emendas parlamentares e de despesas discricion\u00e1rias, totalizando R$ 19,8 bilh\u00f5es.\u00a0Al\u00e9m disso, publicou um decreto que determina o contingenciamento de despesas n\u00e3o-obrigat\u00f3rias do Or\u00e7amento de 2021 que prev\u00ea R$ 9,3 bilh\u00f5es em cortes. As tesouradas somaram R$ 29,1 bilh\u00f5es.<\/h2>\n<p>&nbsp;<\/p>\n<p>Os Minist\u00e9rios da Educa\u00e7\u00e3o e do Desenvolvimento Regional lideraram as listas dos cortes. O primeiro, dos bloqueios via decreto, e o segundo, dos cortes via veto. Somados, as perdas dessas duas pastas chegam a R$ 3,9 bilh\u00f5es e a R$ 9,5 bilh\u00f5es, respectivamente.<\/p>\n<p>&nbsp;<\/p>\n<p>O especialista em contas p\u00fablicas Felipe Salto, diretor-executivo da Institui\u00e7\u00e3o Fiscal Independente (IFI), fez um detalhamento por minist\u00e9rio dos cortes via veto de emendas parlamentares (R$ 11,9 bilh\u00f5es) e de despesas discricion\u00e1rias do Executivo (R$ 7,9 bilh\u00f5es) elencadas dentro dos R$ 19,841 bilh\u00f5es.<\/p>\n<p>&nbsp;<\/p>\n<p>Nessa lista, o Minist\u00e9rio do Desenvolvimento Regional foi o mais afetado, com um corte de R$ 8,646 bilh\u00f5es, seguido pelo Minist\u00e9rio da Infraestrutura, com R$ 2,787 bilh\u00f5es e, o Minist\u00e9rio da Sa\u00fade, em terceiro, com tesourada do R$ 2,228 bilh\u00f5es.<\/p>\n<p>&nbsp;<\/p>\n<p>De acordo com <a href=\"https:\/\/www.in.gov.br\/en\/web\/dou\/-\/decreto-n-10.686-de-22-de-abril-de-2021-315705878\">o decreto de contingenciamento<\/a> que passa a valer a partir de hoje, o Minist\u00e9rio da Educa\u00e7\u00e3o sofrer\u00e1 um bloqueio de R$ 2,728 bilh\u00f5es, o equivalente a 29,4% do total bloqueado.\u00a0 O Minist\u00e9rio da Economia teve o segundo maior corte, de R$ 1,406 bilh\u00e3o, e o da Defesa, o terceiro, de R$ 1,364 bilh\u00e3o.<\/p>\n<p>&nbsp;<\/p>\n<p>&nbsp;<\/p>\n<p>&nbsp;<\/p>\n<p><strong>Risco de apag\u00e3o<\/strong><\/p>\n<p>&nbsp;<\/p>\n<p>Pelos c\u00e1lculos da IFI, h\u00e1 uma previs\u00e3o de estouro de R$ 31,9 bilh\u00f5es nas despesas sujeitas ao teto de gastos &#8212; emenda constitucional que limita o aumento de despesas \u00e0 infla\u00e7\u00e3o do ano anterior &#8212; no Or\u00e7amento que havia sido aprovado pelo Legislativo. Agora, mesmo com esse corte de despesas de R$ 29,1 bilh\u00f5es, Salto ainda n\u00e3o descarta risco de apag\u00e3o da m\u00e1quina p\u00fablica.<\/p>\n<p>&nbsp;<\/p>\n<p>&#8220;Ficou pr\u00f3ximo da nossa conta. Minha avalia\u00e7\u00e3o \u00e9 que diminuiu o risco de rompimento do teto, mas ainda est\u00e1 presente. S\u00f3 que agora h\u00e1 um risco elevad\u00edssimo de shutdown&#8221;, afirmou Salto, em entrevista ao <strong>Blog<\/strong>.<\/p>\n<p>&nbsp;<\/p>\n<p>Em sua rede social, o especialista em contas p\u00fablicas destacou que \u00e9 preciso analisar bem o bloqueio de R$ 7,9 bilh\u00f5es nos gastos n\u00e3o obrigat\u00f3rios do Executivo via veto.<\/p>\n<p>&nbsp;<\/p>\n<p>&nbsp;<\/p>\n<p><strong>Principais \u00f3rg\u00e3os afetados pelo corte via decreto<\/strong><\/p>\n<p>&nbsp;<\/p>\n<p><span style=\"font-weight: 400\">Bloqueio de dota\u00e7\u00f5es prim\u00e1rias discricion\u00e1rias do Poder Executivo federal<\/span><\/p>\n<p>&nbsp;<\/p>\n<p><span style=\"font-weight: 400\">\u00d3rg\u00e3os\/Unidades Or\u00e7ament\u00e1rias &gt;&gt;&gt;<\/span> <span style=\"font-weight: 400\">Valor do Bloqueio (Em R$)<\/span><\/p>\n<p>&nbsp;<\/p>\n<p><span style=\"font-weight: 400\">Minist\u00e9rio da Educa\u00e7\u00e3o &gt;&gt;&gt;\u00a0<\/span><span style=\"font-weight: 400\">2.728.636.813<\/span><\/p>\n<p><span style=\"font-weight: 400\">Minist\u00e9rio da Economia &gt;&gt;&gt;<\/span> <span style=\"font-weight: 400\">1.406.425.452<\/span><\/p>\n<p><span style=\"font-weight: 400\">Minist\u00e9rio da Defesa &gt;&gt;&gt;<\/span><span style=\"font-weight: 400\">1.364.373.507<\/span><\/p>\n<p><span style=\"font-weight: 400\">Minist\u00e9rio do Desenvolvimento Regional<\/span> <span style=\"font-weight: 400\">&gt;&gt;&gt;<\/span><span style=\"font-weight: 400\">827.215.517<\/span><\/p>\n<p><span style=\"font-weight: 400\">Minist\u00e9rio da Infraestrutura &gt;&gt;&gt;<\/span> <span style=\"font-weight: 400\">777.841.862<\/span><\/p>\n<p><span style=\"font-weight: 400\">Minist\u00e9rio da Ci\u00eancia, Tecnologia\u00a0<\/span><span style=\"font-weight: 400\">e Inova\u00e7\u00f5es &gt;&gt;&gt;<\/span> <span style=\"font-weight: 400\">372.326.930<\/span><\/p>\n<p><span style=\"font-weight: 400\">Minist\u00e9rio da Cidadania &gt;&gt;&gt;<\/span> <span style=\"font-weight: 400\">322.103.164<\/span><\/p>\n<p><span style=\"font-weight: 400\">Minist\u00e9rio da Agricultura, Pecu\u00e1ria\u00a0<\/span><span style=\"font-weight: 400\">e Abastecimento &gt;&gt;&gt;<\/span> <span style=\"font-weight: 400\">283.157.304<\/span><\/p>\n<p><span style=\"font-weight: 400\">Minist\u00e9rio da Justi\u00e7a e Seguran\u00e7a P\u00fablica &gt;&gt;&gt;<\/span> <span style=\"font-weight: 400\">258.858.406<\/span><\/p>\n<p><span style=\"font-weight: 400\">TOTAL<\/span> <span style=\"font-weight: 400\">&gt;&gt;&gt;<\/span><span style=\"font-weight: 400\">&gt;&gt;&gt;<\/span><span style=\"font-weight: 400\">&gt;&gt;&gt;<\/span><span style=\"font-weight: 400\">&gt;&gt;&gt;<\/span><span style=\"font-weight: 400\">&gt;&gt;&gt;<\/span><span style=\"font-weight: 400\">9.285.430.574<\/span><\/p>\n<p>&nbsp;<\/p>\n<p><span style=\"font-weight: 400\">Fonte: DOU<\/span><\/p>\n<p>&nbsp;<\/p>\n<p>&nbsp;<\/p>\n<p><strong>Como ficaram os vetos<\/strong><\/p>\n<p>&nbsp;<\/p>\n<p>Veja o <a href=\"https:\/\/twitter.com\/FelipeSalto\/status\/1385574111280345092\">detalhamento do corte de R$ 19,8 bilh\u00f5es feito pelo economista Felipe Salto<\/a> abaixo. O diretor da IFI tamb\u00e9m elencou os <a href=\"https:\/\/twitter.com\/FelipeSalto\/status\/1385558215459549189?s=20\">principais gastos do decreto<\/a>.<\/p>\n<p>&nbsp;<\/p>\n<p><a href=\"https:\/\/blogs.correiobraziliense.com.br\/vicente\/wp-content\/uploads\/sites\/16\/2021\/04\/Captura-de-Tela-2021-04-23-\u00e0s-10.00.38.png\"><img loading=\"lazy\" decoding=\"async\" class=\"alignnone size-full wp-image-18519\" src=\"https:\/\/blogs.correiobraziliense.com.br\/vicente\/wp-content\/uploads\/sites\/16\/2021\/04\/Captura-de-Tela-2021-04-23-\u00e0s-10.00.38.png\" alt=\"\" width=\"241\" height=\"320\" \/><\/a><\/p>\n<p>&nbsp;<\/p>\n","protected":false},"excerpt":{"rendered":"<p>ROSANA HESSEL O governo finalmente publicou, nesta sexta-feira (23\/04), no Di\u00e1rio Oficial da Uni\u00e3o (DOU), a Lei Or\u00e7ament\u00e1ria Anual (LOA) de 2021, aprovada em 25 de mar\u00e7o pelo Congresso e sancionada com vetos de emendas parlamentares e de despesas discricion\u00e1rias, totalizando R$ 19,8 bilh\u00f5es.\u00a0Al\u00e9m disso, publicou um decreto que determina o contingenciamento de despesas n\u00e3o-obrigat\u00f3rias [&hellip;]<\/p>\n","protected":false},"author":22,"featured_media":10223,"comment_status":"open","ping_status":"closed","sticky":false,"template":"","format":"standard","meta":{"footnotes":""},"categories":[600],"tags":[2461,734,2371,5408,549,5409,307],"class_list":["post-18518","post","type-post","status-publish","format-standard","has-post-thumbnail","hentry","category-economia","tag-apagao","tag-contingenciamento","tag-decreto","tag-loa-de-2021","tag-orcamento","tag-shutdown","tag-teto-de-gastos"],"_links":{"self":[{"href":"https:\/\/blogs.correiobraziliense.com.br\/vicente\/wp-json\/wp\/v2\/posts\/18518","targetHints":{"allow":["GET"]}}],"collection":[{"href":"https:\/\/blogs.correiobraziliense.com.br\/vicente\/wp-json\/wp\/v2\/posts"}],"about":[{"href":"https:\/\/blogs.correiobraziliense.com.br\/vicente\/wp-json\/wp\/v2\/types\/post"}],"author":[{"embeddable":true,"href":"https:\/\/blogs.correiobraziliense.com.br\/vicente\/wp-json\/wp\/v2\/users\/22"}],"replies":[{"embeddable":true,"href":"https:\/\/blogs.correiobraziliense.com.br\/vicente\/wp-json\/wp\/v2\/comments?post=18518"}],"version-history":[{"count":6,"href":"https:\/\/blogs.correiobraziliense.com.br\/vicente\/wp-json\/wp\/v2\/posts\/18518\/revisions"}],"predecessor-version":[{"id":18538,"href":"https:\/\/blogs.correiobraziliense.com.br\/vicente\/wp-json\/wp\/v2\/posts\/18518\/revisions\/18538"}],"wp:featuredmedia":[{"embeddable":true,"href":"https:\/\/blogs.correiobraziliense.com.br\/vicente\/wp-json\/wp\/v2\/media\/10223"}],"wp:attachment":[{"href":"https:\/\/blogs.correiobraziliense.com.br\/vicente\/wp-json\/wp\/v2\/media?parent=18518"}],"wp:term":[{"taxonomy":"category","embeddable":true,"href":"https:\/\/blogs.correiobraziliense.com.br\/vicente\/wp-json\/wp\/v2\/categories?post=18518"},{"taxonomy":"post_tag","embeddable":true,"href":"https:\/\/blogs.correiobraziliense.com.br\/vicente\/wp-json\/wp\/v2\/tags?post=18518"}],"curies":[{"name":"wp","href":"https:\/\/api.w.org\/{rel}","templated":true}]}}