{"id":18513,"date":"2021-04-22T18:37:59","date_gmt":"2021-04-22T21:37:59","guid":{"rendered":"https:\/\/blogs.correiobraziliense.com.br\/vicente\/?p=18513"},"modified":"2021-04-22T18:37:59","modified_gmt":"2021-04-22T21:37:59","slug":"orcamento-de-2021-do-meio-ambiente-e-o-menor-desde-2010-segundo-contas-abertas","status":"publish","type":"post","link":"https:\/\/blogs.correiobraziliense.com.br\/vicente\/orcamento-de-2021-do-meio-ambiente-e-o-menor-desde-2010-segundo-contas-abertas\/","title":{"rendered":"Or\u00e7amento de 2021 do Meio Ambiente \u00e9 o menor desde 2010, segundo Contas Abertas"},"content":{"rendered":"<h2>ROSANA HESSEL<\/h2>\n<h2><\/h2>\n<h2>A previs\u00e3o de recursos or\u00e7ament\u00e1rios para o Minist\u00e9rio do Meio Ambiente, neste ano, \u00e9 de R$ 2,9 bilh\u00f5es, o menor patamar da s\u00e9rie hist\u00f3rica de um levantamento feito pela Associa\u00e7\u00e3o Contas Abertas com dados desde 2010.\u00a0 Esse montante \u00e9 9% inferior, em termos reais (descontada a infla\u00e7\u00e3o), aos recursos or\u00e7ados no ano passado.<\/h2>\n<p>&nbsp;<\/p>\n<p>Al\u00e9m disso, os recursos totais previstos para a pasta neste ano representam queda real de 76,8% sobre a previs\u00e3o de 2010, que somam R$ 12,5 bilh\u00f5es em valores atualizados, como mostra o quadro.<\/p>\n<p>&nbsp;<\/p>\n<p>Os n\u00fameros deste ano fazem base do aut\u00f3grafo do Or\u00e7amento de 2021 aprovado pelo Congresso no \u00faltimo dia 25 e que precisa ser sancionado pelo presidente Jair Bolsonaro nesta quinta-feira (22\/04), ap\u00f3s a <a href=\"https:\/\/www.correiobraziliense.com.br\/economia\/2021\/04\/4919529-mudanca-na-ldo-permite-lancar-bem.html\">san\u00e7\u00e3o, ontem, do projeto de lei que permite que o governo crie novas despesas fora do teto de gastos, incluindo programas para socorro de empresas.<\/a><\/p>\n<p>&nbsp;<\/p>\n<p>Ap\u00f3s <a href=\"https:\/\/blogs.correiobraziliense.com.br\/vicente\/para-greenpeace-bolsonaro-mente-em-discurso-na-cupula-do-clima\/\">o discurso do presidente na C\u00fapula do Clima, que n\u00e3o agradou especialistas<\/a>, o\u00a0ministro do Meio Ambiente, Ricardo Salles, disse, hoje, a jornalistas que n\u00e3o sabe o or\u00e7amento da pasta neste ano e que o presidente Jair Bolsonaro poder\u00e1 dobrar os recursos para a fiscaliza\u00e7\u00e3o ambiental.<\/p>\n<p>&nbsp;<\/p>\n<p>&#8220;O or\u00e7amento do Meio Ambiente \u00e9 o menor da s\u00e9rie hist\u00f3rica e \u00e9 estranho o ministro dizer que n\u00e3o sabe o or\u00e7amento da fiscaliza\u00e7\u00e3o da pasta e ainda afirma que o presidente vai dobrar uma receita que nem foi sancionada ainda&#8221;, destacou o secret\u00e1rio-geral das Contas Abertas. Ele lembrou que, ao impasse em torno das emendas parlamentares criadas durante a vota\u00e7\u00e3o da pe\u00e7a or\u00e7ament\u00e1ria \u00e9 dif\u00edcil imaginar que o governo conseguir\u00e1 aumentar despesas para o meio ambiente, embora necess\u00e1rias, para melhorar a fiscaliza\u00e7\u00e3o no combate ao desmatamento, pois s\u00e3o necess\u00e1rios vetos ao Or\u00e7amento.<\/p>\n<p>&nbsp;<\/p>\n<p>&nbsp;<\/p>\n<p>&nbsp;<\/p>\n<p>&nbsp;<\/p>\n","protected":false},"excerpt":{"rendered":"<p>ROSANA HESSEL A previs\u00e3o de recursos or\u00e7ament\u00e1rios para o Minist\u00e9rio do Meio Ambiente, neste ano, \u00e9 de R$ 2,9 bilh\u00f5es, o menor patamar da s\u00e9rie hist\u00f3rica de um levantamento feito pela Associa\u00e7\u00e3o Contas Abertas com dados desde 2010.\u00a0 Esse montante \u00e9 9% inferior, em termos reais (descontada a infla\u00e7\u00e3o), aos recursos or\u00e7ados no ano passado. [&hellip;]<\/p>\n","protected":false},"author":22,"featured_media":18515,"comment_status":"open","ping_status":"closed","sticky":false,"template":"","format":"standard","meta":{"footnotes":""},"categories":[600],"tags":[5407,460,549,3802],"class_list":["post-18513","post","type-post","status-publish","format-standard","has-post-thumbnail","hentry","category-economia","tag-contas-abertas","tag-meio-ambiente","tag-orcamento","tag-ricardo-salles"],"_links":{"self":[{"href":"https:\/\/blogs.correiobraziliense.com.br\/vicente\/wp-json\/wp\/v2\/posts\/18513","targetHints":{"allow":["GET"]}}],"collection":[{"href":"https:\/\/blogs.correiobraziliense.com.br\/vicente\/wp-json\/wp\/v2\/posts"}],"about":[{"href":"https:\/\/blogs.correiobraziliense.com.br\/vicente\/wp-json\/wp\/v2\/types\/post"}],"author":[{"embeddable":true,"href":"https:\/\/blogs.correiobraziliense.com.br\/vicente\/wp-json\/wp\/v2\/users\/22"}],"replies":[{"embeddable":true,"href":"https:\/\/blogs.correiobraziliense.com.br\/vicente\/wp-json\/wp\/v2\/comments?post=18513"}],"version-history":[{"count":1,"href":"https:\/\/blogs.correiobraziliense.com.br\/vicente\/wp-json\/wp\/v2\/posts\/18513\/revisions"}],"predecessor-version":[{"id":18516,"href":"https:\/\/blogs.correiobraziliense.com.br\/vicente\/wp-json\/wp\/v2\/posts\/18513\/revisions\/18516"}],"wp:featuredmedia":[{"embeddable":true,"href":"https:\/\/blogs.correiobraziliense.com.br\/vicente\/wp-json\/wp\/v2\/media\/18515"}],"wp:attachment":[{"href":"https:\/\/blogs.correiobraziliense.com.br\/vicente\/wp-json\/wp\/v2\/media?parent=18513"}],"wp:term":[{"taxonomy":"category","embeddable":true,"href":"https:\/\/blogs.correiobraziliense.com.br\/vicente\/wp-json\/wp\/v2\/categories?post=18513"},{"taxonomy":"post_tag","embeddable":true,"href":"https:\/\/blogs.correiobraziliense.com.br\/vicente\/wp-json\/wp\/v2\/tags?post=18513"}],"curies":[{"name":"wp","href":"https:\/\/api.w.org\/{rel}","templated":true}]}}