{"id":1850,"date":"2016-07-07T05:30:21","date_gmt":"2016-07-07T08:30:21","guid":{"rendered":"https:\/\/blogs.correiobraziliense.com.br\/vicente\/?p=1850"},"modified":"2016-07-08T09:27:18","modified_gmt":"2016-07-08T12:27:18","slug":"coluna-no-correio-e-o-que-temos-para-o-momento","status":"publish","type":"post","link":"https:\/\/blogs.correiobraziliense.com.br\/vicente\/coluna-no-correio-e-o-que-temos-para-o-momento\/","title":{"rendered":"Coluna no Correio: \u00c9 o que temos para o momento"},"content":{"rendered":"<p>O governo sentiu o peso de se arriscar a propor um deficit fiscal para 2017 muito al\u00e9m do que esperavam os agentes econ\u00f4micos. Um rombo pr\u00f3ximo de R$ 150 bilh\u00f5es n\u00e3o \u00e9 o n\u00famero dos sonhos do mercado financeiro, mas indica que deve prevalecer o bom senso. Quem acompanhou de perto as discuss\u00f5es sobre a meta a ser encaminhada ainda hoje ao Congresso percebeu que havia uma forte disposi\u00e7\u00e3o do presidente interino, Michel Temer, de sancionar um valor que agradasse a ala pol\u00edtica do Pal\u00e1cio do Planalto, que defendia a repeti\u00e7\u00e3o do buraco de R$ 170,5 bilh\u00f5es de 2016. Mas os recados emitidos pelos investidores e reverberados pelo ministro da Fazenda, Henrique Meirelles, falaram mais alto. O momento \u00e9 de equil\u00edbrio e n\u00e3o de aventuras.<\/p>\n<p>&nbsp;<\/p>\n<p>O deficit previsto para 2017, ainda que menor em rela\u00e7\u00e3o ao deste ano, refor\u00e7a todo o estrago promovido por Dilma Rousseff nas contas p\u00fablicas. Ser\u00e1 o quarto ano seguido de finan\u00e7as no vermelho. Um rombo total pr\u00f3ximo de R$ 460 bilh\u00f5es. \u00c9 quase certo que, tamb\u00e9m em 2018, o pa\u00eds apresente despesas maiores que receitas. Isso exigir\u00e1 a\u00e7\u00f5es contundentes do governo. N\u00e3o poder\u00e1 haver o menor sinal de d\u00favida em rela\u00e7\u00e3o ao ajuste fiscal. Nas \u00faltimas semanas, Temer deu raz\u00f5es de sobra para questionamentos quanto a seu real compromisso com a arruma\u00e7\u00e3o das contas p\u00fablicas, ao lan\u00e7ar medidas populistas para conseguir apoio no Congresso e sacramentar o afastamento definitivo de Dilma.<\/p>\n<p>&nbsp;<\/p>\n<p>A expectativa \u00e9 de que, quando se livrar do fantasma da petista, Temer acelere o passo nas medidas para o ajuste. O aumento de impostos, se n\u00e3o sair agora, certamente ser\u00e1 adotado depois do impeachment. Ser\u00e1 uma das medidas amargas que o presidente interino disse que tomaria. Apesar de a equipe econ\u00f4mica dizer que os n\u00fameros apresentados como justificativa para um deficit de cerca de R$ 150 bilh\u00f5es s\u00e3o consistentes, h\u00e1 receitas que podem n\u00e3o se concretizar, como as de concess\u00f5es e privatiza\u00e7\u00f5es. A eleva\u00e7\u00e3o de tributos n\u00e3o ser\u00e1 decidida como uma panaceia, at\u00e9 para n\u00e3o provocar ciz\u00e2nia com os empres\u00e1rios. O governo depende da boa vontade deles para retomar os investimentos e incrementar a atividade.<\/p>\n<p>&nbsp;<\/p>\n<p><b>Cara de Sarney<\/b><\/p>\n<p>&nbsp;<\/p>\n<p>Na avalia\u00e7\u00e3o de Cl\u00e1udio Porto, presidente da consultoria Macroplan, n\u00e3o h\u00e1 outra sa\u00edda a Temer a n\u00e3o ser sancionar a proposta de deficit defendida pela equipe econ\u00f4mica. Se optar por avalizar a posi\u00e7\u00e3o da ala pol\u00edtica do governo, antecipar\u00e1 o fim da lua de mel com os agentes econ\u00f4micos, abrindo uma crise desnecess\u00e1ria para um governo que ainda precisa de confirma\u00e7\u00e3o do Senado. Porto ressalta que o ideal seria que o deficit previsto para 2017 fosse a metade dos R$ 170,5 bilh\u00f5es deste ano. Certamente, a resposta dos investidores seria de euforia em rela\u00e7\u00e3o ao Brasil.<\/p>\n<p>&nbsp;<\/p>\n<p>O economista diz que o peemedebista desperta desconfian\u00e7a, fato constatado por recente pesquisa realizada pela Macroplan. Um em cada tr\u00eas ouvidos pela consultoria aposta no fracasso da gest\u00e3o dele. Mesmo quem acredita que Temer conseguir\u00e1 se firmar no poder \u2014 45% do total \u2014 diz que o sucesso ser\u00e1 parcial, marcado por um ajuste emergencial nas contas p\u00fablicas, encaminhamento das reformas e crescimento econ\u00f4mico baixo. O conjunto de respostas, destaca Porto, remete ao governo de Jos\u00e9 Sarney, um presidente fraco, que fracassou nas v\u00e1rias tentativas de livrar o pa\u00eds da hiperinfla\u00e7\u00e3o.<\/p>\n<p>&nbsp;<\/p>\n<p>Portanto, o espa\u00e7o para erros no governo Temer \u00e9 m\u00ednimo. Se insistir em se guiar mais pela pol\u00edtica, enfraquecendo a equipe de Meirelles, certamente caminhar\u00e1 rapidamente para o desastre. H\u00e1 hoje, no mundo, um movimento crescente de avers\u00e3o ao risco. Um Brasil fora dos eixos, parecido com aquele dos tempos de Dilma, ser\u00e1 o que de pior pode acontecer. \u201cOs \u00faltimos dias foram de tens\u00e3o. Felizmente, o presidente interino parece entender a dimens\u00e3o dos problemas que estamos vivendo\u201d, afirma um dos auxiliares mais pr\u00f3ximos do ministro da Fazenda. Ele garante que a meta fiscal de 2017 evitar\u00e1 \u201cos erros grosseiros de Dilma\u201d.<\/p>\n<p>&nbsp;<\/p>\n<p><b>Desaforos<\/b><\/p>\n<p>&nbsp;<\/p>\n<p>Definida a meta de deficit de 2017, informam t\u00e9cnicos da Fazenda, ser\u00e1 a hora de pavimentar o caminho para a retomada do crescimento. \u201cO pa\u00eds precisa, desesperadamente, sair da recess\u00e3o\u201d, enfatiza um deles. A perspectiva \u00e9 de que o governo se dedique a atrair capital, inclusive o estrangeiro, para financiar os programas de concess\u00f5es e de privatiza\u00e7\u00e3o.<\/p>\n<p>&nbsp;<\/p>\n<p>\u00c9 desses projetos (mais os aumentos de impostos) que a equipe econ\u00f4mica prev\u00ea obter entre R$ 45 bilh\u00f5es e R$ 50 bilh\u00f5es em receitas para cumprir o que prometeu na \u00e1rea fiscal. Sem isso, o buraco chegar\u00e1 a R$ 194 bilh\u00f5es, como ressalta o presidente da Comiss\u00e3o Mista do Or\u00e7amento (CMO), deputado Arthur Lira (PP-AL). \u201cEsses R$ 194 bilh\u00f5es s\u00e3o o que a equipe econ\u00f4mica chama de deficit bruto\u201d, explica.<\/p>\n<p>&nbsp;<\/p>\n<p>Resta saber se os agentes econ\u00f4micos responder\u00e3o na velocidade esperada pelo governo. Como sempre ressalta Meirelles, dinheiro n\u00e3o aceita desaforos, tudo o que o Brasil mais fez nos \u00faltimos anos.<\/p>\n<p>&nbsp;<\/p>\n<p><i>Bras\u00edlia, 05h30min<\/i><\/p>\n","protected":false},"excerpt":{"rendered":"<p>O governo sentiu o peso de se arriscar a propor um deficit fiscal para 2017 muito al\u00e9m do que esperavam os agentes econ\u00f4micos. Um rombo pr\u00f3ximo de R$ 150 bilh\u00f5es n\u00e3o \u00e9 o n\u00famero dos sonhos do mercado financeiro, mas indica que deve prevalecer o bom senso. Quem acompanhou de perto as discuss\u00f5es sobre a [&hellip;]<\/p>\n","protected":false},"author":22,"featured_media":0,"comment_status":"open","ping_status":"closed","sticky":false,"template":"","format":"standard","meta":{"footnotes":""},"categories":[600,1],"tags":[561,133,572,76,21,524,565,111,541],"class_list":["post-1850","post","type-post","status-publish","format-standard","hentry","category-economia","category-sem-categoria","tag-561","tag-aumento","tag-cide","tag-deficit","tag-henrique-meirelles","tag-impostos","tag-meta-fiscal","tag-michel-temer","tag-rombo"],"_links":{"self":[{"href":"https:\/\/blogs.correiobraziliense.com.br\/vicente\/wp-json\/wp\/v2\/posts\/1850","targetHints":{"allow":["GET"]}}],"collection":[{"href":"https:\/\/blogs.correiobraziliense.com.br\/vicente\/wp-json\/wp\/v2\/posts"}],"about":[{"href":"https:\/\/blogs.correiobraziliense.com.br\/vicente\/wp-json\/wp\/v2\/types\/post"}],"author":[{"embeddable":true,"href":"https:\/\/blogs.correiobraziliense.com.br\/vicente\/wp-json\/wp\/v2\/users\/22"}],"replies":[{"embeddable":true,"href":"https:\/\/blogs.correiobraziliense.com.br\/vicente\/wp-json\/wp\/v2\/comments?post=1850"}],"version-history":[{"count":1,"href":"https:\/\/blogs.correiobraziliense.com.br\/vicente\/wp-json\/wp\/v2\/posts\/1850\/revisions"}],"predecessor-version":[{"id":1851,"href":"https:\/\/blogs.correiobraziliense.com.br\/vicente\/wp-json\/wp\/v2\/posts\/1850\/revisions\/1851"}],"wp:attachment":[{"href":"https:\/\/blogs.correiobraziliense.com.br\/vicente\/wp-json\/wp\/v2\/media?parent=1850"}],"wp:term":[{"taxonomy":"category","embeddable":true,"href":"https:\/\/blogs.correiobraziliense.com.br\/vicente\/wp-json\/wp\/v2\/categories?post=1850"},{"taxonomy":"post_tag","embeddable":true,"href":"https:\/\/blogs.correiobraziliense.com.br\/vicente\/wp-json\/wp\/v2\/tags?post=1850"}],"curies":[{"name":"wp","href":"https:\/\/api.w.org\/{rel}","templated":true}]}}