{"id":18498,"date":"2021-04-20T18:20:07","date_gmt":"2021-04-20T21:20:07","guid":{"rendered":"https:\/\/blogs.correiobraziliense.com.br\/vicente\/?p=18498"},"modified":"2021-04-20T19:17:56","modified_gmt":"2021-04-20T22:17:56","slug":"para-guedes-tem-muito-barulho-sobre-o-acordo-com-o-congresso","status":"publish","type":"post","link":"https:\/\/blogs.correiobraziliense.com.br\/vicente\/para-guedes-tem-muito-barulho-sobre-o-acordo-com-o-congresso\/","title":{"rendered":"Para Guedes, &#8220;tem muito barulho&#8221; sobre o acordo com o Congresso"},"content":{"rendered":"<h2>ROSANA\u00a0 HESSEL<\/h2>\n<h2>O ministro da Economia, Paulo Guedes, tentou minimizar a pol\u00eamica em torno do acordo do governo com o Congresso para a san\u00e7\u00e3o do Or\u00e7amento de 2021 firmado, ontem, durante a aprova\u00e7\u00e3o do projeto de lei que alterou a Lei de Diretrizes Or\u00e7ament\u00e1rias deste ano, o PLN 2\/202, prevendo aumento de gastos extraordin\u00e1rios acima da regra do teto &#8212; emenda constitucional que limita o aumento das despesas \u00e0 infla\u00e7\u00e3o do ano anterior. Ele n\u00e3o explicou as bases das negocia\u00e7\u00f5es para o Executivo concordar com gastos que devem superar R$ 100 bilh\u00f5es fora do teto, em um claro movimento de toma-l\u00e1-d\u00e1-c\u00e1, criticado pelo presidente Jair Bolsonaro durante a campanha eleitoral.<\/h2>\n<h2><\/h2>\n<p>\u201cTem muito barulho rodando por a\u00ed enquanto o sinal verdadeiro \u00e9 que o governo, ap\u00f3s dois anos, conseguiu uma base de sustenta\u00e7\u00e3o parlamentar\u201d, afirmou o chefe da equipe econ\u00f4mica, nesta ter\u00e7a-feira (20\/04) durante videoconfer\u00eancia da <a href=\"https:\/\/blogs.correiobraziliense.com.br\/vicente\/superamos-as-melhores-expectativas-com-a-arrecadacao-diz-paulo-guedes\/\">Receita Federal para comentar os dados de arrecada\u00e7\u00e3o de mar\u00e7o e ap\u00f3s comemorar o recolhimento recorde de tributos em mar\u00e7o.<\/a>\u00a0 O ministro n\u00e3o respondeu perguntas de jornalistas. Apenas fez um pronunciamento. De acordo com fontes do governo, Guedes considerou o Or\u00e7amento &#8220;exequ\u00edvel&#8221; ap\u00f3s a vota\u00e7\u00e3o do PLN 2\/2021.<\/p>\n<p>&nbsp;<\/p>\n<p>\u201cEu queria reafirmar que quem apostou no di\u00e1logo e entendimento entre Executivo e Congresso est\u00e1 captando realmente o sinal, a informa\u00e7\u00e3o do que est\u00e1 acontecendo que\u00a0\u00e9 o governo conseguindo uma base parlamentar para retomar a agenda de reformas estruturantes\u201d, acrescentou Paulo Guedes.<\/p>\n<p>&nbsp;<\/p>\n<p>O chefe da equipe econ\u00f4mica reconheceu que o Or\u00e7amento de 2021 foi o primeiro exerc\u00edcio desse processo de di\u00e1logo, onde houve erros e acertos \u201cque acabaram dificultando um pouco o encaixe das emendas parlamentares\u201d. Contudo, n\u00e3o deu detalhes do acordo entre o Executivo e o Parlamento.<\/p>\n<p>&nbsp;<\/p>\n<p>\u201cEsse acordo revela na verdade, quando observarem toda a configura\u00e7\u00e3o desse acordo, que foi mantido o duplo compromisso do governo Bolsonaro com a Sa\u00fade brasileira de um lado e com a responsabilidade fiscal por outro lado\u201d, afirmou o ministro. \u201cEsse duplo compromisso significa que os gastos recorrentes continuam sob o teto exatamente porque eles exprimem esse compromisso com a responsabilidade fiscal\u201d, adicionou.<\/p>\n<p>&nbsp;<\/p>\n<p>Os gastos de natureza n\u00e3o-recorrentes, que exprimem o compromisso com a Sa\u00fade, segundo o ministro, &#8220;s\u00e3o despesas que ficar\u00e3o fora do teto&#8221;, como aconteceu no ano passado com o Or\u00e7amento de Guerra. \u201cEm 2021 vamos observar o mesmo protocolo de 2020 para os recursos para a Sa\u00fade\u201d, afirmou.<\/p>\n<p>&nbsp;<\/p>\n<p>Na avalia\u00e7\u00e3o do ministro, essa nova conjuntura pol\u00edtica \u201cajudou a aprovar seis reformas importantes\u201d. Ele citou como exemplo a nova Lei de Fal\u00eancias, que foi aprovada no fim do ano passado pelo Senado, e, portanto, antes da aproxima\u00e7\u00e3o do governo com o Centr\u00e3o, e elencou a independ\u00eancia do Banco Central, cujos diretores e seus novos mandatos foram confirmados hoje no Di\u00e1rio Oficial da Uni\u00e3o (DOU).<\/p>\n<p>&nbsp;<\/p>\n<p>De acordo com Guedes, o governo est\u00e1 destravando os investimentos. \u201cAprovamos um novo marco fiscal que dispara gatilhos com certos par\u00e2metros de amea\u00e7as da sa\u00fade financeira dos entes federativos. Aprovamos\u00a0 o programa nacional de desestatiza\u00e7\u00e3o dos Correios e da Eletrobras\u00a0 para mostrar o compromisso com o avan\u00e7o das privatiza\u00e7\u00f5es&#8221;, disse.<\/p>\n<p>&nbsp;<\/p>\n<p>\u201cEstamos destravando o bloqueio dos investimentos atrav\u00e9s de novos marcos regulat\u00f3rios, com marcos importantes do saneamento e do g\u00e1s natural\u201d, acrescentou Guedes. O ministro disse que prev\u00ea investimentos entre R$ 600 e R$ 700 bilh\u00f5es na \u00e1rea de saneamento b\u00e1sico nos pr\u00f3ximos 10 anos e quase R$ 300 bilh\u00f5es em g\u00e1s natural e petr\u00f3leo nos pr\u00f3ximos dois a tr\u00eas anos. \u201cEst\u00e1 no pipeline a aprova\u00e7\u00e3o de marco regulat\u00f3rio para ferrovias\u201d, disse.\u00a0 \u201cTodo o cronograma de concess\u00f5es e privatiza\u00e7\u00f5es vai destravar o investimentos\u201d, acrescentou sem dar mais previs\u00f5es de receitas nesses programas. No in\u00edcio do governo Bolsonaro, o ministro prometia arrecadar R$ 1 trilh\u00e3o com a venda de estatais, um das in\u00fameras promessas que nunca foram cumpridas.<\/p>\n<p>&nbsp;<\/p>\n<p>&nbsp;<\/p>\n","protected":false},"excerpt":{"rendered":"<p>ROSANA\u00a0 HESSEL O ministro da Economia, Paulo Guedes, tentou minimizar a pol\u00eamica em torno do acordo do governo com o Congresso para a san\u00e7\u00e3o do Or\u00e7amento de 2021 firmado, ontem, durante a aprova\u00e7\u00e3o do projeto de lei que alterou a Lei de Diretrizes Or\u00e7ament\u00e1rias deste ano, o PLN 2\/202, prevendo aumento de gastos extraordin\u00e1rios acima [&hellip;]<\/p>\n","protected":false},"author":22,"featured_media":15842,"comment_status":"open","ping_status":"closed","sticky":false,"template":"","format":"standard","meta":{"footnotes":""},"categories":[600],"tags":[974,659,549,4510,3613],"class_list":["post-18498","post","type-post","status-publish","format-standard","has-post-thumbnail","hentry","category-economia","tag-acordo","tag-centrao","tag-orcamento","tag-pandemia","tag-paulo-guedes"],"_links":{"self":[{"href":"https:\/\/blogs.correiobraziliense.com.br\/vicente\/wp-json\/wp\/v2\/posts\/18498","targetHints":{"allow":["GET"]}}],"collection":[{"href":"https:\/\/blogs.correiobraziliense.com.br\/vicente\/wp-json\/wp\/v2\/posts"}],"about":[{"href":"https:\/\/blogs.correiobraziliense.com.br\/vicente\/wp-json\/wp\/v2\/types\/post"}],"author":[{"embeddable":true,"href":"https:\/\/blogs.correiobraziliense.com.br\/vicente\/wp-json\/wp\/v2\/users\/22"}],"replies":[{"embeddable":true,"href":"https:\/\/blogs.correiobraziliense.com.br\/vicente\/wp-json\/wp\/v2\/comments?post=18498"}],"version-history":[{"count":8,"href":"https:\/\/blogs.correiobraziliense.com.br\/vicente\/wp-json\/wp\/v2\/posts\/18498\/revisions"}],"predecessor-version":[{"id":18506,"href":"https:\/\/blogs.correiobraziliense.com.br\/vicente\/wp-json\/wp\/v2\/posts\/18498\/revisions\/18506"}],"wp:featuredmedia":[{"embeddable":true,"href":"https:\/\/blogs.correiobraziliense.com.br\/vicente\/wp-json\/wp\/v2\/media\/15842"}],"wp:attachment":[{"href":"https:\/\/blogs.correiobraziliense.com.br\/vicente\/wp-json\/wp\/v2\/media?parent=18498"}],"wp:term":[{"taxonomy":"category","embeddable":true,"href":"https:\/\/blogs.correiobraziliense.com.br\/vicente\/wp-json\/wp\/v2\/categories?post=18498"},{"taxonomy":"post_tag","embeddable":true,"href":"https:\/\/blogs.correiobraziliense.com.br\/vicente\/wp-json\/wp\/v2\/tags?post=18498"}],"curies":[{"name":"wp","href":"https:\/\/api.w.org\/{rel}","templated":true}]}}