{"id":18481,"date":"2021-04-20T12:18:49","date_gmt":"2021-04-20T15:18:49","guid":{"rendered":"https:\/\/blogs.correiobraziliense.com.br\/vicente\/?p=18481"},"modified":"2021-04-20T12:42:23","modified_gmt":"2021-04-20T15:42:23","slug":"arthur-lira-promete-votar-projeto-de-urgencia-para-privatizacao-dos-correios","status":"publish","type":"post","link":"https:\/\/blogs.correiobraziliense.com.br\/vicente\/arthur-lira-promete-votar-projeto-de-urgencia-para-privatizacao-dos-correios\/","title":{"rendered":"Arthur Lira promete votar projeto de urg\u00eancia para privatiza\u00e7\u00e3o dos Correios"},"content":{"rendered":"<h2>Como forma de mostrar alinhamento com o governo, depois de os parlamentares serem agraciados com bilh\u00f5es de reais para emendas ao Or\u00e7amento deste ano, o presidente da C\u00e2mara, Arthur Lira promete votar, ainda nesta ter\u00e7a-feira (20\/04), em regime de urg\u00eancia, o projeto que trata da privatiza\u00e7\u00e3o dos Correios.<\/h2>\n<p>&nbsp;<\/p>\n<p>Trata-se de um agrado e tanto ao ministro da Economia, Paulo Guedes, que saiu derrotado no embate em torno do Or\u00e7amento de 2021, pois teve de engolir um or\u00e7amento paralelo de mais de R$ 125 bilh\u00f5es. Guedes precisa tirar do papel a privatiza\u00e7\u00e3o de algumas estatais \u2014 promessa que ainda n\u00e3o conseguiu cumprir. E nada como come\u00e7ar pelos Correios.<\/p>\n<p>&nbsp;<\/p>\n<p>Lira e Guedes ficaram em p\u00e9 de guerra por causa do Or\u00e7amento de 2021. Mas, como prevaleceu a vontade do Congresso, de mais gastos com obras, o presidente da C\u00e2mara, agora, quer dar um sinal de tr\u00e9gua, ainda que por curto prazo. No que depender de Lira, o ministro da Economia pode pegar o chap\u00e9u e deixar o governo.<\/p>\n<p>&nbsp;<\/p>\n<p>A oposi\u00e7\u00e3o promete botar \u00e1gua no chope que Lira preparou para servir a Guedes, ao tentar obstruir os trabalhos. N\u00e3o ser\u00e1 tarefa f\u00e1cil, pois os parlamentar da base do governo est\u00e3o agradecidos pelos recursos que v\u00e3o garantir obras em seus redutos eleitorais em 2022, quando tentar\u00e3o a reelei\u00e7\u00e3o.<\/p>\n<p>&nbsp;<\/p>\n<p>Para o\u00a0vice-l\u00edder do PT, deputado Z\u00e9 Neto (BA), o momento n\u00e3o \u00e9 de o Congresso se debru\u00e7ar sobre o programa de priva\u00e7\u00e3o, mas, sim, de encontrar medidas que ampliem a oferta de vacinas contra a covid-19 para a popula\u00e7\u00e3o. O Brasil j\u00e1 superou os Estados Unidos em n\u00famero de mortes por milh\u00e3o de habitantes.<\/p>\n<p>&nbsp;<\/p>\n<p>No entender do deputado, &#8220;o governo Bolsonaro anda na contram\u00e3o do mundo \u2014 principalmente dos pa\u00edses mais ricos \u2014 ao priorizar o desmonte de estruturas p\u00fablicas ao inv\u00e9s de fortalecer a presen\u00e7a do Estado na indu\u00e7\u00e3o do desenvolvimento&#8221;.<\/p>\n<p>&nbsp;<\/p>\n<p>O parlamentar ressalta, ainda, que &#8220;o mais recente exemplo dessa pol\u00edtica atrasada \u00e9 a proposta de privatiza\u00e7\u00e3o dos Correios, servi\u00e7o que, em outras grandes na\u00e7\u00f5es, est\u00e1 sob controle do Estado&#8221;. Ele diza que, &#8220;os 20 pa\u00edses com maior territ\u00f3rio, o servi\u00e7o postal \u00e9 prestado por uma organiza\u00e7\u00e3o p\u00fablica&#8221;.<\/p>\n<p>&nbsp;<\/p>\n<p>Z\u00e9 Neto lembra que, em Portugal, ap\u00f3s a privatiza\u00e7\u00e3o do sistema postal, os pre\u00e7os subiram muito e o atendimento piorou. &#8220;S\u00f3 lucraram mesmo os rentistas que participaram do leil\u00e3o. Agora, a popula\u00e7\u00e3o vai \u00e0s ruas para pedir a reestatiza\u00e7\u00e3o da empresa\u201d, afirma.<\/p>\n<p>&nbsp;<\/p>\n<p><em>Bras\u00edlia, 12h18min<\/em><\/p>\n","protected":false},"excerpt":{"rendered":"<p>Como forma de mostrar alinhamento com o governo, depois de os parlamentares serem agraciados com bilh\u00f5es de reais para emendas ao Or\u00e7amento deste ano, o presidente da C\u00e2mara, Arthur Lira promete votar, ainda nesta ter\u00e7a-feira (20\/04), em regime de urg\u00eancia, o projeto que trata da privatiza\u00e7\u00e3o dos Correios. &nbsp; Trata-se de um agrado e tanto [&hellip;]<\/p>\n","protected":false},"author":22,"featured_media":12714,"comment_status":"open","ping_status":"closed","sticky":false,"template":"","format":"standard","meta":{"footnotes":""},"categories":[600],"tags":[5402,589,4943,4547],"class_list":["post-18481","post","type-post","status-publish","format-standard","has-post-thumbnail","hentry","category-economia","tag-arthur-lira-promete-votar-projeto-de-urgencia-para-privatizacao-dos-correios","tag-economia","tag-financas","tag-negocios"],"_links":{"self":[{"href":"https:\/\/blogs.correiobraziliense.com.br\/vicente\/wp-json\/wp\/v2\/posts\/18481","targetHints":{"allow":["GET"]}}],"collection":[{"href":"https:\/\/blogs.correiobraziliense.com.br\/vicente\/wp-json\/wp\/v2\/posts"}],"about":[{"href":"https:\/\/blogs.correiobraziliense.com.br\/vicente\/wp-json\/wp\/v2\/types\/post"}],"author":[{"embeddable":true,"href":"https:\/\/blogs.correiobraziliense.com.br\/vicente\/wp-json\/wp\/v2\/users\/22"}],"replies":[{"embeddable":true,"href":"https:\/\/blogs.correiobraziliense.com.br\/vicente\/wp-json\/wp\/v2\/comments?post=18481"}],"version-history":[{"count":1,"href":"https:\/\/blogs.correiobraziliense.com.br\/vicente\/wp-json\/wp\/v2\/posts\/18481\/revisions"}],"predecessor-version":[{"id":18482,"href":"https:\/\/blogs.correiobraziliense.com.br\/vicente\/wp-json\/wp\/v2\/posts\/18481\/revisions\/18482"}],"wp:featuredmedia":[{"embeddable":true,"href":"https:\/\/blogs.correiobraziliense.com.br\/vicente\/wp-json\/wp\/v2\/media\/12714"}],"wp:attachment":[{"href":"https:\/\/blogs.correiobraziliense.com.br\/vicente\/wp-json\/wp\/v2\/media?parent=18481"}],"wp:term":[{"taxonomy":"category","embeddable":true,"href":"https:\/\/blogs.correiobraziliense.com.br\/vicente\/wp-json\/wp\/v2\/categories?post=18481"},{"taxonomy":"post_tag","embeddable":true,"href":"https:\/\/blogs.correiobraziliense.com.br\/vicente\/wp-json\/wp\/v2\/tags?post=18481"}],"curies":[{"name":"wp","href":"https:\/\/api.w.org\/{rel}","templated":true}]}}