{"id":18454,"date":"2021-04-19T15:15:39","date_gmt":"2021-04-19T18:15:39","guid":{"rendered":"https:\/\/blogs.correiobraziliense.com.br\/vicente\/?p=18454"},"modified":"2021-04-19T20:14:06","modified_gmt":"2021-04-19T23:14:06","slug":"congresso-vota-hoje-projeto-de-lei-que-corrige-erro-na-ldo-de-2021","status":"publish","type":"post","link":"https:\/\/blogs.correiobraziliense.com.br\/vicente\/congresso-vota-hoje-projeto-de-lei-que-corrige-erro-na-ldo-de-2021\/","title":{"rendered":"Congresso vota hoje projeto de lei que corrige erro na LDO de 2021"},"content":{"rendered":"<h2><span style=\"font-weight: 400\">ROSANA HESSEL\u00a0<\/span><\/h2>\n<h2><\/h2>\n<h2><span style=\"font-weight: 400\">O Congresso Nacional deve aprovar, nesta segunda-feira (19\/04) o projeto de lei do Executivo que altera a Lei de Diretrizes Or\u00e7ament\u00e1rias (LDO) de 2021, o PLN 2\/2021, que vai corrigir um erro da equipe econ\u00f4mica na reda\u00e7\u00e3o da regra respons\u00e1vel pela execu\u00e7\u00e3o do Or\u00e7amento e, assim, permitir a cria\u00e7\u00e3o de despesas extraordin\u00e1rias sem a exig\u00eancia de compensa\u00e7\u00f5es por meio de receitas.\u00a0<\/span><span style=\"font-weight: 400\">T\u00e9cnicos do governo est\u00e3o otimistas de que o projeto seja aprovado hoje e,\u00a0com essa medida, ser\u00e1 poss\u00edvel chegar a um acordo sobre san\u00e7\u00e3o do Or\u00e7amento de 2021, cujo prazo vence na quinta-feira (22).<\/span><\/h2>\n<h2><\/h2>\n<p><span style=\"font-weight: 400\">O PLN 2\/2021 elimina um artigo criado pela equipe econ\u00f4mica e que n\u00e3o consta em LDO de anos anteriores obrigando a compensa\u00e7\u00e3o de despesas tempor\u00e1ria. Nas LDOs anteriores, apenas as despesas cont\u00ednuas \u00e9 que tinham essa exig\u00eancia, de acordo com t\u00e9cnicos do Legislativo. Eles apontam esse erro como uma das maiores lamban\u00e7as da equipe liderada pelo ministro da Economia, Paulo Guedes, na LDO deste ano, pois mostrou n\u00e3o apenas desconhecimento da regra como tamb\u00e9m subestimou os impactos da segunda onda da pandemia no pa\u00eds.\u00a0<\/span><\/p>\n<p>&nbsp;<\/p>\n<p><span style=\"font-weight: 400\">O projeto, relatado pelo deputado Efraim Filho (DEM-PE) \u00e9 o item 12 da pauta da sess\u00e3o plen\u00e1ria do Congresso Nacional de hoje, que tem 11 vetos presidenciais para serem analisados antes.\u00a0\u00a0<\/span><span style=\"font-weight: 400\">A sess\u00e3o conjunta da C\u00e2mara dos Deputados e do Senado Federal, iniciada \u00e0s 12h17, foi comandada pelo vice-presidente da Casa, o deputado Marcelo Ramos (PL-AM). Por volta das 14h45, o parlamentar, no entanto, suspendeu a sess\u00e3o por 30 minutos devido \u00e0 falta de acordo entre o governo e os l\u00edderes da base aliada sobre a vota\u00e7\u00e3o dos vetos.<\/span><\/p>\n<p>&nbsp;<\/p>\n<p><span style=\"font-weight: 400\">Com a expectativa de que o PLN 2\/2021 ser\u00e1 aprovado, o Minist\u00e9rio da Economia soltou uma nota informando que <\/span><span style=\"font-weight: 400\">est\u00e1 finalizando os processos para a reabertura do o Benef\u00edcio Emergencial de Manuten\u00e7\u00e3o do Emprego e da Renda (BEm), que permite a redu\u00e7\u00e3o da jornada e de sal\u00e1rios, e o Programa Nacional de Apoio \u00e0s Microempresas e Empresas de Pequeno Porte (Pronampe). A pasta prev\u00ea desembolsar at\u00e9 R$ 15 bilh\u00f5es com os dois programas.<\/span><\/p>\n<p>&nbsp;<\/p>\n<p><span style=\"font-weight: 400\">O minist\u00e9rio destacou que os dois benef\u00edcios buscam mitigar os efeitos da pandemia da covid-19 sobre o emprego e a preserva\u00e7\u00e3o das empresas de pequeno e m\u00e9dio porte. Segundo a pasta, \u201cnos pr\u00f3ximos dias\u201d, ser\u00e3o destinados at\u00e9 R$ 10 bilh\u00f5es para o BEm e mais R$ 5 bilh\u00f5es o Pronampe.<\/span><\/p>\n<p>&nbsp;<\/p>\n<p><span style=\"font-weight: 400\">Segundo nota do minist\u00e9rio, a pasta aguarda a finaliza\u00e7\u00e3o da aprova\u00e7\u00e3o do PLN 2\/2021, para a altera\u00e7\u00e3o na LDO e, assim, permitir \u201ca implementa\u00e7\u00e3o dos dois bem-sucedidos programas\u201d.\u00a0<\/span><\/p>\n<p>&nbsp;<\/p>\n<p><span style=\"font-weight: 400\">Vale lembrar que, desde o fim de janeiro deste ano, o ministro Paulo Guedes prometeu aos empres\u00e1rios reeditar a Medida Provis\u00f3ria para a recria\u00e7\u00e3o do BEm em 15 dias e, at\u00e9 hoje, isso n\u00e3o aconteceu. Na semana passada, o chefe da equipe econ\u00f4mica tinha prometido aos empres\u00e1rios que publicaria a MP do BEm em &#8220;um ou dois dias&#8221; ap\u00f3s a aprova\u00e7\u00e3o do PLN 2\/2021.<\/span><\/p>\n<p>&nbsp;<\/p>\n<p><span style=\"font-weight: 400\">As regras ser\u00e3o as mesmas da MP anterior, ou seja, o empres\u00e1rio que aderir ao programa deve se comprometer a manter o profissional pelo mesmo per\u00edodo em que utilizar o benef\u00edcio que permite a redu\u00e7\u00e3o de jornada e de sal\u00e1rio .<\/span><\/p>\n<p>&nbsp;<\/p>\n<p>De acordo com o presidente da Associa\u00e7\u00e3o Brasileira de Bares e Restaurantes (Abrasel), Paulo Solmucci, 91% das empresas associadas n\u00e3o conseguiram pagar o sal\u00e1rio de seus funcion\u00e1rios at\u00e9 o quinto dia \u00fatil de abril por conta desse atraso para a reedi\u00e7\u00e3o do BEm. &#8220;Isso n\u00e3o teria acontecido se n\u00e3o fosse essa demora. A gente espera que a medida valha para este m\u00eas tamb\u00e9m&#8221;, alertou Solmucci, em entrevista ao <strong>Blog<\/strong>.<\/p>\n<p>&nbsp;<\/p>\n<p>&nbsp;<\/p>\n","protected":false},"excerpt":{"rendered":"<p>ROSANA HESSEL\u00a0 O Congresso Nacional deve aprovar, nesta segunda-feira (19\/04) o projeto de lei do Executivo que altera a Lei de Diretrizes Or\u00e7ament\u00e1rias (LDO) de 2021, o PLN 2\/2021, que vai corrigir um erro da equipe econ\u00f4mica na reda\u00e7\u00e3o da regra respons\u00e1vel pela execu\u00e7\u00e3o do Or\u00e7amento e, assim, permitir a cria\u00e7\u00e3o de despesas extraordin\u00e1rias sem [&hellip;]<\/p>\n","protected":false},"author":22,"featured_media":9892,"comment_status":"open","ping_status":"closed","sticky":false,"template":"","format":"standard","meta":{"footnotes":""},"categories":[600],"tags":[5382,254,521,5401,4732],"class_list":["post-18454","post","type-post","status-publish","format-standard","has-post-thumbnail","hentry","category-economia","tag-bem","tag-congresso","tag-ldo","tag-pln-2-2021","tag-pronampe"],"_links":{"self":[{"href":"https:\/\/blogs.correiobraziliense.com.br\/vicente\/wp-json\/wp\/v2\/posts\/18454","targetHints":{"allow":["GET"]}}],"collection":[{"href":"https:\/\/blogs.correiobraziliense.com.br\/vicente\/wp-json\/wp\/v2\/posts"}],"about":[{"href":"https:\/\/blogs.correiobraziliense.com.br\/vicente\/wp-json\/wp\/v2\/types\/post"}],"author":[{"embeddable":true,"href":"https:\/\/blogs.correiobraziliense.com.br\/vicente\/wp-json\/wp\/v2\/users\/22"}],"replies":[{"embeddable":true,"href":"https:\/\/blogs.correiobraziliense.com.br\/vicente\/wp-json\/wp\/v2\/comments?post=18454"}],"version-history":[{"count":7,"href":"https:\/\/blogs.correiobraziliense.com.br\/vicente\/wp-json\/wp\/v2\/posts\/18454\/revisions"}],"predecessor-version":[{"id":18473,"href":"https:\/\/blogs.correiobraziliense.com.br\/vicente\/wp-json\/wp\/v2\/posts\/18454\/revisions\/18473"}],"wp:featuredmedia":[{"embeddable":true,"href":"https:\/\/blogs.correiobraziliense.com.br\/vicente\/wp-json\/wp\/v2\/media\/9892"}],"wp:attachment":[{"href":"https:\/\/blogs.correiobraziliense.com.br\/vicente\/wp-json\/wp\/v2\/media?parent=18454"}],"wp:term":[{"taxonomy":"category","embeddable":true,"href":"https:\/\/blogs.correiobraziliense.com.br\/vicente\/wp-json\/wp\/v2\/categories?post=18454"},{"taxonomy":"post_tag","embeddable":true,"href":"https:\/\/blogs.correiobraziliense.com.br\/vicente\/wp-json\/wp\/v2\/tags?post=18454"}],"curies":[{"name":"wp","href":"https:\/\/api.w.org\/{rel}","templated":true}]}}