{"id":18440,"date":"2021-04-19T10:01:09","date_gmt":"2021-04-19T13:01:09","guid":{"rendered":"https:\/\/blogs.correiobraziliense.com.br\/vicente\/?p=18440"},"modified":"2021-04-19T12:20:59","modified_gmt":"2021-04-19T15:20:59","slug":"distrito-federal-tera-a-maior-reducao-na-expectativa-de-vida-com-a-covid","status":"publish","type":"post","link":"https:\/\/blogs.correiobraziliense.com.br\/vicente\/distrito-federal-tera-a-maior-reducao-na-expectativa-de-vida-com-a-covid\/","title":{"rendered":"Distrito Federal ter\u00e1 a maior redu\u00e7\u00e3o na expectativa de vida com a covid"},"content":{"rendered":"<h2>A pandemia do novo coronav\u00edrus ser\u00e1 devastadora no Distrito Federal, que ter\u00e1 a maior redu\u00e7\u00e3o na expectativa de vida da popula\u00e7\u00e3o entre todas as unidades da Federa\u00e7\u00e3o, segundo estudo da Universidade de Harvard, nos Estados Unidos. Pelo levantamento, a expectativa de vida na capital do pa\u00eds cair\u00e1 de 79,08 para 75,40 anos neste ano. A queda, de 3,68 anos, ser\u00e1 muito maior do que a redu\u00e7\u00e3o m\u00e9dia em todo o pa\u00eds, de 1,94 ano.<\/h2>\n<p>&nbsp;<\/p>\n<p>Caso esses n\u00fameros se confirmem, a expectativa de vida no Distrito Federal ficar\u00e1 muito pr\u00f3xima da m\u00e9dia nacional, que, atualmente, est\u00e1 em 76,60 anos e dever\u00e1 baixar para 74,66 anos. Ser\u00e1 a primeira vez, desde 1940, que o Brasil computar\u00e1 queda na expectativa de vida da popula\u00e7\u00e3o, refor\u00e7ando o impacto assustador da covid-19 por aqui.<\/p>\n<p>&nbsp;<\/p>\n<p>Trata-se de um retrocesso e tanto, uma vez que o Brasil vinha num processo cont\u00ednuo de redu\u00e7\u00e3o da mortalidade infantil e de aumento da idade m\u00e9dia dos idosos. Tudo, gra\u00e7as a pol\u00edticas sociais consistentes e, sobretudo, a um eficiente programa de vacina\u00e7\u00e3o, que erradicou v\u00e1rias doen\u00e7as, como a poliomielite.<\/p>\n<p>&nbsp;<\/p>\n<p><strong>Erros no programa de vacina\u00e7\u00e3o agravam o quadro<\/strong><\/p>\n<p>&nbsp;<\/p>\n<p>Agora, v\u00ea-se exatamente o contr\u00e1rio. O pa\u00eds n\u00e3o est\u00e1 conseguindo tocar pol\u00edticas coordenadas de enfrentamento da pandemia, o que agrava a situa\u00e7\u00e3o, e n\u00e3o se preparou para um plano de imuniza\u00e7\u00e3o em massa da popula\u00e7\u00e3o. O ideal seria que o Brasil estivesse vacinando pelo menos 2 milh\u00f5es de pessoas por dia, mas a m\u00e9dia di\u00e1ria n\u00e3o tem passado de 300 mil.<\/p>\n<p>&nbsp;<\/p>\n<p>A expectativa de vida cai porque, al\u00e9m de idosos, a covid est\u00e1 matando muitos jovens, que, num primeiro momento, pensou-se serem mais resistentes ao novo coronav\u00edrus. Dados recentes mostram que os jovens j\u00e1 s\u00e3o a maioria dos ocupantes de leitos em unidades de tratamento intensivo (UTIs).<\/p>\n<p>&nbsp;<\/p>\n<p>O estudo de Harvard teve a participa\u00e7\u00e3o da brasileira da dem\u00f3grafa M\u00e1rcia Castro, do Departamento de Sa\u00fade Global e Popula\u00e7\u00e3o da Escola de Sa\u00fade P\u00fablica da universidade norte-americana. A queda na expectativa de vida a popula\u00e7\u00e3o no pa\u00eds ter\u00e1 forte impacto nas pol\u00edticas p\u00fablicas, incluindo a Previd\u00eancia Social.<\/p>\n<p>&nbsp;<\/p>\n<p><em>Bras\u00edlia, 10h01min<\/em><\/p>\n","protected":false},"excerpt":{"rendered":"<p>A pandemia do novo coronav\u00edrus ser\u00e1 devastadora no Distrito Federal, que ter\u00e1 a maior redu\u00e7\u00e3o na expectativa de vida da popula\u00e7\u00e3o entre todas as unidades da Federa\u00e7\u00e3o, segundo estudo da Universidade de Harvard, nos Estados Unidos. Pelo levantamento, a expectativa de vida na capital do pa\u00eds cair\u00e1 de 79,08 para 75,40 anos neste ano. A [&hellip;]<\/p>\n","protected":false},"author":22,"featured_media":14076,"comment_status":"open","ping_status":"closed","sticky":false,"template":"","format":"standard","meta":{"footnotes":""},"categories":[600],"tags":[5399,2526,2787,579],"class_list":["post-18440","post","type-post","status-publish","format-standard","has-post-thumbnail","hentry","category-economia","tag-distrito-federal-tera-a-maior-reducao-na-expectativa-de-vida-com-a-covid","tag-poder","tag-politica","tag-saude"],"_links":{"self":[{"href":"https:\/\/blogs.correiobraziliense.com.br\/vicente\/wp-json\/wp\/v2\/posts\/18440","targetHints":{"allow":["GET"]}}],"collection":[{"href":"https:\/\/blogs.correiobraziliense.com.br\/vicente\/wp-json\/wp\/v2\/posts"}],"about":[{"href":"https:\/\/blogs.correiobraziliense.com.br\/vicente\/wp-json\/wp\/v2\/types\/post"}],"author":[{"embeddable":true,"href":"https:\/\/blogs.correiobraziliense.com.br\/vicente\/wp-json\/wp\/v2\/users\/22"}],"replies":[{"embeddable":true,"href":"https:\/\/blogs.correiobraziliense.com.br\/vicente\/wp-json\/wp\/v2\/comments?post=18440"}],"version-history":[{"count":1,"href":"https:\/\/blogs.correiobraziliense.com.br\/vicente\/wp-json\/wp\/v2\/posts\/18440\/revisions"}],"predecessor-version":[{"id":18444,"href":"https:\/\/blogs.correiobraziliense.com.br\/vicente\/wp-json\/wp\/v2\/posts\/18440\/revisions\/18444"}],"wp:featuredmedia":[{"embeddable":true,"href":"https:\/\/blogs.correiobraziliense.com.br\/vicente\/wp-json\/wp\/v2\/media\/14076"}],"wp:attachment":[{"href":"https:\/\/blogs.correiobraziliense.com.br\/vicente\/wp-json\/wp\/v2\/media?parent=18440"}],"wp:term":[{"taxonomy":"category","embeddable":true,"href":"https:\/\/blogs.correiobraziliense.com.br\/vicente\/wp-json\/wp\/v2\/categories?post=18440"},{"taxonomy":"post_tag","embeddable":true,"href":"https:\/\/blogs.correiobraziliense.com.br\/vicente\/wp-json\/wp\/v2\/tags?post=18440"}],"curies":[{"name":"wp","href":"https:\/\/api.w.org\/{rel}","templated":true}]}}