{"id":18418,"date":"2021-04-18T20:33:18","date_gmt":"2021-04-18T23:33:18","guid":{"rendered":"https:\/\/blogs.correiobraziliense.com.br\/vicente\/?p=18418"},"modified":"2021-04-18T21:16:36","modified_gmt":"2021-04-19T00:16:36","slug":"a-lava-jato-cegou-a-razao-e-empurrou-o-brasil-para-bolsonaro","status":"publish","type":"post","link":"https:\/\/blogs.correiobraziliense.com.br\/vicente\/a-lava-jato-cegou-a-razao-e-empurrou-o-brasil-para-bolsonaro\/","title":{"rendered":"A Lava-Jato cegou a raz\u00e3o e empurrou o Brasil para Bolsonaro"},"content":{"rendered":"<p>ANTONIO MACHADO<\/p>\n<p>&nbsp;<\/p>\n<p>O notici\u00e1rio foca, e n\u00e3o erra ao faz\u00ea-lo, a in\u00e9pcia do presidente Jair Bolsonaro, magnificada pelo seu aberrante comportamento diante da pandemia do sars-cov-2, vulgo covid-19. S\u00f3 que ele \u00e9 o que parte da sociedade quis que fosse, ainda que hoje renegue sua escolha. A Lava-Jato, alavancada pela imprensa, \u00e9 respons\u00e1vel por isso. Ela impediu que se visse que governan\u00e7a p\u00fablica obsoleta, implicando a disfuncionalidade das institui\u00e7\u00f5es, gerou e ainda gera a corrup\u00e7\u00e3o.<\/p>\n<p>&nbsp;<\/p>\n<p>Corrup\u00e7\u00e3o sist\u00eamica \u00e9 como met\u00e1stase de uma organiza\u00e7\u00e3o \u2014 funciona sem chefe nem hierarquia, ao contr\u00e1rio da narrativa lavajatista que implicou a criminaliza\u00e7\u00e3o da pol\u00edtica. A Lava-Jato arrastou todo o setor de constru\u00e7\u00e3o pesada \u00e0 ru\u00edna, em vez de apartar a responsabilidade de seus s\u00f3cios e executivos do controle das empresas respons\u00e1veis por largo peda\u00e7o do produto interno (PIB) e do emprego, em especial, da m\u00e3o de obra menos qualificada empregada em obras de infraestrutura.<\/p>\n<p>&nbsp;<\/p>\n<p>Em 2017, uma minuta de projeto inspirado pela experi\u00eancia do Banco Mundial em situa\u00e7\u00f5es semelhantes em outros pa\u00edses foi apresentada a parlamentares e a ministros do governo para resolver os acordos de leni\u00eancia. O projeto permitia \u00e0 Justi\u00e7a incluir mandatoriamente ou n\u00e3o a transfer\u00eancia de controle das empreiteiras, ficando com seus controladores originais os passivos contaminados. Era o jeito de a empresa ser salva, assim como as obras estruturantes a seu cargo. O ambiente punitivo da Lava-Jato impediu a iniciativa de prosperar.<\/p>\n<p>&nbsp;<\/p>\n<p><strong>A ind\u00fastria sucateada<\/strong><\/p>\n<p>&nbsp;<\/p>\n<p>No Brasil estamos assim: ideias diferenciadas s\u00e3o descartadas e as inova\u00e7\u00f5es, nem s\u00e3o consideradas. A mais grave omiss\u00e3o \u00e9 o que se fez com o planejamento das a\u00e7\u00f5es t\u00edpicas de Estado, como a seguran\u00e7a, a sa\u00fade, a educa\u00e7\u00e3o e a equidade federativa, todas em situa\u00e7\u00e3o de crise, e, no setor privado, com a ind\u00fastria. Ela representa 11% do PIB, contra 33% duas d\u00e9cadas atr\u00e1s, mas ainda \u00e9 respons\u00e1vel por 36% da arrecada\u00e7\u00e3o total de impostos e os empregos mais bem remunerados.<\/p>\n<p>&nbsp;<\/p>\n<p>Sem ind\u00fastria, pa\u00eds algum tem relev\u00e2ncia e atrai capitais \u2014 seja a cidade-estado de Cingapura, seja colossos como China, \u00cdndia e Estados Unidos. O governo Joe Biden tem na revitaliza\u00e7\u00e3o da ind\u00fastria um dos eixos de sua pol\u00edtica para manter a lideran\u00e7a dos EUA. A ind\u00fastria norte-americana se limita hoje a 11% do PIB e a 8% da for\u00e7a de trabalho, segundo estudo recente do McKinsey Global Institute, mas se devem a ela 60% das exporta\u00e7\u00f5es, 70% da pesquisa e desenvolvimento, 55% das patentes, 20% do estoque de capital, sendo o principal suporte das economias regionais e da vitalidade das pequenas e m\u00e9dias empresas. No Brasil \u00e9 semelhante.\u00a0O tema est\u00e1 na agenda do industrial Josu\u00e9 Gomes da Silva, pr\u00f3ximo presidente da Fiesp (a elei\u00e7\u00e3o com chapa \u00fanica ser\u00e1 em 5 de julho).<\/p>\n<p>&nbsp;<\/p>\n<p><strong>Como chegar vivo a 2023<\/strong><\/p>\n<p>&nbsp;<\/p>\n<p>\u00c9 vis\u00edvel a olho nu a dissolu\u00e7\u00e3o das rela\u00e7\u00f5es econ\u00f4micas, sociais, institucionais e pol\u00edticas. O quadro aterrador de mortes, boa parte devido \u00e0 neglig\u00eancia federal \u2014 tema da CPI no Senado, apesar da m\u00e1 vontade de Bolsonaro e das press\u00f5es sinistras de senadores ligados ao governo \u2014, tem rela\u00e7\u00e3o com o fato de estarmos em abril sem que a lei or\u00e7ament\u00e1ria de 2021 tenha sido sancionada. D\u00ea um nome a isso.<\/p>\n<p>&nbsp;<\/p>\n<p>O que vir\u00e1 nas pr\u00f3ximas semanas e meses n\u00e3o ser\u00e1 diferente do que tem acontecido. As aten\u00e7\u00f5es se voltam ao que poder\u00e1 ser em 2023, o que passa pelas pr\u00f3ximas elei\u00e7\u00f5es. Diminui o risco de Bolsonaro se reeleger. Mas ainda falta candidato n\u00e3o bem para substitu\u00ed-lo, mas com vis\u00e3o, lideran\u00e7a e programa capaz de recuperar o tempo perdido.<\/p>\n<p>&nbsp;<\/p>\n<p>A reconstru\u00e7\u00e3o demandar\u00e1 uma nova macroeconomia, outra governan\u00e7a do Estado brasileiro, envolvimento do empresariado local e externo. Poderia ser agora, se houvesse um governo minimamente organizado. Como n\u00e3o h\u00e1, a transi\u00e7\u00e3o depender\u00e1 de m\u00e3o firme do Congresso, para o caldo n\u00e3o entornar, grandeza dos l\u00edderes que restam&#8230; e rezar.<\/p>\n<p>&nbsp;<\/p>\n<p><em>Bras\u00edlia, 20h33min<\/em><\/p>\n","protected":false},"excerpt":{"rendered":"<p>ANTONIO MACHADO &nbsp; O notici\u00e1rio foca, e n\u00e3o erra ao faz\u00ea-lo, a in\u00e9pcia do presidente Jair Bolsonaro, magnificada pelo seu aberrante comportamento diante da pandemia do sars-cov-2, vulgo covid-19. S\u00f3 que ele \u00e9 o que parte da sociedade quis que fosse, ainda que hoje renegue sua escolha. A Lava-Jato, alavancada pela imprensa, \u00e9 respons\u00e1vel por [&hellip;]<\/p>\n","protected":false},"author":22,"featured_media":16660,"comment_status":"open","ping_status":"closed","sticky":false,"template":"","format":"standard","meta":{"footnotes":""},"categories":[600],"tags":[5395,589,2526,5394],"class_list":["post-18418","post","type-post","status-publish","format-standard","has-post-thumbnail","hentry","category-economia","tag-a-lava-jato-cegou-a-razao-e-empurrou-o-brasil-para-bolsonaro","tag-economia","tag-poder","tag-pollitica"],"_links":{"self":[{"href":"https:\/\/blogs.correiobraziliense.com.br\/vicente\/wp-json\/wp\/v2\/posts\/18418","targetHints":{"allow":["GET"]}}],"collection":[{"href":"https:\/\/blogs.correiobraziliense.com.br\/vicente\/wp-json\/wp\/v2\/posts"}],"about":[{"href":"https:\/\/blogs.correiobraziliense.com.br\/vicente\/wp-json\/wp\/v2\/types\/post"}],"author":[{"embeddable":true,"href":"https:\/\/blogs.correiobraziliense.com.br\/vicente\/wp-json\/wp\/v2\/users\/22"}],"replies":[{"embeddable":true,"href":"https:\/\/blogs.correiobraziliense.com.br\/vicente\/wp-json\/wp\/v2\/comments?post=18418"}],"version-history":[{"count":1,"href":"https:\/\/blogs.correiobraziliense.com.br\/vicente\/wp-json\/wp\/v2\/posts\/18418\/revisions"}],"predecessor-version":[{"id":18419,"href":"https:\/\/blogs.correiobraziliense.com.br\/vicente\/wp-json\/wp\/v2\/posts\/18418\/revisions\/18419"}],"wp:featuredmedia":[{"embeddable":true,"href":"https:\/\/blogs.correiobraziliense.com.br\/vicente\/wp-json\/wp\/v2\/media\/16660"}],"wp:attachment":[{"href":"https:\/\/blogs.correiobraziliense.com.br\/vicente\/wp-json\/wp\/v2\/media?parent=18418"}],"wp:term":[{"taxonomy":"category","embeddable":true,"href":"https:\/\/blogs.correiobraziliense.com.br\/vicente\/wp-json\/wp\/v2\/categories?post=18418"},{"taxonomy":"post_tag","embeddable":true,"href":"https:\/\/blogs.correiobraziliense.com.br\/vicente\/wp-json\/wp\/v2\/tags?post=18418"}],"curies":[{"name":"wp","href":"https:\/\/api.w.org\/{rel}","templated":true}]}}