{"id":18416,"date":"2021-04-18T19:20:26","date_gmt":"2021-04-18T22:20:26","guid":{"rendered":"https:\/\/blogs.correiobraziliense.com.br\/vicente\/?p=18416"},"modified":"2021-04-18T20:33:31","modified_gmt":"2021-04-18T23:33:31","slug":"o-brasil-esta-bichado-por-todos-os-lados","status":"publish","type":"post","link":"https:\/\/blogs.correiobraziliense.com.br\/vicente\/o-brasil-esta-bichado-por-todos-os-lados\/","title":{"rendered":"O Brasil est\u00e1 bichado por todos os lados"},"content":{"rendered":"<h2>ANTONIO MACHADO<\/h2>\n<h2><\/h2>\n<h2>Tr\u00eas doen\u00e7as, cujos sintomas s\u00f3 costumam manifestar-se em fase mais avan\u00e7ada, muitas vezes terminal, acometem o pa\u00eds: obsolesc\u00eancia da governan\u00e7a institucional, esclerose da pol\u00edtica econ\u00f4mica dirigida obcecadamente ao equil\u00edbrio entre os gastos e as receitas p\u00fablicas e o v\u00edrus do oportunismo, quando o cinismo corr\u00f3i a coes\u00e3o social.<\/h2>\n<p>&nbsp;<\/p>\n<p>Como e quando irromperam essas doen\u00e7as?<\/p>\n<p>&nbsp;<\/p>\n<p>Primeiro, gradualmente: desde 1980, a economia cresce bem abaixo do crescimento econ\u00f4mico m\u00e9dio global, com destaque para o paulatino decl\u00ednio da ind\u00fastria. A perda de relev\u00e2ncia da economia tanto como fator de progresso social quanto na ordem mundial se acentuou com o vi\u00e9s fiscalista da pol\u00edtica econ\u00f4mica a partir da reforma monet\u00e1ria de 1994 e se agravou com o desmonte do Estado pelo atual governo.<\/p>\n<p>&nbsp;<\/p>\n<p>Depois, abruptamente: a dissemina\u00e7\u00e3o entre as elites empresariais e pol\u00edticas do senso de que o pa\u00eds flerta com a insolv\u00eancia, devido a gastos p\u00fablicos irrefre\u00e1veis, produziu duas grandes reformas, ambas incapazes de repor o desenvolvimento \u2014 a da Previd\u00eancia e a que p\u00f4s teto na expans\u00e3o da despesa da lei or\u00e7ament\u00e1ria, congelada ao valor nominal de 2017 e corrigida s\u00f3 pela infla\u00e7\u00e3o durante dez anos.<\/p>\n<p>&nbsp;<\/p>\n<p>Entre tais reformas, a do teto, em 2017, e a da Previd\u00eancia, em 2019, o Congresso, em conjunto com o governo, deveria ter aprovado muitas outras mudan\u00e7as voltadas a: 1) reduzir os custos de burocracia, de conformidade e de obriga\u00e7\u00f5es acess\u00f3rias, genericamente chamados de \u201ccusto Brasil\u201d; 2) transmitir a confian\u00e7a de que n\u00e3o haveria clima para voluntarismo decis\u00f3rio pelas d\u00e9cadas \u00e0 frente; 3) desobstruir os investimentos privados e p\u00fablicos; 4) promover as transforma\u00e7\u00f5es de forma a ter a cria\u00e7\u00e3o de emprego e renda regular como resultado; 5) induzir concorr\u00eancia movida pela inova\u00e7\u00e3o e abertura comercial; 6) adequar a educa\u00e7\u00e3o aos requisitos demandados pelos novos tempos.<\/p>\n<p>&nbsp;<\/p>\n<p>Tais objetivos ficaram na teoria, em parte contaminados ora pela prega\u00e7\u00e3o moralista da Laja-Jato, ao disseminar o sentimento de que a corrup\u00e7\u00e3o seria causa de todas as frustra\u00e7\u00f5es, ora pela ideologia ultraliberal levada ao atual governo pelo ministro da Economia, Paulo Guedes, implicando a paralisia de \u00e1reas relevantes de gest\u00e3o e planejamento do setor p\u00fablico ou o sucateamento \u2014 bancos, Sistema \u00danico de Sa\u00fade (SUS), \u00f3rg\u00e3os executivos e de controle, tipo Ibama, Funai, INPE, universidades etc.<\/p>\n<p>&nbsp;<\/p>\n<p>De modo geral, vivemos uma esp\u00e9cie de sociopatia coletiva, em que o governo, com a coniv\u00eancia de pol\u00edticos, \u00e9 sua resultante terminal.<\/p>\n<p>&nbsp;<\/p>\n<p><em>Bras\u00edlia, 19h20min<\/em><\/p>\n","protected":false},"excerpt":{"rendered":"<p>ANTONIO MACHADO Tr\u00eas doen\u00e7as, cujos sintomas s\u00f3 costumam manifestar-se em fase mais avan\u00e7ada, muitas vezes terminal, acometem o pa\u00eds: obsolesc\u00eancia da governan\u00e7a institucional, esclerose da pol\u00edtica econ\u00f4mica dirigida obcecadamente ao equil\u00edbrio entre os gastos e as receitas p\u00fablicas e o v\u00edrus do oportunismo, quando o cinismo corr\u00f3i a coes\u00e3o social. &nbsp; Como e quando irromperam [&hellip;]<\/p>\n","protected":false},"author":22,"featured_media":10448,"comment_status":"open","ping_status":"closed","sticky":false,"template":"","format":"standard","meta":{"footnotes":""},"categories":[600],"tags":[589,5393,2526,2787],"class_list":["post-18416","post","type-post","status-publish","format-standard","has-post-thumbnail","hentry","category-economia","tag-economia","tag-o-brasil-esta-bichado-por-todos-os-lados","tag-poder","tag-politica"],"_links":{"self":[{"href":"https:\/\/blogs.correiobraziliense.com.br\/vicente\/wp-json\/wp\/v2\/posts\/18416","targetHints":{"allow":["GET"]}}],"collection":[{"href":"https:\/\/blogs.correiobraziliense.com.br\/vicente\/wp-json\/wp\/v2\/posts"}],"about":[{"href":"https:\/\/blogs.correiobraziliense.com.br\/vicente\/wp-json\/wp\/v2\/types\/post"}],"author":[{"embeddable":true,"href":"https:\/\/blogs.correiobraziliense.com.br\/vicente\/wp-json\/wp\/v2\/users\/22"}],"replies":[{"embeddable":true,"href":"https:\/\/blogs.correiobraziliense.com.br\/vicente\/wp-json\/wp\/v2\/comments?post=18416"}],"version-history":[{"count":1,"href":"https:\/\/blogs.correiobraziliense.com.br\/vicente\/wp-json\/wp\/v2\/posts\/18416\/revisions"}],"predecessor-version":[{"id":18417,"href":"https:\/\/blogs.correiobraziliense.com.br\/vicente\/wp-json\/wp\/v2\/posts\/18416\/revisions\/18417"}],"wp:featuredmedia":[{"embeddable":true,"href":"https:\/\/blogs.correiobraziliense.com.br\/vicente\/wp-json\/wp\/v2\/media\/10448"}],"wp:attachment":[{"href":"https:\/\/blogs.correiobraziliense.com.br\/vicente\/wp-json\/wp\/v2\/media?parent=18416"}],"wp:term":[{"taxonomy":"category","embeddable":true,"href":"https:\/\/blogs.correiobraziliense.com.br\/vicente\/wp-json\/wp\/v2\/categories?post=18416"},{"taxonomy":"post_tag","embeddable":true,"href":"https:\/\/blogs.correiobraziliense.com.br\/vicente\/wp-json\/wp\/v2\/tags?post=18416"}],"curies":[{"name":"wp","href":"https:\/\/api.w.org\/{rel}","templated":true}]}}