{"id":1840,"date":"2016-07-06T21:05:11","date_gmt":"2016-07-07T00:05:11","guid":{"rendered":"https:\/\/blogs.correiobraziliense.com.br\/vicente\/?p=1840"},"modified":"2016-07-08T09:27:20","modified_gmt":"2016-07-08T12:27:20","slug":"sem-aumento-de-imposto-e-privatizacao-rombo-fiscal-pode-chegar-a-194-bi-em-2017","status":"publish","type":"post","link":"https:\/\/blogs.correiobraziliense.com.br\/vicente\/sem-aumento-de-imposto-e-privatizacao-rombo-fiscal-pode-chegar-a-194-bi-em-2017\/","title":{"rendered":"Sem aumento de imposto e privatiza\u00e7\u00f5es, rombo fiscal pode chegar a R$ 194 bi em 2017"},"content":{"rendered":"<p>POR ROSANA HESSEL<\/p>\n<p>&nbsp;<\/p>\n<p>Depois de quase uma hora de reuni\u00e3o no Pal\u00e1cio do Planalto, a equipe econ\u00f4mica e o presidente interino, Michel Temer, conseguiram fechar a previs\u00e3o de rombo nas contas p\u00fablicas. Segundo o deputado Arthur de Lira (PP-AL), presidente da Comiss\u00e3o Mista do Or\u00e7amento (CMO) foi apresentado um deficit bruto de R$ 194 bilh\u00f5es, que poder\u00e1 ser reduzido entre R$ 45 bilh\u00f5es e R$ 50 bilh\u00f5es por meio de receitas oriundas do aumento de impostos e de concess\u00f5es e privatiza\u00e7\u00f5es.<\/p>\n<p>&nbsp;<\/p>\n<p>Com isso, o rombo, at\u00e9 agora, ficar\u00e1 entre R$ 150 bilh\u00f5es e R$ 150 bilh\u00f5es. Mas, de acordo com Lyra, t\u00e9cnicos da Fazenda, do Planejamento e do Banco Central v\u00e3o se esmerar para encontrar formas de reduzir um pouco mais tais proje\u00e7\u00f5es. No que depender do ministro da Fazenda, Henrique Meirelles, o deficit ficar\u00e1 mais pr\u00f3ximo de R$ 140 bilh\u00f5es. O problema \u00e9 achar onde cortar mais ou onde elevar mais impostos.<\/p>\n<p>&nbsp;<\/p>\n<p>A alta da al\u00edquota da Cide, o imposto sobre combust\u00edveis, est\u00e1 sobre a mesa de Temer. Caso seja aumentada de R$ 0,10 para R$ 0,60 por litro, pode render at\u00e9 R$ 15 bilh\u00f5es por ano aos cofres do Tesouro Nacional. O problema \u00e9 que esse tributo \u00e9 inflacion\u00e1rio e pode impactar o custo de vida em at\u00e9 um ponto percentual. Tamb\u00e9m est\u00e3o sendo cogitados ajustes no PIS e na Cofins e no Imposto sobre Produtos Industrializados (IPI), segundo o presidente da CMO.<\/p>\n<p>&nbsp;<\/p>\n<p><i>Bras\u00edlia, 21h05min<\/i><\/p>\n","protected":false},"excerpt":{"rendered":"<p>POR ROSANA HESSEL &nbsp; Depois de quase uma hora de reuni\u00e3o no Pal\u00e1cio do Planalto, a equipe econ\u00f4mica e o presidente interino, Michel Temer, conseguiram fechar a previs\u00e3o de rombo nas contas p\u00fablicas. Segundo o deputado Arthur de Lira (PP-AL), presidente da Comiss\u00e3o Mista do Or\u00e7amento (CMO) foi apresentado um deficit bruto de R$ 194 [&hellip;]<\/p>\n","protected":false},"author":22,"featured_media":0,"comment_status":"open","ping_status":"closed","sticky":false,"template":"","format":"standard","meta":{"footnotes":""},"categories":[600,1],"tags":[561,21,565,111,563,580,541],"class_list":["post-1840","post","type-post","status-publish","format-standard","hentry","category-economia","category-sem-categoria","tag-561","tag-henrique-meirelles","tag-meta-fiscal","tag-michel-temer","tag-r-150-bilhoes","tag-r-194-bilhoes","tag-rombo"],"_links":{"self":[{"href":"https:\/\/blogs.correiobraziliense.com.br\/vicente\/wp-json\/wp\/v2\/posts\/1840","targetHints":{"allow":["GET"]}}],"collection":[{"href":"https:\/\/blogs.correiobraziliense.com.br\/vicente\/wp-json\/wp\/v2\/posts"}],"about":[{"href":"https:\/\/blogs.correiobraziliense.com.br\/vicente\/wp-json\/wp\/v2\/types\/post"}],"author":[{"embeddable":true,"href":"https:\/\/blogs.correiobraziliense.com.br\/vicente\/wp-json\/wp\/v2\/users\/22"}],"replies":[{"embeddable":true,"href":"https:\/\/blogs.correiobraziliense.com.br\/vicente\/wp-json\/wp\/v2\/comments?post=1840"}],"version-history":[{"count":7,"href":"https:\/\/blogs.correiobraziliense.com.br\/vicente\/wp-json\/wp\/v2\/posts\/1840\/revisions"}],"predecessor-version":[{"id":1849,"href":"https:\/\/blogs.correiobraziliense.com.br\/vicente\/wp-json\/wp\/v2\/posts\/1840\/revisions\/1849"}],"wp:attachment":[{"href":"https:\/\/blogs.correiobraziliense.com.br\/vicente\/wp-json\/wp\/v2\/media?parent=1840"}],"wp:term":[{"taxonomy":"category","embeddable":true,"href":"https:\/\/blogs.correiobraziliense.com.br\/vicente\/wp-json\/wp\/v2\/categories?post=1840"},{"taxonomy":"post_tag","embeddable":true,"href":"https:\/\/blogs.correiobraziliense.com.br\/vicente\/wp-json\/wp\/v2\/tags?post=1840"}],"curies":[{"name":"wp","href":"https:\/\/api.w.org\/{rel}","templated":true}]}}