{"id":18397,"date":"2021-04-15T18:12:48","date_gmt":"2021-04-15T21:12:48","guid":{"rendered":"https:\/\/blogs.correiobraziliense.com.br\/vicente\/?p=18397"},"modified":"2021-04-15T19:15:06","modified_gmt":"2021-04-15T22:15:06","slug":"filhos-de-bolsonaro-surtam-ante-a-possibilidade-de-o-pai-nao-ser-reeleito","status":"publish","type":"post","link":"https:\/\/blogs.correiobraziliense.com.br\/vicente\/filhos-de-bolsonaro-surtam-ante-a-possibilidade-de-o-pai-nao-ser-reeleito\/","title":{"rendered":"Filhos de Bolsonaro surtam ante a possibilidade de o pai n\u00e3o ser reeleito"},"content":{"rendered":"<h2>Se tem um assunto que faz os filhos do presidente Jair Bolsonaro surtarem \u00e9 a possibilidade de o pai n\u00e3o ser reeleito. Fl\u00e1vio, Carlos, Eduardo e Renan n\u00e3o aceitam abrirem m\u00e3o do poder que conquistaram por meio da elei\u00e7\u00e3o de Bolsonaro. Eles est\u00e3o sugando o que podem do poder do pai, e se viciaram.<\/h2>\n<p>&nbsp;<\/p>\n<p>As pesquisas de inten\u00e7\u00e3o de votos mostrando Bolsonaro perdendo f\u00f4lego s\u00e3o motivo de ira na fam\u00edlia. Os filhos do presidente desqualificam os levantamentos, na maior parte dos casos, com palavr\u00f5es impublic\u00e1veis. Para Fl\u00e1vio, Carlos, Eduardo e Renan, todas as pesquisas em que o pai aparece mal s\u00e3o manipuladas com o intuito de ferir o chefe do cl\u00e3.<\/p>\n<p>&nbsp;<\/p>\n<p>Pelo menos tr\u00eas pessoas ouvidas pelo <strong>Blog<\/strong>, que presenciaram os ataques dos filhos de Bolsonaro quando se levantou a hip\u00f3tese de ele perder a disputa em 2022, asseguram que eles s\u00e3o os maiores incentivadores do pai para renegar os resultados das urnas com a\u00e7\u00f5es antidemocr\u00e1ticas.<\/p>\n<p>&nbsp;<\/p>\n<p>A determina\u00e7\u00e3o dos filhos de Bolsonaro, com a tropa especializada em difundir fake news, \u00e9 fazer o poss\u00edvel e o imposs\u00edvel para manter o pai no cargo mais importante do pa\u00eds at\u00e9 2026. Eles afirmam aos mais pr\u00f3ximos estarem pronto para a guerra, pois ainda veem chances de o presidente continuar no Pal\u00e1cio do Planalto.<\/p>\n<p>&nbsp;<\/p>\n<p><em>Bras\u00edlia, 18h12min<\/em><\/p>\n","protected":false},"excerpt":{"rendered":"<p>Se tem um assunto que faz os filhos do presidente Jair Bolsonaro surtarem \u00e9 a possibilidade de o pai n\u00e3o ser reeleito. Fl\u00e1vio, Carlos, Eduardo e Renan n\u00e3o aceitam abrirem m\u00e3o do poder que conquistaram por meio da elei\u00e7\u00e3o de Bolsonaro. Eles est\u00e3o sugando o que podem do poder do pai, e se viciaram. &nbsp; [&hellip;]<\/p>\n","protected":false},"author":22,"featured_media":18401,"comment_status":"open","ping_status":"closed","sticky":false,"template":"","format":"standard","meta":{"footnotes":""},"categories":[600],"tags":[926,5388,2787],"class_list":["post-18397","post","type-post","status-publish","format-standard","has-post-thumbnail","hentry","category-economia","tag-brasilia","tag-poder-filhos-de-bolsonaro-surtam-ante-a-possibilidade-de-o-pai-nao-ser-reeleito","tag-politica"],"_links":{"self":[{"href":"https:\/\/blogs.correiobraziliense.com.br\/vicente\/wp-json\/wp\/v2\/posts\/18397","targetHints":{"allow":["GET"]}}],"collection":[{"href":"https:\/\/blogs.correiobraziliense.com.br\/vicente\/wp-json\/wp\/v2\/posts"}],"about":[{"href":"https:\/\/blogs.correiobraziliense.com.br\/vicente\/wp-json\/wp\/v2\/types\/post"}],"author":[{"embeddable":true,"href":"https:\/\/blogs.correiobraziliense.com.br\/vicente\/wp-json\/wp\/v2\/users\/22"}],"replies":[{"embeddable":true,"href":"https:\/\/blogs.correiobraziliense.com.br\/vicente\/wp-json\/wp\/v2\/comments?post=18397"}],"version-history":[{"count":2,"href":"https:\/\/blogs.correiobraziliense.com.br\/vicente\/wp-json\/wp\/v2\/posts\/18397\/revisions"}],"predecessor-version":[{"id":18403,"href":"https:\/\/blogs.correiobraziliense.com.br\/vicente\/wp-json\/wp\/v2\/posts\/18397\/revisions\/18403"}],"wp:featuredmedia":[{"embeddable":true,"href":"https:\/\/blogs.correiobraziliense.com.br\/vicente\/wp-json\/wp\/v2\/media\/18401"}],"wp:attachment":[{"href":"https:\/\/blogs.correiobraziliense.com.br\/vicente\/wp-json\/wp\/v2\/media?parent=18397"}],"wp:term":[{"taxonomy":"category","embeddable":true,"href":"https:\/\/blogs.correiobraziliense.com.br\/vicente\/wp-json\/wp\/v2\/categories?post=18397"},{"taxonomy":"post_tag","embeddable":true,"href":"https:\/\/blogs.correiobraziliense.com.br\/vicente\/wp-json\/wp\/v2\/tags?post=18397"}],"curies":[{"name":"wp","href":"https:\/\/api.w.org\/{rel}","templated":true}]}}