{"id":18385,"date":"2021-04-15T16:53:19","date_gmt":"2021-04-15T19:53:19","guid":{"rendered":"https:\/\/blogs.correiobraziliense.com.br\/vicente\/?p=18385"},"modified":"2021-04-15T19:46:07","modified_gmt":"2021-04-15T22:46:07","slug":"governo-preve-aumento-de-r-107-bilhoes-no-teto-de-gastos-de-2022","status":"publish","type":"post","link":"https:\/\/blogs.correiobraziliense.com.br\/vicente\/governo-preve-aumento-de-r-107-bilhoes-no-teto-de-gastos-de-2022\/","title":{"rendered":"Governo prev\u00ea aumento de R$ 107 bilh\u00f5es no teto de gastos de 2022"},"content":{"rendered":"<h2>ROSANA HESSEL<\/h2>\n<h2><\/h2>\n<h2>A equipe econ\u00f4mica elevou em 7,2% (7,14% pelos c\u00e1lculos do governo) o limite de despesas sujeitas ao teto de gastos em 2022, conforme os dados do Projeto de Lei de Diretrizes Or\u00e7ament\u00e1rias (PLDO) do ano que vem divulgado nesta quinta-feira (15\/04).\u00a0O novo limite para a regra constitucional que limita o aumento das despesas pela infla\u00e7\u00e3o do ano anterior passou de R$ 1,485 trilh\u00e3o, neste ano, para R$ 1,592 trilh\u00e3o, no ano que vem. Isso implicar\u00e1 em um aumento de R$ 107 bilh\u00f5es sobre 2020.<\/h2>\n<p>&nbsp;<\/p>\n<p>A corre\u00e7\u00e3o do governo para o valor m\u00e1ximo das despesas sujeitas ao teto de gastos, no entanto, ficou abaixo das previs\u00f5es do mercado para o \u00cdndice de Pre\u00e7os ao Consumidor Amplo (IPCA) acumulado em 12 meses at\u00e9 junho, que est\u00e3o em torno de 7,5% e 8%. Contudo, analistas avisam que o Or\u00e7amento do ano que vem ser\u00e1 mais expansionista. Resta saber como o governo vai utilizar essa margem maior para o teto.<\/p>\n<p>&nbsp;<\/p>\n<p>O secret\u00e1rio do Or\u00e7amento Federal do Minist\u00e9rio da Economia, George Soares, reconheceu que o valor da corre\u00e7\u00e3o poder\u00e1 ser maior em agosto, quando o governo concluir o texto do Projeto de Lei Or\u00e7ament\u00e1ria Anual (PLOA) de 2022. &#8220;As proje\u00e7\u00f5es do mercado hoje para o IPCA em 12 meses at\u00e9 junho est\u00e1 em torno de 7,5%, mas esse \u00edndice de corre\u00e7\u00e3o do teto ser\u00e1 conhecido at\u00e9 o prazo de envio da pe\u00e7a or\u00e7ament\u00e1ria ao Congresso. Por enquanto \u00e9 apenas uma proje\u00e7\u00e3o&#8221;, afirmou.<\/p>\n<p>&nbsp;<\/p>\n<p>No PLDO de 2022, o governo tamb\u00e9m foi conservador na corre\u00e7\u00e3o do sal\u00e1rio m\u00ednimo, pois usou uma taxa de 4,27% para o reajuste, abaixo das previs\u00f5es do mercado. Com isso, o piso salarial dever\u00e1 passar dos atuais R$ 1.100,00 para R$ 1.147,00 e o trabalhador e os aposentados ainda devem ficar abaixo da infla\u00e7\u00e3o, como ocorreu neste ano.<\/p>\n<p>&nbsp;<\/p>\n<p>O governo prev\u00ea, no PLDO de 2022, u<a href=\"https:\/\/blogs.correiobraziliense.com.br\/vicente\/meta-fiscal-de-2022-sera-de-um-rombo-de-ate-r-1704-bilhoes\/\">ma meta fiscal para as contas do governo central, que inclui Tesouro Nacional, Previd\u00eancia Social e Banco Central, de R$ 170,473 bilh\u00f5es.<\/a> Considerando R$ 1,524 trilh\u00e3o de despesas obrigat\u00f3rias e R$ 96,7 bilh\u00f5es de gastos discricion\u00e1rios (n\u00e3o-obrigat\u00f3rios). Esse montante, incluindo a reserva de conting\u00eancia de R$ 17 bilh\u00f5es, passa para R$ 113,7 bilh\u00f5es.<\/p>\n<p>&nbsp;<\/p>\n<p>Pelas estimativas do governo, as contas p\u00fablicas continuar\u00e1 no vermelho, pelo menos, at\u00e9 2024, quando completar\u00e1 11 anos de deficit prim\u00e1rio consecutivo. O secret\u00e1rio especial da Fazenda, Waldery Rodrigues, prev\u00ea que o governo s\u00f3 voltar\u00e1 a registrar superavit prim\u00e1rio (economia para o pagamento dos juros da d\u00edvida p\u00fablica) entre 2026 e 2027.<\/p>\n","protected":false},"excerpt":{"rendered":"<p>ROSANA HESSEL A equipe econ\u00f4mica elevou em 7,2% (7,14% pelos c\u00e1lculos do governo) o limite de despesas sujeitas ao teto de gastos em 2022, conforme os dados do Projeto de Lei de Diretrizes Or\u00e7ament\u00e1rias (PLDO) do ano que vem divulgado nesta quinta-feira (15\/04).\u00a0O novo limite para a regra constitucional que limita o aumento das despesas [&hellip;]<\/p>\n","protected":false},"author":22,"featured_media":15275,"comment_status":"open","ping_status":"closed","sticky":false,"template":"","format":"standard","meta":{"footnotes":""},"categories":[600],"tags":[565,3666,549,5387,307],"class_list":["post-18385","post","type-post","status-publish","format-standard","has-post-thumbnail","hentry","category-economia","tag-meta-fiscal","tag-ministerio-da-economia","tag-orcamento","tag-pldo-2022","tag-teto-de-gastos"],"_links":{"self":[{"href":"https:\/\/blogs.correiobraziliense.com.br\/vicente\/wp-json\/wp\/v2\/posts\/18385","targetHints":{"allow":["GET"]}}],"collection":[{"href":"https:\/\/blogs.correiobraziliense.com.br\/vicente\/wp-json\/wp\/v2\/posts"}],"about":[{"href":"https:\/\/blogs.correiobraziliense.com.br\/vicente\/wp-json\/wp\/v2\/types\/post"}],"author":[{"embeddable":true,"href":"https:\/\/blogs.correiobraziliense.com.br\/vicente\/wp-json\/wp\/v2\/users\/22"}],"replies":[{"embeddable":true,"href":"https:\/\/blogs.correiobraziliense.com.br\/vicente\/wp-json\/wp\/v2\/comments?post=18385"}],"version-history":[{"count":8,"href":"https:\/\/blogs.correiobraziliense.com.br\/vicente\/wp-json\/wp\/v2\/posts\/18385\/revisions"}],"predecessor-version":[{"id":18406,"href":"https:\/\/blogs.correiobraziliense.com.br\/vicente\/wp-json\/wp\/v2\/posts\/18385\/revisions\/18406"}],"wp:featuredmedia":[{"embeddable":true,"href":"https:\/\/blogs.correiobraziliense.com.br\/vicente\/wp-json\/wp\/v2\/media\/15275"}],"wp:attachment":[{"href":"https:\/\/blogs.correiobraziliense.com.br\/vicente\/wp-json\/wp\/v2\/media?parent=18385"}],"wp:term":[{"taxonomy":"category","embeddable":true,"href":"https:\/\/blogs.correiobraziliense.com.br\/vicente\/wp-json\/wp\/v2\/categories?post=18385"},{"taxonomy":"post_tag","embeddable":true,"href":"https:\/\/blogs.correiobraziliense.com.br\/vicente\/wp-json\/wp\/v2\/tags?post=18385"}],"curies":[{"name":"wp","href":"https:\/\/api.w.org\/{rel}","templated":true}]}}