{"id":18361,"date":"2021-04-15T15:39:39","date_gmt":"2021-04-15T18:39:39","guid":{"rendered":"https:\/\/blogs.correiobraziliense.com.br\/vicente\/?p=18361"},"modified":"2021-04-15T20:35:15","modified_gmt":"2021-04-15T23:35:15","slug":"governo-fixa-salario-minimo-no-pldo-de-2022-em-r-1-147","status":"publish","type":"post","link":"https:\/\/blogs.correiobraziliense.com.br\/vicente\/governo-fixa-salario-minimo-no-pldo-de-2022-em-r-1-147\/","title":{"rendered":"Governo fixa sal\u00e1rio m\u00ednimo no PLDO de 2022 em R$ 1.147"},"content":{"rendered":"<h2><span style=\"font-weight: 400\">ROSANA HESSEL<\/span><\/h2>\n<h2><\/h2>\n<h2><span style=\"font-weight: 400\">O governo prev\u00ea um reajuste de 4,27% no sal\u00e1rio m\u00ednimo no pr\u00f3ximo ano, passando dos atuais R$ 1.100 para R$ 1.147.\u00a0\u00a0<\/span><span style=\"font-weight: 400\">Essa proje\u00e7\u00e3o est\u00e1 no Projeto de Lei de Diretrizes Or\u00e7ament\u00e1rias (PLDO) de 2022, enviado pelo Executivo, nesta quinta-feira (15\/04) , ao Congresso Nacional.<\/span><\/h2>\n<p>&nbsp;<\/p>\n<p><span style=\"font-weight: 400\">A corre\u00e7\u00e3o do m\u00ednimo continua sem aumento real (acima da infla\u00e7\u00e3o) desde 2019. Entre 2007 e 2018, a regra do reajuste do piso salarial, que influencia 60% das despesas obrigat\u00f3rias do governo federal, considerava a soma da varia\u00e7\u00e3o do \u00cdndice de Pre\u00e7os ao Consumidor Amplo (INPC) do ano anterior mais a taxa do Produto Interno Bruto (PIB) de dois anos antes.\u00a0<\/span><\/p>\n<p>&nbsp;<\/p>\n<p><span style=\"font-weight: 400\">Neste ano, o sal\u00e1rio m\u00ednimo foi corrigido em 5,26%, percentual abaixo da varia\u00e7\u00e3o do INPC em 2020, de 5,45%. Por conta disso, o valor ficou R$ 2 abaixo do que seria previsto considerando a corre\u00e7\u00e3o pelo \u00edndice de infla\u00e7\u00e3o que mede a alta dos pre\u00e7os para as fam\u00edlias mais pobres, com renda mensal de at\u00e9 cinco sal\u00e1rios m\u00ednimos.\u00a0\u00a0<\/span><\/p>\n<p>&nbsp;<\/p>\n<p>A previs\u00e3o para o INPC do governo est\u00e1 abaixo das estimativas do mercado, em torno de 5,5%, pois o indicador costuma ter uma varia\u00e7\u00e3o maior do que a da infla\u00e7\u00e3o oficial, medida pelo \u00cdndice de Pre\u00e7os ao Consumidor Amplo (IPCA). A mediana das estimativas do mercado medida pelo Banco Central est\u00e1 em 4,92% para este ano. Logo, se o governo n\u00e3o atualizar os dados, como fez\u00a0 neste ano, vai condenar os assalariados e aposentados a terem um reajuste do piso abaixo da infla\u00e7\u00e3o pelo segundo ano consecutivo.<\/p>\n<p>&nbsp;<\/p>\n<p>O secret\u00e1rio especial da Fazenda do Minist\u00e9rio da Economia, Waldery Rodrigues, justificou essa diferen\u00e7a na corre\u00e7\u00e3o do m\u00ednimo pelo fato de que o ajuste pelo INPC s\u00f3 pode ser feito posteriormente ao in\u00edcio da vig\u00eancia do sal\u00e1rio m\u00ednimo. Ele assegurou uma corre\u00e7\u00e3o futura, sem definir datas.\u00a0&#8220;A nossa sistem\u00e1tica tem sido usar as provis\u00f5es do mercado mais pr\u00f3xima do final de dezembro para termos uma expectativa mais pr\u00f3xima poss\u00edvel para o INPC. A corre\u00e7\u00e3o <em>a poteriori<\/em> do valor ser\u00e1 reposto ao longo do processo de atualiza\u00e7\u00e3o para garantir o poder de compra do sal\u00e1rio m\u00ednimo, atendendo a essa capacidade de responder \u00e0 popula\u00e7\u00e3o que mais precisa&#8221;, afirmou Waldery, durante entrevista virtual a jornalistas. As perguntas dos profissionais relacionadas ao Or\u00e7amento e \u00e0 LDO de 2021 est\u00e3o sendo censuradas pela equipe organizadora do evento.<\/p>\n<p>&nbsp;<\/p>\n<p><span style=\"font-weight: 400\">A LDO tra\u00e7a as linhas mestras para a elabora\u00e7\u00e3o do Or\u00e7amento anual do governo e determina, por exemplo, a meta fiscal de cada ano. Para 2022, o objetivo fiscal ser\u00e1 de um rombo de at\u00e9 R$ 170,4 bilh\u00f5es nas contas do governo central, que engloba Tesouro Nacional, Previd\u00eancia Social e Banco Central.<\/span><\/p>\n<p>&nbsp;<\/p>\n<p>O documento ainda prev\u00ea o piso salarial passando para R$ 1.188,00, em 2023, e para R$ 1.229,00, em 2024.<\/p>\n<p>&nbsp;<\/p>\n","protected":false},"excerpt":{"rendered":"<p>ROSANA HESSEL O governo prev\u00ea um reajuste de 4,27% no sal\u00e1rio m\u00ednimo no pr\u00f3ximo ano, passando dos atuais R$ 1.100 para R$ 1.147.\u00a0\u00a0Essa proje\u00e7\u00e3o est\u00e1 no Projeto de Lei de Diretrizes Or\u00e7ament\u00e1rias (PLDO) de 2022, enviado pelo Executivo, nesta quinta-feira (15\/04) , ao Congresso Nacional. &nbsp; A corre\u00e7\u00e3o do m\u00ednimo continua sem aumento real (acima [&hellip;]<\/p>\n","protected":false},"author":22,"featured_media":17184,"comment_status":"open","ping_status":"closed","sticky":false,"template":"","format":"standard","meta":{"footnotes":""},"categories":[600],"tags":[1164,565,3666,5385,3278,1152],"class_list":["post-18361","post","type-post","status-publish","format-standard","has-post-thumbnail","hentry","category-economia","tag-correcao","tag-meta-fiscal","tag-ministerio-da-economia","tag-orcamento-de-2022","tag-pldo","tag-salario-minimo"],"_links":{"self":[{"href":"https:\/\/blogs.correiobraziliense.com.br\/vicente\/wp-json\/wp\/v2\/posts\/18361","targetHints":{"allow":["GET"]}}],"collection":[{"href":"https:\/\/blogs.correiobraziliense.com.br\/vicente\/wp-json\/wp\/v2\/posts"}],"about":[{"href":"https:\/\/blogs.correiobraziliense.com.br\/vicente\/wp-json\/wp\/v2\/types\/post"}],"author":[{"embeddable":true,"href":"https:\/\/blogs.correiobraziliense.com.br\/vicente\/wp-json\/wp\/v2\/users\/22"}],"replies":[{"embeddable":true,"href":"https:\/\/blogs.correiobraziliense.com.br\/vicente\/wp-json\/wp\/v2\/comments?post=18361"}],"version-history":[{"count":13,"href":"https:\/\/blogs.correiobraziliense.com.br\/vicente\/wp-json\/wp\/v2\/posts\/18361\/revisions"}],"predecessor-version":[{"id":18408,"href":"https:\/\/blogs.correiobraziliense.com.br\/vicente\/wp-json\/wp\/v2\/posts\/18361\/revisions\/18408"}],"wp:featuredmedia":[{"embeddable":true,"href":"https:\/\/blogs.correiobraziliense.com.br\/vicente\/wp-json\/wp\/v2\/media\/17184"}],"wp:attachment":[{"href":"https:\/\/blogs.correiobraziliense.com.br\/vicente\/wp-json\/wp\/v2\/media?parent=18361"}],"wp:term":[{"taxonomy":"category","embeddable":true,"href":"https:\/\/blogs.correiobraziliense.com.br\/vicente\/wp-json\/wp\/v2\/categories?post=18361"},{"taxonomy":"post_tag","embeddable":true,"href":"https:\/\/blogs.correiobraziliense.com.br\/vicente\/wp-json\/wp\/v2\/tags?post=18361"}],"curies":[{"name":"wp","href":"https:\/\/api.w.org\/{rel}","templated":true}]}}