{"id":18334,"date":"2021-04-14T14:23:51","date_gmt":"2021-04-14T17:23:51","guid":{"rendered":"https:\/\/blogs.correiobraziliense.com.br\/vicente\/?p=18334"},"modified":"2021-04-14T21:37:14","modified_gmt":"2021-04-15T00:37:14","slug":"pec-fura-teto-e-rechacada-por-empresarios-em-reuniao-com-bolsonaro-e-guedes","status":"publish","type":"post","link":"https:\/\/blogs.correiobraziliense.com.br\/vicente\/pec-fura-teto-e-rechacada-por-empresarios-em-reuniao-com-bolsonaro-e-guedes\/","title":{"rendered":"PEC fura-teto \u00e9 recha\u00e7ada por empres\u00e1rios em reuni\u00e3o com Bolsonaro e Guedes"},"content":{"rendered":"<h2><span style=\"font-weight: 400\">ROSANA HESSEL<\/span><\/h2>\n<h2><\/h2>\n<h2><span style=\"font-weight: 400\">A Proposta de Emenda \u00e0 Constitui\u00e7\u00e3o (PEC) que est\u00e1 sendo negociada pela equipe econ\u00f4mica em, pelo menos, R$ 35 bilh\u00f5es com despesas extraordin\u00e1rias, e assim furar o teto de gastos &#8212; emenda constitucional que limita o aumento de despesas \u00e0 infla\u00e7\u00e3o anterior &#8212;\u00a0<\/span><span style=\"font-weight: 400\">parece ter dias contados. <\/span><\/h2>\n<h2><span style=\"font-weight: 400\">\u00a0<\/span><\/h2>\n<p><span style=\"font-weight: 400\">Al\u00e9m de receber cr\u00edticas de especialistas e de integrantes do governo, a PEC fura-teto foi recha\u00e7ada por empres\u00e1rios durante uma reuni\u00e3o com o ministro da Economia, Paulo Guedes, e o presidente Jair Bolsonaro, ontem, para discutir sobre a reedi\u00e7\u00e3o da Medida Provis\u00f3ria do Benef\u00edcio Emergencial para a Manuten\u00e7\u00e3o do Emprego e da Renda (BEm), ainda sem data definida.<\/span><\/p>\n<p>&nbsp;<\/p>\n<p><span style=\"font-weight: 400\"> Apesar de, teoricamente, serem beneficiados com a nova PEC, os empres\u00e1rios destacaram que a proposta levaria muito tempo para ser aprovada e o momento \u00e9 de urg\u00eancia para esperar uma PEC, que demora.\u00a0 &#8220;<\/span><span style=\"font-weight: 400\">N\u00e3o h\u00e1 a menor chance de esperar uma PEC nova. Est\u00e1 todo mundo em desespero. Somos zumbis empresariais. N\u00e3o vejo chance dessa PEC prosperar\u201d, destacou Paulo Solmucci, presidente da Associa\u00e7\u00e3o Brasileira de Bares e Restaurantes (Abrasel), em entrevista ao <strong>Blog<\/strong>. <\/span><\/p>\n<p>&nbsp;<\/p>\n<p><span style=\"font-weight: 400\">Segundo ele, o valor do programa discutido na reuni\u00e3o ficou em torno de R$ 10 bilh\u00f5es. No ano passado, o governo desembolsou R$ 33,5 bilh\u00f5es dos R$ 51,5 bilh\u00f5es previstos no Or\u00e7amento de Guerra, conforme dados do Tesouro Nacional.<\/span><\/p>\n<p>&nbsp;<\/p>\n<p><span style=\"font-weight: 400\">Na reuni\u00e3o com Bolsonaro, Guedes tentou atrair apoio para a PEC, mas os empres\u00e1rios defenderam um empenho maior do governo para que o PLN 2\/2021, projeto de lei apresentado ao Congresso que altera a Lei de Diretrizes Or\u00e7ament\u00e1rias (LDO) deste ano, avance e, assim, a MP do BEm poder\u00e1 ser publicada. Segundo analistas, o pr\u00f3prio governo acabou criando entrave na LDO para a reedi\u00e7\u00e3o do benef\u00edcio para as empresas. <\/span><\/p>\n<p>&nbsp;<\/p>\n<p><span style=\"font-weight: 400\">Enquanto isso, o mantra no Minist\u00e9rio da Economia \u00e9 que o governo aguarda a san\u00e7\u00e3o do Or\u00e7amento de 2021, aprovado no \u00faltimo dia 25 e que precisa ser sancionado por Bolsonaro at\u00e9 o pr\u00f3ximo dia 22, para reeditar a MP do BEm.\u00a0<\/span><\/p>\n<p>&nbsp;<\/p>\n<p><strong>Lamban\u00e7a na LDO<\/strong><\/p>\n<p>&nbsp;<\/p>\n<p><span style=\"font-weight: 400\">A nova PEC entra, inclusive, na lista das trapalhadas do ministro Paulo Guedes, e de sua equipe.\u00a0D<\/span><span style=\"font-weight: 400\">e acordo com um t\u00e9cnico da C\u00e2mara, o PLN2\/2021, enviado pelo Executivo ao Congresso no \u00faltimo dia 7, tenta corrigir uma lamban\u00e7a de Guedes e sua equipe. Na verdade, a proposta retira uma novidade inserida na LDO de 2021. O Executivo colocou uma exig\u00eancia para a compensa\u00e7\u00e3o de despesas tempor\u00e1rias. \u00c9 justamente esse artigo que est\u00e1 impedindo a publica\u00e7\u00e3o da MP do BEm. <\/span><\/p>\n<p>&nbsp;<\/p>\n<p><span style=\"font-weight: 400\">\u201cA compensa\u00e7\u00e3o sempre foi exigida de despesas continuadas. E na LDO deste ano, pela primeira vez, o Executivo colocou uma exig\u00eancia de compensa\u00e7\u00e3o de despesas tempor\u00e1rias\u201d, destacou a fonte do Legislativo.<\/span><\/p>\n<p>&nbsp;<\/p>\n<p><span style=\"font-weight: 400\">A expectativa de Solmucci \u00e9 que o governo cumpra a promessa de pautar o PLN 2\/2021 at\u00e9 amanh\u00e3. \u201cSe der certo, segundo o Guedes eles soltam a MP em um ou dois dias. Ele garantiu que o texto est\u00e1 pronto\u201d, acrescentou.\u00a0<\/span><\/p>\n<p>&nbsp;<\/p>\n<p>No entanto, o prazo para o recebimento de emendas ao PLN 2\/2021 foi aberto ontem na Comiss\u00e3o Mista do Or\u00e7amento (CMO) e deve expirar no dia 19.<\/p>\n<p>&nbsp;<\/p>\n","protected":false},"excerpt":{"rendered":"<p>ROSANA HESSEL A Proposta de Emenda \u00e0 Constitui\u00e7\u00e3o (PEC) que est\u00e1 sendo negociada pela equipe econ\u00f4mica em, pelo menos, R$ 35 bilh\u00f5es com despesas extraordin\u00e1rias, e assim furar o teto de gastos &#8212; emenda constitucional que limita o aumento de despesas \u00e0 infla\u00e7\u00e3o anterior &#8212;\u00a0parece ter dias contados. \u00a0 Al\u00e9m de receber cr\u00edticas de especialistas [&hellip;]<\/p>\n","protected":false},"author":22,"featured_media":17184,"comment_status":"open","ping_status":"closed","sticky":false,"template":"","format":"standard","meta":{"footnotes":""},"categories":[600],"tags":[5382,2554,549,3613,5381],"class_list":["post-18334","post","type-post","status-publish","format-standard","has-post-thumbnail","hentry","category-economia","tag-bem","tag-bolsonaro","tag-orcamento","tag-paulo-guedes","tag-pec-fura-teto"],"_links":{"self":[{"href":"https:\/\/blogs.correiobraziliense.com.br\/vicente\/wp-json\/wp\/v2\/posts\/18334","targetHints":{"allow":["GET"]}}],"collection":[{"href":"https:\/\/blogs.correiobraziliense.com.br\/vicente\/wp-json\/wp\/v2\/posts"}],"about":[{"href":"https:\/\/blogs.correiobraziliense.com.br\/vicente\/wp-json\/wp\/v2\/types\/post"}],"author":[{"embeddable":true,"href":"https:\/\/blogs.correiobraziliense.com.br\/vicente\/wp-json\/wp\/v2\/users\/22"}],"replies":[{"embeddable":true,"href":"https:\/\/blogs.correiobraziliense.com.br\/vicente\/wp-json\/wp\/v2\/comments?post=18334"}],"version-history":[{"count":20,"href":"https:\/\/blogs.correiobraziliense.com.br\/vicente\/wp-json\/wp\/v2\/posts\/18334\/revisions"}],"predecessor-version":[{"id":18357,"href":"https:\/\/blogs.correiobraziliense.com.br\/vicente\/wp-json\/wp\/v2\/posts\/18334\/revisions\/18357"}],"wp:featuredmedia":[{"embeddable":true,"href":"https:\/\/blogs.correiobraziliense.com.br\/vicente\/wp-json\/wp\/v2\/media\/17184"}],"wp:attachment":[{"href":"https:\/\/blogs.correiobraziliense.com.br\/vicente\/wp-json\/wp\/v2\/media?parent=18334"}],"wp:term":[{"taxonomy":"category","embeddable":true,"href":"https:\/\/blogs.correiobraziliense.com.br\/vicente\/wp-json\/wp\/v2\/categories?post=18334"},{"taxonomy":"post_tag","embeddable":true,"href":"https:\/\/blogs.correiobraziliense.com.br\/vicente\/wp-json\/wp\/v2\/tags?post=18334"}],"curies":[{"name":"wp","href":"https:\/\/api.w.org\/{rel}","templated":true}]}}