{"id":18317,"date":"2021-04-13T20:08:15","date_gmt":"2021-04-13T23:08:15","guid":{"rendered":"https:\/\/blogs.correiobraziliense.com.br\/vicente\/?p=18317"},"modified":"2021-04-13T23:05:16","modified_gmt":"2021-04-14T02:05:16","slug":"ate-seis-dos-sete-vice-presidentes-do-banco-do-brasil-serao-substituidos","status":"publish","type":"post","link":"https:\/\/blogs.correiobraziliense.com.br\/vicente\/ate-seis-dos-sete-vice-presidentes-do-banco-do-brasil-serao-substituidos\/","title":{"rendered":"At\u00e9 seis dos sete vice-presidentes do Banco do Brasil ser\u00e3o substitu\u00eddos"},"content":{"rendered":"<h2>Pelo projeto que est\u00e1 sobre a mesa do novo presidente do Banco do Brasil, Fausto Ribeiro, at\u00e9 seis dos sete vice-presidentes da institui\u00e7\u00e3o ser\u00e3o substitu\u00eddos. O \u00fanico nome certo para ficar na atual administra\u00e7\u00e3o \u00e9 o de Carlos Motta, que comanda a \u00e1rea de varejo.<\/h2>\n<p>&nbsp;<\/p>\n<p>A meta de Ribeiro \u00e9 anunciar toda a sua equipe ainda nesta semana. Os dois primeiros vices a deixarem o cargo s\u00e3o Carlos da Costa Andr\u00e9, de Gest\u00e3o Financeira e de Rela\u00e7\u00f5es com os Investidores, e Mauro Ribeiro Neto, da \u00e1rea Corporativa \u2014 este trabalhou pesado para ser al\u00e7ado ao cargo mais alto do Banco do Brasil.<\/p>\n<p>&nbsp;<\/p>\n<p><a href=\"https:\/\/blogs.correiobraziliense.com.br\/vicente\/jose-ricardo-fagonde-forni-e-enio-mathias-ferreira-sao-os-novos-vices-do-banco-do-brasil\/\">Eles ser\u00e3o substitu\u00eddos, respectivamente, por Jos\u00e9 Ricardo Fagonde Forni, atualmente diretor de Suprimentos, Infraestrutura e Patrim\u00f4nio, e por \u00canio Mathias Ferreira, diretor de Governo.<\/a><\/p>\n<p>&nbsp;<\/p>\n<p>Com 35 anos de carreira no Banco do Brasil, Carlos Andr\u00e9 decidiu se aposentar. J\u00e1 Neto, que vinha tocando o programa de desinvestimento do banco, optou por sair por motivos pessoais.<\/p>\n<p>&nbsp;<\/p>\n<p>Segundo integrantes do Banco do Brasil, as sa\u00eddas dos vice-presidentes foram acertadas de forma tranquila. N\u00e3o houve ren\u00fancia coletiva, como se chegou a cogitar. &#8220;O processo de transi\u00e7\u00e3o est\u00e1 transcorrendo muito bem. Todos entenderam que o novo presidente do BB tem o direito de formar sua equipe&#8221;, explica um integrante do banco.<\/p>\n","protected":false},"excerpt":{"rendered":"<p>Pelo projeto que est\u00e1 sobre a mesa do novo presidente do Banco do Brasil, Fausto Ribeiro, at\u00e9 seis dos sete vice-presidentes da institui\u00e7\u00e3o ser\u00e3o substitu\u00eddos. O \u00fanico nome certo para ficar na atual administra\u00e7\u00e3o \u00e9 o de Carlos Motta, que comanda a \u00e1rea de varejo. &nbsp; A meta de Ribeiro \u00e9 anunciar toda a sua [&hellip;]<\/p>\n","protected":false},"author":22,"featured_media":11442,"comment_status":"open","ping_status":"closed","sticky":false,"template":"","format":"standard","meta":{"footnotes":""},"categories":[600],"tags":[5380,589,4943,4547],"class_list":["post-18317","post","type-post","status-publish","format-standard","has-post-thumbnail","hentry","category-economia","tag-ate-seis-dos-sete-vice-presidentes-do-banco-do-brasil-serao-substituidos","tag-economia","tag-financas","tag-negocios"],"_links":{"self":[{"href":"https:\/\/blogs.correiobraziliense.com.br\/vicente\/wp-json\/wp\/v2\/posts\/18317","targetHints":{"allow":["GET"]}}],"collection":[{"href":"https:\/\/blogs.correiobraziliense.com.br\/vicente\/wp-json\/wp\/v2\/posts"}],"about":[{"href":"https:\/\/blogs.correiobraziliense.com.br\/vicente\/wp-json\/wp\/v2\/types\/post"}],"author":[{"embeddable":true,"href":"https:\/\/blogs.correiobraziliense.com.br\/vicente\/wp-json\/wp\/v2\/users\/22"}],"replies":[{"embeddable":true,"href":"https:\/\/blogs.correiobraziliense.com.br\/vicente\/wp-json\/wp\/v2\/comments?post=18317"}],"version-history":[{"count":7,"href":"https:\/\/blogs.correiobraziliense.com.br\/vicente\/wp-json\/wp\/v2\/posts\/18317\/revisions"}],"predecessor-version":[{"id":18331,"href":"https:\/\/blogs.correiobraziliense.com.br\/vicente\/wp-json\/wp\/v2\/posts\/18317\/revisions\/18331"}],"wp:featuredmedia":[{"embeddable":true,"href":"https:\/\/blogs.correiobraziliense.com.br\/vicente\/wp-json\/wp\/v2\/media\/11442"}],"wp:attachment":[{"href":"https:\/\/blogs.correiobraziliense.com.br\/vicente\/wp-json\/wp\/v2\/media?parent=18317"}],"wp:term":[{"taxonomy":"category","embeddable":true,"href":"https:\/\/blogs.correiobraziliense.com.br\/vicente\/wp-json\/wp\/v2\/categories?post=18317"},{"taxonomy":"post_tag","embeddable":true,"href":"https:\/\/blogs.correiobraziliense.com.br\/vicente\/wp-json\/wp\/v2\/tags?post=18317"}],"curies":[{"name":"wp","href":"https:\/\/api.w.org\/{rel}","templated":true}]}}